{"id":361991,"date":"2025-08-21T13:55:11","date_gmt":"2025-08-21T13:55:11","guid":{"rendered":"https:\/\/www.europesays.com\/de\/361991\/"},"modified":"2025-08-21T13:55:11","modified_gmt":"2025-08-21T13:55:11","slug":"njuuz-natuerlich-mensch-ein-dialog","status":"publish","type":"post","link":"https:\/\/www.europesays.com\/de\/361991\/","title":{"rendered":"njuuz &#8211; nat\u00fcrlich mensch. Ein Dialog"},"content":{"rendered":"<p>Ausstellung mit Rahmenprogramm zum Verh\u00e4ltnis Mensch &#8211; Natur &#8211; Urbaner Raum vom 26.09 bis 19.10.2025 an drei Standorten in Wuppertal (KuKuNa &#8211; Hebeb\u00fchne &#8211; Utopiastadt) <\/p>\n<p><img fetchpriority=\"high\" decoding=\"async\" class=\"aligncenter size-medium wp-image-98430\" src=\"https:\/\/www.europesays.com\/de\/wp-content\/uploads\/2025\/08\/natuerlich-mensch-240x300.png\" alt=\"\" width=\"240\" height=\"300\"\/><\/p>\n<p>\u00a0<\/p>\n<p><b>na\u00fcrlich mensch<\/b>\u00a0<\/p>\n<p><b>Ein Dialog- und Kunstprojekt<\/b>\u00a0<\/p>\n<p>Die Natur-Mensch-Beziehung ist Teil der Menschheits- und \u00d6kologiegeschichte und kreist immer um die Frage, in welchem Verh\u00e4ltnis sich der Mensch zur Natur sieht und positioniert. Angesichts globaler sozial-\u00f6kologischer Herausforderungen wie dem Klimawandel und dem Verlust biologischer Vielfalt ist diese Frage von zentraler Bedeutung: Sieht der Mensch sich in einem Machtverh\u00e4ltnis zur Natur, in dem er sich als Beherrscher begreift? Wie deuten wir vor diesem Hintergrund den biblischen Sch\u00f6pfungsbericht, der wirkungsgeschichtlich in den Auftrag m\u00fcndet, die Erde zu unterwerfen? Unsere Perspektive \u00e4ndert sich, wenn wir den Menschen als Teil der nicht-menschlichen Natur \u2013 als Teil der Sch\u00f6pfung sehen. \u00c4ndert dies auch unsere Haltung und unsere ethische Praxis?\u00a0<\/p>\n<p>Das Dialog- und Kunstprojekt \u00bbnat\u00fcrlich mensch\u00ab setzt den Fokus auf die Beziehung zwischen der Natur und dem Menschen im urbanen Raum. F\u00fcnf K\u00fcnstler*innen \u2013 <strong>Georg Janthur<\/strong>, <strong>Charlotte Perrin<\/strong>, <strong>Mira Sasse<\/strong>, <strong>Diemut Schilling<\/strong> und <strong>Daniela Werth<\/strong> \u2013 haben sich seit dem Fr\u00fchjahr 2025 mit diesem Themenfeld auseinandergesetzt und pr\u00e4sentieren ihre Werke vom 26. September bis zum 19. Oktober im KuKuNa-Atelier des Caritasverbandes direkt an der Wupper und in Utopiastadt an der Trasse. \u00a0<\/p>\n<p>Die Ausstellung \u00bbnat\u00fcrlich mensch\u00ab begibt sich in den Dialog zum urbanen Raum und schafft so kreative Gestaltungs- und Reflexionsr\u00e4ume. In Auseinandersetzung mit dem Rahmenprogramm hinterfragt sie herk\u00f6mmliche Narrative und l\u00e4dt zu neuen Denkr\u00e4umen und die Entwicklung neuer Handlungsperspektiven ein.\u00a0<\/p>\n<p>nat\u00fcrlich mensch \u2013 wir freuen uns auf Sie!<\/p>\n<p>Weiterf\u00fchrende Hinweise und das gesamte Programm zu \u00bbnat\u00fcrlich mensch\u00ab finden Sie <a href=\"https:\/\/bildung.erzbistum-koeln.de\/bw-wuppertal-solingen-remscheid\/natuerlich-mensch\/\" rel=\"nofollow noopener\" target=\"_blank\">hier auf unserer Homepage<\/a>.<\/p>\n<p>\u00a0<\/p>\n<p>Das Dialog- und Kunstprojekt ist eine Veranstaltung des Bildungswerks der Erzdi\u00f6zese K\u00f6ln e.V. und dem Fachbereich Sch\u00f6pfungsverantwortung des Erzbistums K\u00f6ln in Kooperation mit Utopiastadt und dem Caritasverband Wuppertal\/Solingen e.V.<\/p>\n<p>\u00a0<\/p>\n","protected":false},"excerpt":{"rendered":"Ausstellung mit Rahmenprogramm zum Verh\u00e4ltnis Mensch &#8211; Natur &#8211; Urbaner Raum vom 26.09 bis 19.10.2025 an drei Standorten&hellip;\n","protected":false},"author":2,"featured_media":361992,"comment_status":"","ping_status":"","sticky":false,"template":"","format":"standard","meta":{"footnotes":""},"categories":[1840],"tags":[3364,29,30,1209,4418],"class_list":{"0":"post-361991","1":"post","2":"type-post","3":"status-publish","4":"format-standard","5":"has-post-thumbnail","7":"category-wuppertal","8":"tag-de","9":"tag-deutschland","10":"tag-germany","11":"tag-nordrhein-westfalen","12":"tag-wuppertal"},"share_on_mastodon":{"url":"https:\/\/pubeurope.com\/@de\/115067101057823355","error":""},"_links":{"self":[{"href":"https:\/\/www.europesays.com\/de\/wp-json\/wp\/v2\/posts\/361991","targetHints":{"allow":["GET"]}}],"collection":[{"href":"https:\/\/www.europesays.com\/de\/wp-json\/wp\/v2\/posts"}],"about":[{"href":"https:\/\/www.europesays.com\/de\/wp-json\/wp\/v2\/types\/post"}],"author":[{"embeddable":true,"href":"https:\/\/www.europesays.com\/de\/wp-json\/wp\/v2\/users\/2"}],"replies":[{"embeddable":true,"href":"https:\/\/www.europesays.com\/de\/wp-json\/wp\/v2\/comments?post=361991"}],"version-history":[{"count":0,"href":"https:\/\/www.europesays.com\/de\/wp-json\/wp\/v2\/posts\/361991\/revisions"}],"wp:featuredmedia":[{"embeddable":true,"href":"https:\/\/www.europesays.com\/de\/wp-json\/wp\/v2\/media\/361992"}],"wp:attachment":[{"href":"https:\/\/www.europesays.com\/de\/wp-json\/wp\/v2\/media?parent=361991"}],"wp:term":[{"taxonomy":"category","embeddable":true,"href":"https:\/\/www.europesays.com\/de\/wp-json\/wp\/v2\/categories?post=361991"},{"taxonomy":"post_tag","embeddable":true,"href":"https:\/\/www.europesays.com\/de\/wp-json\/wp\/v2\/tags?post=361991"}],"curies":[{"name":"wp","href":"https:\/\/api.w.org\/{rel}","templated":true}]}}