{"id":362051,"date":"2025-08-21T14:25:13","date_gmt":"2025-08-21T14:25:13","guid":{"rendered":"https:\/\/www.europesays.com\/de\/362051\/"},"modified":"2025-08-21T14:25:13","modified_gmt":"2025-08-21T14:25:13","slug":"26-jaehriger-verletzt-zugpersonal-reisende-und-polizisten-%c2%b7-leipziger-zeitung","status":"publish","type":"post","link":"https:\/\/www.europesays.com\/de\/362051\/","title":{"rendered":"26-J\u00e4hriger verletzt Zugpersonal, Reisende und Polizisten \u00b7 Leipziger Zeitung"},"content":{"rendered":"<p>Gestern Abend gegen 19 Uhr bep\u00f6belte ein 26-j\u00e4hriger T\u00fcrke, mit heruntergelassener Hose, die Reisenden im Regionalexpress von Chemnitz nach Leipzig. Als er vom Zugpersonal aufgefordert wurde sich wieder anzuziehen, griff er dieses sofort an und schlug auf die Zugbegleiterin ein, dabei verletzte er sie am Kopf. Auch ein zu Hilfe eilender Reisender wurde von ihm angegriffen und an der Hand verletzt.<\/p>\n<p>Da bereits die Bundespolizei Leipzig und der Rettungsdienst angefordert wurden, blieb der Regionalexpress am Bahnhof Geithain stehen. Die Bundespolizei bat das Polizeirevier Borna um Unterst\u00fctzung. Gegen\u00fcber den Beamten der Landespolizei reagierte der T\u00fcrke sofort aggressiv und leistete massiven Widerstand. Zudem schlug er auf die Polizisten ein. Dabei wurde eine Beamtin leicht im Gesicht verletzt und ein Beamter erlitt eine Kopfplatzwunde.<\/p>\n<p>Erst mit weiteren eingetroffenen Einsatzkr\u00e4ften, konnte der 26-J\u00e4hrige \u00fcberw\u00e4ltigt und festgenommen werden.<\/p>\n<p>Die Zugbegleiterin und der verletzte Polizeibeamte wurden vom Rettungsdienst zur medizinischen Versorgung ins Krankenhaus gebracht. Die anderen Verletzten wurden noch am Bahnhof Geithain behandelt.<\/p>\n<p>Die Bundes- und die Landespolizei ermitteln nun gegen den wegen K\u00f6rperverletzung, t\u00e4tlichen Angriffs und Widerstand gegen Vollstreckungsbeamte.<\/p>\n","protected":false},"excerpt":{"rendered":"Gestern Abend gegen 19 Uhr bep\u00f6belte ein 26-j\u00e4hriger T\u00fcrke, mit heruntergelassener Hose, die Reisenden im Regionalexpress von Chemnitz&hellip;\n","protected":false},"author":2,"featured_media":9458,"comment_status":"","ping_status":"","sticky":false,"template":"","format":"standard","meta":{"footnotes":""},"categories":[1832],"tags":[421,3364,29,30,71,121,859],"class_list":{"0":"post-362051","1":"post","2":"type-post","3":"status-publish","4":"format-standard","5":"has-post-thumbnail","7":"category-leipzig","8":"tag-bundespolizei","9":"tag-de","10":"tag-deutschland","11":"tag-germany","12":"tag-leipzig","13":"tag-polizei","14":"tag-sachsen"},"share_on_mastodon":{"url":"https:\/\/pubeurope.com\/@de\/115067222686573558","error":""},"_links":{"self":[{"href":"https:\/\/www.europesays.com\/de\/wp-json\/wp\/v2\/posts\/362051","targetHints":{"allow":["GET"]}}],"collection":[{"href":"https:\/\/www.europesays.com\/de\/wp-json\/wp\/v2\/posts"}],"about":[{"href":"https:\/\/www.europesays.com\/de\/wp-json\/wp\/v2\/types\/post"}],"author":[{"embeddable":true,"href":"https:\/\/www.europesays.com\/de\/wp-json\/wp\/v2\/users\/2"}],"replies":[{"embeddable":true,"href":"https:\/\/www.europesays.com\/de\/wp-json\/wp\/v2\/comments?post=362051"}],"version-history":[{"count":0,"href":"https:\/\/www.europesays.com\/de\/wp-json\/wp\/v2\/posts\/362051\/revisions"}],"wp:featuredmedia":[{"embeddable":true,"href":"https:\/\/www.europesays.com\/de\/wp-json\/wp\/v2\/media\/9458"}],"wp:attachment":[{"href":"https:\/\/www.europesays.com\/de\/wp-json\/wp\/v2\/media?parent=362051"}],"wp:term":[{"taxonomy":"category","embeddable":true,"href":"https:\/\/www.europesays.com\/de\/wp-json\/wp\/v2\/categories?post=362051"},{"taxonomy":"post_tag","embeddable":true,"href":"https:\/\/www.europesays.com\/de\/wp-json\/wp\/v2\/tags?post=362051"}],"curies":[{"name":"wp","href":"https:\/\/api.w.org\/{rel}","templated":true}]}}