{"id":362101,"date":"2025-08-21T14:52:11","date_gmt":"2025-08-21T14:52:11","guid":{"rendered":"https:\/\/www.europesays.com\/de\/362101\/"},"modified":"2025-08-21T14:52:11","modified_gmt":"2025-08-21T14:52:11","slug":"werder-bremen-sagt-testspiel-nach-einem-tag-wieder-ab","status":"publish","type":"post","link":"https:\/\/www.europesays.com\/de\/362101\/","title":{"rendered":"Werder Bremen sagt Testspiel nach einem Tag wieder ab"},"content":{"rendered":"<ol class=\"id-DonaldBreadcrumb lp_west_breadcrumb id-DonaldBreadcrumb--default\" data-k5a-pos=\"west_breadcrumb\">\n<li class=\"id-Breadcrumb-item\"><a href=\"https:\/\/www.deichstube.de\/\" class=\"id-Breadcrumb-link\" data-id-ec=\"{\" shn=\"\" textlink=\"\" data-k5a-pos=\"1_deichstube\" rel=\"nofollow noopener\" target=\"_blank\">DeichStube<\/a><\/li>\n<li class=\"id-Breadcrumb-item\"><a href=\"https:\/\/www.deichstube.de\/news\/\" class=\"id-Breadcrumb-link\" data-id-ec=\"{\" shn=\"\" textlink=\"\" data-k5a-pos=\"2_news\" rel=\"nofollow noopener\" target=\"_blank\">News<\/a><\/li>\n<\/ol>\n<p class=\"id-Story-timestamp id-Story-timestamp--default\">Stand: 21.08.2025, 15:54 Uhr<\/p>\n<p class=\"id-Story-authors id-Story-authors--default\">Von: <a class=\"id-Story-authors-link lp_west_author\" href=\"https:\/\/www.deichstube.de\/autor\/bjarne-voigt-lmc197iu5.html\" title=\"Zur Autorenseite von Bjarne Voigt\" data-id-ec=\"{\" shn=\"\" author-link=\"\" voigt=\"\" data-k5a-pos=\"west_author\" rel=\"nofollow noopener\" target=\"_blank\">Bjarne Voigt<\/a><\/p>\n<p class=\"id-Story-interactionBar id-Story-interactionBar--default\">DruckenTeilen<\/p>\n<p class=\"id-StoryElement-leadText\">Erst am Mittwoch wurde bekannt, dass Werder Bremen ein Testspiel gegen Preu\u00dfen M\u00fcnster bestreitet &#8211; einen Tag sp\u00e4ter wurde die Partie wieder abgesagt!<\/p>\n<p class=\"id-StoryElement-paragraph\"><strong>Update vom 21. August, 15.50 Uhr: <\/strong>Jetzt hat es auch der<strong> SV Werder Bremen<\/strong> offiziell verk\u00fcndet: Das f\u00fcr Freitag, den 5. September angesetzte Testspiel gegen Preu\u00dfen M\u00fcnster findet nicht statt, weil den Gr\u00fcn-Wei\u00dfen wegen zahlreicher Nominierungen f\u00fcr die Nationalmannschaften sowie Verletzungen nicht gen\u00fcgend Spieler zur Verf\u00fcgung stehen. \u201eWir h\u00e4tten das Spiel gerne wie geplant durchgef\u00fchrt, ein sinnvoller Test w\u00e4re so aber leider nicht m\u00f6glich gewesen\u201c, erkl\u00e4rt Werders Gesch\u00e4ftsf\u00fchrer Fu\u00dfball Clemens Fritz. \u201eWir bedanken uns bei Preu\u00dfen M\u00fcnster und beim VfL Oldenburg als Veranstalter f\u00fcr das Verst\u00e4ndnis und hoffen auf eine zuk\u00fcnftige Gelegenheit, die Partie im Oldenburger Marschwegstadion nachzuholen.\u201c<\/p>\n<p class=\"id-StoryElement-paragraph\">Bremen\u00a0\u2013 Das kommt \u00fcberraschend: Nachdem der <a href=\"https:\/\/www.deichstube.de\/news\/werder-bremen-bestreitet-testspiel-waehrend-der-laenderspielpause-alle-infos-zum-gegner-bundesliga-preussen-muenster-oldenbrug-zr-93892161.html\" class=\"id-import-Link\" data-id-ec=\"{&quot;sht&quot;:&quot;Container&quot;,&quot;shn&quot;:&quot;Story&quot;,&quot;p&quot;:{&quot;containerType&quot;:&quot;Paragraph&quot;,&quot;displayType&quot;:&quot;Paragraph InlineLink&quot;,&quot;type&quot;:&quot;INLINE_LINK&quot;,&quot;value&quot;:&quot;SV Werder Bremen erst am Mittwoch angek&#xFC;ndigt hatte, in der anstehenden L&#xE4;nderspielpause Anfang September ein Testspiel gegen Zweitligist Preu&#xDF;en M&#xFC;nster auszutragen&quot;,&quot;variant&quot;:&quot;standardLink&quot;,&quot;sponsored&quot;:false,&quot;linkHref&quot;:&quot;https:\/\/www.deichstube.de\/news\/werder-bremen-bestreitet-testspiel-waehrend-der-laenderspielpause-alle-infos-zum-gegner-bundesliga-preussen-muenster-oldenbrug-zr-93892161.html&quot;,&quot;storyElementPosition&quot;:10,&quot;storyElementCount&quot;:14}}\" rel=\"nofollow noopener\" target=\"_blank\"><strong>SV Werder Bremen<\/strong> erst am Mittwoch angek\u00fcndigt hatte, in der anstehenden L\u00e4nderspielpause Anfang September ein Testspiel gegen Zweitligist <strong>Preu\u00dfen M\u00fcnster <\/strong>auszutragen<\/a>, findet diese Begegnung nach Informationen der \u201eNordwest-Zeitung\u201c nun doch nicht statt. Grund ist die angespannte Personallage bei den Gr\u00fcn-Wei\u00dfen: Durch Verletzungen und bevorstehende Nationalmannschaftsabstellungen stehen Werder demnach nicht gen\u00fcgend Spieler zur Verf\u00fcgung. Der Verein selbst hat die Absage zwar noch nicht offiziell ver\u00f6ffentlicht, den Bericht auf Nachfrage der <strong>DeichStube <\/strong>allerdings best\u00e4tigt.<\/p>\n<p><img decoding=\"async\" class=\"id-RatioPlaceholder-element wv_story_el_image\" src=\"https:\/\/www.europesays.com\/de\/wp-content\/uploads\/2025\/08\/39401828-vor-einem-jahr-trafen-der-sv-werder-bremen-und-preussen-muenster-schon-ein-mal-in-einem-tes.jpeg\" loading=\"lazy\"   height=\"733\" width=\"1100\" alt=\"Vor einem Jahr trafen der SV Werder Bremen und Preu&#xDF;en M&#xFC;nster schon ein mal in einem Testspiel aufeinander - damals siegte der Zweitligist knapp. (Archivbild)\"\/>Vor einem Jahr trafen der SV Werder Bremen und Preu\u00dfen M\u00fcnster schon ein mal in einem Testspiel aufeinander &#8211; damals siegte der Zweitligist knapp. (Archivbild) \u00a9\u00a0gumzmediaTestspiel zwischen Werder Bremen und Preu\u00dfen M\u00fcnster sollte im Oldenburger Marschwegstadion ausgetragen werden<\/p>\n<p class=\"id-StoryElement-paragraph\">Die Partie sollte urspr\u00fcnglich im Oldenburger Marschwegstadion stattfinden. \u201eDas ist nat\u00fcrlich sehr, sehr schade\u201c, sagt <strong>Rainer Bartels<\/strong>, Ehrenpr\u00e4sident des VfL Oldenburg, am Donnerstagvormittag zur Absage. Der bereits begonnene Ticketverkauf wurde gestoppt. \u201eAlle, die schon Karten erworben haben, bekommen ihr Geld zur\u00fcck\u201c, so Bartels, der betont: \u201eDie Absage ist besonders schade f\u00fcr die Oldenburger Fans, die dieses Highlight sehr gut angenommen haben.\u201c Die Einnahmen aus der Partie zwischen <strong>Werder Bremen<\/strong> und <strong>Preu\u00dfen M\u00fcnster <\/strong>sollten vor allem dem Landesligisten <strong>VfL Oldenburg<\/strong> zugutekommen. Dort hofft man nun, dass der Bundesligist in einer sp\u00e4teren L\u00e4nderspielpause doch noch zu Gast sein wird. \u201eWir hoffen, dass Werder in der n\u00e4chsten L\u00e4nderspielpause die Zeit und die M\u00f6glichkeit findet, ein solches Spiel in Oldenburg nachzuholen\u201c, erkl\u00e4rt Bartels. (bvo)<\/p>\n","protected":false},"excerpt":{"rendered":"DeichStube News Stand: 21.08.2025, 15:54 Uhr Von: Bjarne Voigt DruckenTeilen Erst am Mittwoch wurde bekannt, dass Werder Bremen&hellip;\n","protected":false},"author":2,"featured_media":362102,"comment_status":"","ping_status":"","sticky":false,"template":"","format":"standard","meta":{"footnotes":""},"categories":[136],"tags":[29,30,265],"class_list":{"0":"post-362101","1":"post","2":"type-post","3":"status-publish","4":"format-standard","5":"has-post-thumbnail","7":"category-sport","8":"tag-deutschland","9":"tag-germany","10":"tag-sport"},"share_on_mastodon":{"url":"https:\/\/pubeurope.com\/@de\/115067325381893350","error":""},"_links":{"self":[{"href":"https:\/\/www.europesays.com\/de\/wp-json\/wp\/v2\/posts\/362101","targetHints":{"allow":["GET"]}}],"collection":[{"href":"https:\/\/www.europesays.com\/de\/wp-json\/wp\/v2\/posts"}],"about":[{"href":"https:\/\/www.europesays.com\/de\/wp-json\/wp\/v2\/types\/post"}],"author":[{"embeddable":true,"href":"https:\/\/www.europesays.com\/de\/wp-json\/wp\/v2\/users\/2"}],"replies":[{"embeddable":true,"href":"https:\/\/www.europesays.com\/de\/wp-json\/wp\/v2\/comments?post=362101"}],"version-history":[{"count":0,"href":"https:\/\/www.europesays.com\/de\/wp-json\/wp\/v2\/posts\/362101\/revisions"}],"wp:featuredmedia":[{"embeddable":true,"href":"https:\/\/www.europesays.com\/de\/wp-json\/wp\/v2\/media\/362102"}],"wp:attachment":[{"href":"https:\/\/www.europesays.com\/de\/wp-json\/wp\/v2\/media?parent=362101"}],"wp:term":[{"taxonomy":"category","embeddable":true,"href":"https:\/\/www.europesays.com\/de\/wp-json\/wp\/v2\/categories?post=362101"},{"taxonomy":"post_tag","embeddable":true,"href":"https:\/\/www.europesays.com\/de\/wp-json\/wp\/v2\/tags?post=362101"}],"curies":[{"name":"wp","href":"https:\/\/api.w.org\/{rel}","templated":true}]}}