{"id":362119,"date":"2025-08-21T15:01:11","date_gmt":"2025-08-21T15:01:11","guid":{"rendered":"https:\/\/www.europesays.com\/de\/362119\/"},"modified":"2025-08-21T15:01:11","modified_gmt":"2025-08-21T15:01:11","slug":"festnahme-in-kiel-nach-versuchtem-einbruch-in-restaurant","status":"publish","type":"post","link":"https:\/\/www.europesays.com\/de\/362119\/","title":{"rendered":"Festnahme in Kiel nach versuchtem Einbruch in Restaurant"},"content":{"rendered":"<p>Alarm an der H\u00f6rn<\/p>\n<p>Versuchter Einbruch in Kieler Restaurant: 30-J\u00e4hriger in Untersuchungshaft<\/p>\n<p>Anh\u00f6renApp \u00f6ffnen<\/p>\n<p class=\"Textstyled__Text-sc-1cqv9mi-0 cLyiiX ArticleHeadstyled__ArticleSubHeadline-sc-tdzyy5-11 fXdZot\">Nach einem Einbruchsversuch in ein Restaurant in Kiel hat die Polizei am Dienstag einen Mann festgenommen. Der Haftrichter ordnete Untersuchungshaft an.<\/p>\n<p class=\"Textstyled__Text-sc-1cqv9mi-0 cLyiiX\">Kiel. Alarm an der Kieler H\u00f6rn: Ein 30-J\u00e4hriger hat am Dienstagabend versucht, in ein Restaurant in Kiel einzubrechen. Aufmerksame Polizeikr\u00e4fte nahmen den Mann fest. Das teilten Polizei und Staatsanwaltschaft am Donnerstag mit. <\/p>\n<p>Weiterlesen nach der Anzeige<\/p>\n<p>Weiterlesen nach der Anzeige<\/p>\n<p class=\"Textstyled__Text-sc-1cqv9mi-0 cLyiiX\">Zivilkr\u00e4fte des zweiten Reviers hatten demnach am Dienstag gegen 23.30 Uhr einen Verd\u00e4chtigen im Bereich der Hornbr\u00fccke beobachtet. Er habe sich vor Restaurants auff\u00e4llig verhalten und damit die Aufmerksamkeit der Polizisten geweckt. Kurz darauf sei in einem der Lokale der Alarm ausgel\u00f6st worden.<\/p>\n<p class=\"Textstyled__Text-sc-1cqv9mi-0 cLyiiX\">Als eine Sirene ert\u00f6nte, sei der Mann in Richtung Hauptbahnhof in <a href=\"https:\/\/www.kn-online.de\/themen\/kiel\/\" target=\"_self\" rel=\"nofollow noopener\" title=\"https:\/\/www.kn-online.de\/themen\/kiel\/\" data-vars-event-category=\"intext_link\" data-vars-event-action=\"click\" data-vars-event-label=\"https:\/\/www.kn-online.de\/themen\/kiel\/\">Kiel<\/a> gefl\u00fcchtet. An der Kaistra\u00dfe sei der 30-J\u00e4hrige von den Beamten gestoppt und festgenommen worden. <\/p>\n<p class=\"Textstyled__Text-sc-1cqv9mi-0 cLyiiX\">Die Einsatzkr\u00e4fte stellten laut Polizei am Geb\u00e4ude des Restaurants frische Aufbruchsspuren fest. Die <a href=\"https:\/\/www.kn-online.de\/themen\/kiel-polizei\/\" target=\"_self\" rel=\"nofollow noopener\" title=\"https:\/\/www.kn-online.de\/themen\/kiel-polizei\/\" data-vars-event-category=\"intext_link\" data-vars-event-action=\"click\" data-vars-event-label=\"https:\/\/www.kn-online.de\/themen\/kiel-polizei\/\">Polizei Kiel<\/a> leitete ein Verfahren wegen versuchten <a href=\"https:\/\/www.kn-online.de\/themen\/Einbruch\/\" target=\"_self\" rel=\"nofollow noopener\" title=\"https:\/\/www.kn-online.de\/themen\/Einbruch\/\" data-vars-event-category=\"intext_link\" data-vars-event-action=\"click\" data-vars-event-label=\"https:\/\/www.kn-online.de\/themen\/Einbruch\/\">Einbruch<\/a>s ein.<\/p>\n<p>Weiterlesen nach der Anzeige<\/p>\n<p>Weiterlesen nach der Anzeige<\/p>\n<p>Festnahme in Kiel: Mutma\u00dflicher Restaurant-Einbrecher gefasst<\/p>\n<p class=\"Textstyled__Text-sc-1cqv9mi-0 cLyiiX\">Der 30-j\u00e4hrige Mann aus dem Iran soll demnach in der Vergangenheit mehrfach wegen Einbr\u00fcchen aufgefallen sein und deshalb bereits eine Haftstrafe verb\u00fc\u00dft haben. Deshalb sei der Iraner auf Antrag der <a href=\"https:\/\/www.kn-online.de\/themen\/Staatsanwaltschaft\/\" target=\"_self\" rel=\"nofollow noopener\" title=\"https:\/\/www.kn-online.de\/themen\/Staatsanwaltschaft\/\" data-vars-event-category=\"intext_link\" data-vars-event-action=\"click\" data-vars-event-label=\"https:\/\/www.kn-online.de\/themen\/Staatsanwaltschaft\/\">Staatsanwaltschaft<\/a> Kiel am Mittwoch einem Haftrichter vorgef\u00fchrt worden. Dieser habe eine Untersuchungshaft angeordnet. Der Tatverd\u00e4chtige sei in eine Justizvollzugsanstalt gebracht worden. <\/p>\n<p class=\"Textstyled__Text-sc-1cqv9mi-0 cLyiiX\">Die Ermittler pr\u00fcfen derzeit, ob der Mann auch f\u00fcr weitere Einbr\u00fcche in der j\u00fcngeren Vergangenheit verantwortlich sein k\u00f6nnte. Die Kriminalpolizei hat Ermittlungen aufgenommen. <\/p>\n<p class=\"Editorialstyled__Editorial-sc-5u8rgl-0 cBUuy\">KN<\/p>\n","protected":false},"excerpt":{"rendered":"Alarm an der H\u00f6rn Versuchter Einbruch in Kieler Restaurant: 30-J\u00e4hriger in Untersuchungshaft Anh\u00f6renApp \u00f6ffnen Nach einem Einbruchsversuch in&hellip;\n","protected":false},"author":2,"featured_media":362120,"comment_status":"","ping_status":"","sticky":false,"template":"","format":"standard","meta":{"footnotes":""},"categories":[1852],"tags":[3364,29,548,663,3934,30,13,4949,14,15,12,1971],"class_list":{"0":"post-362119","1":"post","2":"type-post","3":"status-publish","4":"format-standard","5":"has-post-thumbnail","7":"category-kiel","8":"tag-de","9":"tag-deutschland","10":"tag-eu","11":"tag-europa","12":"tag-europe","13":"tag-germany","14":"tag-headlines","15":"tag-kiel","16":"tag-nachrichten","17":"tag-news","18":"tag-schlagzeilen","19":"tag-schleswig-holstein"},"share_on_mastodon":{"url":"https:\/\/pubeurope.com\/@de\/115067360565627341","error":""},"_links":{"self":[{"href":"https:\/\/www.europesays.com\/de\/wp-json\/wp\/v2\/posts\/362119","targetHints":{"allow":["GET"]}}],"collection":[{"href":"https:\/\/www.europesays.com\/de\/wp-json\/wp\/v2\/posts"}],"about":[{"href":"https:\/\/www.europesays.com\/de\/wp-json\/wp\/v2\/types\/post"}],"author":[{"embeddable":true,"href":"https:\/\/www.europesays.com\/de\/wp-json\/wp\/v2\/users\/2"}],"replies":[{"embeddable":true,"href":"https:\/\/www.europesays.com\/de\/wp-json\/wp\/v2\/comments?post=362119"}],"version-history":[{"count":0,"href":"https:\/\/www.europesays.com\/de\/wp-json\/wp\/v2\/posts\/362119\/revisions"}],"wp:featuredmedia":[{"embeddable":true,"href":"https:\/\/www.europesays.com\/de\/wp-json\/wp\/v2\/media\/362120"}],"wp:attachment":[{"href":"https:\/\/www.europesays.com\/de\/wp-json\/wp\/v2\/media?parent=362119"}],"wp:term":[{"taxonomy":"category","embeddable":true,"href":"https:\/\/www.europesays.com\/de\/wp-json\/wp\/v2\/categories?post=362119"},{"taxonomy":"post_tag","embeddable":true,"href":"https:\/\/www.europesays.com\/de\/wp-json\/wp\/v2\/tags?post=362119"}],"curies":[{"name":"wp","href":"https:\/\/api.w.org\/{rel}","templated":true}]}}