{"id":362246,"date":"2025-08-21T16:09:13","date_gmt":"2025-08-21T16:09:13","guid":{"rendered":"https:\/\/www.europesays.com\/de\/362246\/"},"modified":"2025-08-21T16:09:13","modified_gmt":"2025-08-21T16:09:13","slug":"taylor-swift-the-life-of-a-showgirl-sorgt-fuer-besonderen-ansturm","status":"publish","type":"post","link":"https:\/\/www.europesays.com\/de\/362246\/","title":{"rendered":"Taylor Swift: &#8222;The Life of a Showgirl&#8220; sorgt f\u00fcr besonderen Ansturm"},"content":{"rendered":"<p>Taylor Swift<br \/>\n&#8222;The Life of a Showgirl&#8220; sorgt schon jetzt f\u00fcr Ansturm <\/p>\n<p><img class=\"image image-element__image\"   src=\"https:\/\/www.europesays.com\/de\/wp-content\/uploads\/2025\/08\/taylor-swift.jpg\" alt=\"Taylor Swift\" decoding=\"async\" fetchpriority=\"high\" loading=\"eager\"\/><br \/>\n<a href=\"https:\/\/image.gala.de\/24439114\/t\/ll\/v3\/w2048\/r1.5\/-\/taylor-swift.jpg#Kevin%20Winter%20%2F%20TAS24%20%2F%20Getty%20Images\" class=\"image__magnifier\" aria-label=\"Vergr\u00f6\u00dfern\" rel=\"nofollow noopener\" target=\"_blank\"><\/p>\n<p>\u00a9 Kevin Winter \/ TAS24 \/ Getty Images<\/p>\n<p>\nTaylor Swift hat k\u00fcrzlich ihr neues Album &#8222;The Life of a Showgirl&#8220; angek\u00fcndigt und aktuell gibt es einen neu entbrannten Hype auf ihre Musik. <\/p>\n<p class=\"text-element u-richtext u-typo u-typo--article-text article__text-element text-element--context-article\"> Sie wei\u00df genau, wie sie einen Ansturm ausl\u00f6sen muss! Mit der Ank\u00fcndigung ihres zw\u00f6lften Studioalbums &#8222;The Life of a Showgirl&#8220; hat Taylor Swift zahlreiche Schlagzeilen verursacht und nun erlebt ihr Musikkatalaog einen neuen Aufschwung.<\/p>\n<p>Perfekt durchdacht und aufgef\u00fchrt<\/p>\n<p class=\"text-element u-richtext u-typo u-typo--article-text article__text-element text-element--context-article\"> Swift inszenierte die Enth\u00fcllung in bester Pop-Dramaturgie: Zun\u00e4chst deutete sie in den sozialen Medien eine neue &#8222;Era&#8220; an, gleichzeitig verk\u00fcndete ihr Freund <a class=\"\" data-target-type=\"article\" href=\"https:\/\/www.gala.de\/stars\/news\/themen\/travis-kelce-23918250.html\" target=\"_self\" rel=\"nofollow noopener\">Travis Kelce<\/a>, 35, einen \u00dcberraschungsgast in seinem Podcast &#8222;New Heights&#8220;.<\/p>\n<p class=\"text-element u-richtext u-typo u-typo--article-text article__text-element text-element--context-article\"> Am 12. August folgte dort dann die gro\u00dfe Enth\u00fcllung: In einem zwei Stunden langen Gespr\u00e4ch mit dem Footballstar und dessen Bruder Jason Kelce, 37, gab Swift bekannt, dass sie im Oktober ihr neues Album &#8222;The Life of a Showgirl&#8220; ver\u00f6ffentlichen wird.<\/p>\n<p>Taylor Swifts &#8222;alte&#8220; Musik bekommt neuen Aufschwung \u2013\u00a0auch wegen TV-Serie<\/p>\n<p class=\"text-element u-richtext u-typo u-typo--article-text article__text-element text-element--context-article\"> Die Strategie ging auf. W\u00e4hrend Swifties nun bis zum 3. Oktober auf das Album warten m\u00fcssen, st\u00fcrzten sie sich sofort auf den bisherigen Musikkatalog des Popstars. Laut &#8222;Billboard&#8220; verzeichneten ihre Songs in den USA zwischen dem 12. und 14. August fast 110 Millionen On-Demand-Streams \u2013 ein Plus von 57 Prozent im Vergleich zum Zeitraum unmittelbar vor der Podcast-Ank\u00fcndigung.<\/p>\n<p><img class=\"image teaser__image\"   src=\"https:\/\/www.europesays.com\/de\/wp-content\/uploads\/2025\/08\/14--zwoelftes-studioalbum-erscheint-im-oktober---1-1---spoton-article-1109440.jpg\" alt=\"Taylor Swifts zw\u00f6lftes Studioalbum &quot;The Life of a Showgirl&quot; erscheint am 3. Oktober.\" decoding=\"async\" fetchpriority=\"auto\" loading=\"lazy\"\/><\/p>\n<p><a href=\"https:\/\/www.gala.de\/lifestyle\/film-tv-musik\/taylor-swift--neue-aera-startet--sie-zeigt-ihr-12--album----mit-imagewechsel-24435188.html\" class=\"teaser__link js-embedded-teaser teaser__link--overlay\" rel=\"nofollow noopener\" target=\"_blank\"><br \/>\nTaylor Swift<br \/>\nDie neue \u00c4ra beginnt! Sie pr\u00e4sentiert ihr 12. Album<br \/>\n<\/a> <\/p>\n<p class=\"text-element u-richtext u-typo u-typo--article-text article__text-element text-element--context-article\"> Einen besonderen Aufschwung erlebte demnach der Track &#8222;False God&#8220; aus dem Album &#8222;Lover&#8220; (2019). Grund daf\u00fcr d\u00fcrfte aber vor allem sein, dass der Song am 13. August in der neuen Episode der Amazon-Prime-Serie &#8222;The Summer I Turned Pretty&#8220; gespielt wurde. Laut der Musik-Seite stieg die Zahl der Abrufe von &#8222;False God&#8220; zwischen dem 13. und 15. August mit 1,2 Millionen Streams und damit um ganze 383 Prozent im Vergleich zum Wochenende davor.<\/p>\n<p class=\"text-element u-richtext u-typo u-typo--article-text article__text-element text-element--context-article\"> Die Vorfreude auf &#8222;The Life of a Showgirl&#8220; zeichnet sich auch in den Pre-Orders ab: Das Album ist aktuell nach <a class=\"\" data-target-type=\"article\" href=\"https:\/\/www.gala.de\/themen\/sabrina-carpenter-22834380.html\" target=\"_self\" rel=\"nofollow noopener\">Sabrina Carpenters<\/a>, 26, &#8222;Man&#8217;s Best Friend&#8220; das Album mit den meisten Vorbestellungen auf Spotify. Unter den zw\u00f6lf Tracks ist auch eine Kollaboration der beiden Pops\u00e4ngerinnen.<\/p>\n<p class=\"text-element u-richtext u-typo u-typo--article-text article__text-element text-element--context-article\"> Verwendete Quellen: instagram.com, billboard.com<\/p>\n<p>\nSpotOnNews\n<\/p>\n<p>#Themen<\/p>\n<p><script async src=\"\/\/www.instagram.com\/embed.js\"><\/script><\/p>\n","protected":false},"excerpt":{"rendered":"Taylor Swift &#8222;The Life of a Showgirl&#8220; sorgt schon jetzt f\u00fcr Ansturm \u00a9 Kevin Winter \/ TAS24 \/&hellip;\n","protected":false},"author":2,"featured_media":362247,"comment_status":"","ping_status":"","sticky":false,"template":"","format":"standard","meta":{"footnotes":""},"categories":[1772],"tags":[29,214,30,1779,810,215],"class_list":{"0":"post-362246","1":"post","2":"type-post","3":"status-publish","4":"format-standard","5":"has-post-thumbnail","7":"category-musik","8":"tag-deutschland","9":"tag-entertainment","10":"tag-germany","11":"tag-music","12":"tag-musik","13":"tag-unterhaltung"},"share_on_mastodon":{"url":"https:\/\/pubeurope.com\/@de\/115067628108751827","error":""},"_links":{"self":[{"href":"https:\/\/www.europesays.com\/de\/wp-json\/wp\/v2\/posts\/362246","targetHints":{"allow":["GET"]}}],"collection":[{"href":"https:\/\/www.europesays.com\/de\/wp-json\/wp\/v2\/posts"}],"about":[{"href":"https:\/\/www.europesays.com\/de\/wp-json\/wp\/v2\/types\/post"}],"author":[{"embeddable":true,"href":"https:\/\/www.europesays.com\/de\/wp-json\/wp\/v2\/users\/2"}],"replies":[{"embeddable":true,"href":"https:\/\/www.europesays.com\/de\/wp-json\/wp\/v2\/comments?post=362246"}],"version-history":[{"count":0,"href":"https:\/\/www.europesays.com\/de\/wp-json\/wp\/v2\/posts\/362246\/revisions"}],"wp:featuredmedia":[{"embeddable":true,"href":"https:\/\/www.europesays.com\/de\/wp-json\/wp\/v2\/media\/362247"}],"wp:attachment":[{"href":"https:\/\/www.europesays.com\/de\/wp-json\/wp\/v2\/media?parent=362246"}],"wp:term":[{"taxonomy":"category","embeddable":true,"href":"https:\/\/www.europesays.com\/de\/wp-json\/wp\/v2\/categories?post=362246"},{"taxonomy":"post_tag","embeddable":true,"href":"https:\/\/www.europesays.com\/de\/wp-json\/wp\/v2\/tags?post=362246"}],"curies":[{"name":"wp","href":"https:\/\/api.w.org\/{rel}","templated":true}]}}