{"id":362281,"date":"2025-08-21T16:27:10","date_gmt":"2025-08-21T16:27:10","guid":{"rendered":"https:\/\/www.europesays.com\/de\/362281\/"},"modified":"2025-08-21T16:27:10","modified_gmt":"2025-08-21T16:27:10","slug":"aus-fuer-wlan-in-strassenbahnen-und-bussen-in-augsburg","status":"publish","type":"post","link":"https:\/\/www.europesays.com\/de\/362281\/","title":{"rendered":"Aus f\u00fcr WLAN in Stra\u00dfenbahnen und Bussen in Augsburg"},"content":{"rendered":"<p><strong>Die Stadtwerke Augsburg schalten das WLAN in Bussen und Stra\u00dfenbahnen ab. Wie das Augsburger Kommunalunternehmen mitteilt, greife die \u00c4nderung bereits von Freitag an. Ab dann gibt es im Augsburger Nahverkehr kein Fahrgast-WLAN mehr.<\/strong><\/p>\n<p>Als Grund f\u00fcr die Abschaltung nennen die Stadtwerke eine \u201eabnehmende Zahl der Nutzerinnen und Nutzer\u201c. Unter anderem weil Datenvolumen und Netzverf\u00fcgbarkeit von Handyanbietern immer besser w\u00fcrden, sei die Nutzung des Fahrgast-WLANs zur\u00fcckgegangen.<\/p>\n<p>WLAN in Bussen und Stra\u00dfenbahnen hatte es in Augsburg seit 2016 gegeben.<\/p>\n<p style=\"text-align:right;\">az<\/p>\n","protected":false},"excerpt":{"rendered":"Die Stadtwerke Augsburg schalten das WLAN in Bussen und Stra\u00dfenbahnen ab. Wie das Augsburger Kommunalunternehmen mitteilt, greife die&hellip;\n","protected":false},"author":2,"featured_media":362282,"comment_status":"","ping_status":"","sticky":false,"template":"","format":"standard","meta":{"footnotes":""},"categories":[1846],"tags":[680,772,3364,29,548,663,3934,30,13,14,15,12],"class_list":{"0":"post-362281","1":"post","2":"type-post","3":"status-publish","4":"format-standard","5":"has-post-thumbnail","7":"category-augsburg","8":"tag-augsburg","9":"tag-bayern","10":"tag-de","11":"tag-deutschland","12":"tag-eu","13":"tag-europa","14":"tag-europe","15":"tag-germany","16":"tag-headlines","17":"tag-nachrichten","18":"tag-news","19":"tag-schlagzeilen"},"share_on_mastodon":{"url":"https:\/\/pubeurope.com\/@de\/115067698813844928","error":""},"_links":{"self":[{"href":"https:\/\/www.europesays.com\/de\/wp-json\/wp\/v2\/posts\/362281","targetHints":{"allow":["GET"]}}],"collection":[{"href":"https:\/\/www.europesays.com\/de\/wp-json\/wp\/v2\/posts"}],"about":[{"href":"https:\/\/www.europesays.com\/de\/wp-json\/wp\/v2\/types\/post"}],"author":[{"embeddable":true,"href":"https:\/\/www.europesays.com\/de\/wp-json\/wp\/v2\/users\/2"}],"replies":[{"embeddable":true,"href":"https:\/\/www.europesays.com\/de\/wp-json\/wp\/v2\/comments?post=362281"}],"version-history":[{"count":0,"href":"https:\/\/www.europesays.com\/de\/wp-json\/wp\/v2\/posts\/362281\/revisions"}],"wp:featuredmedia":[{"embeddable":true,"href":"https:\/\/www.europesays.com\/de\/wp-json\/wp\/v2\/media\/362282"}],"wp:attachment":[{"href":"https:\/\/www.europesays.com\/de\/wp-json\/wp\/v2\/media?parent=362281"}],"wp:term":[{"taxonomy":"category","embeddable":true,"href":"https:\/\/www.europesays.com\/de\/wp-json\/wp\/v2\/categories?post=362281"},{"taxonomy":"post_tag","embeddable":true,"href":"https:\/\/www.europesays.com\/de\/wp-json\/wp\/v2\/tags?post=362281"}],"curies":[{"name":"wp","href":"https:\/\/api.w.org\/{rel}","templated":true}]}}