{"id":362321,"date":"2025-08-21T16:50:11","date_gmt":"2025-08-21T16:50:11","guid":{"rendered":"https:\/\/www.europesays.com\/de\/362321\/"},"modified":"2025-08-21T16:50:11","modified_gmt":"2025-08-21T16:50:11","slug":"endenich-in-bonn-bauarbeiten-trotz-nachtruhe","status":"publish","type":"post","link":"https:\/\/www.europesays.com\/de\/362321\/","title":{"rendered":"Endenich in Bonn &#8211; Bauarbeiten trotz Nachtruhe"},"content":{"rendered":"<p>          Ordnungsamt in Endenich        Warum an der Frongasse trotz Nachtruhe gebaut werden durfte<\/p>\n<p class=\"text-50 desktop:text-70 park-container-small px-6 mb-10 desktop:mb-14\">Bonn \u00b7 <strong data-cy=\"intro\">Anwohner haben am sp\u00e4ten Mittwochabend das Ordnungsamt gerufen, weil auf einer Baustelle im Herzen von Endenich Beton gegl\u00e4ttet wurde. Nachtarbeit ist aus L\u00e4rmschutzgr\u00fcnden nur bei \u201egewichtigen Gr\u00fcnden\u201c zul\u00e4ssig. Warum hat die Stadt in diesem Fall eine Sondergenehmigung erteilt?<\/strong><\/p>\n<p>                <img class=\"absolute inset-0 w-full h-full object-cover aspect-[16\/10] opacity-0 transition-opacity animated\" onload=\"this.style.opacity = '1';\" src=\"https:\/\/www.europesays.com\/de\/wp-content\/uploads\/2025\/08\/w2100_h1313_x1796_y1187_ga_A__rger_u__ber_na__chtliche_Bauarbeiten_bei_Neubauprojekt_an_der_Frongass.jpeg\"  alt=\"Das Neubauprojekt an der Frongasse in Endenich.\" fetchpriority=\"high\" decoding=\"async\" data-park-image-img=\"\"\/><\/p>\n","protected":false},"excerpt":{"rendered":"Ordnungsamt in Endenich Warum an der Frongasse trotz Nachtruhe gebaut werden durfte Bonn \u00b7 Anwohner haben am sp\u00e4ten&hellip;\n","protected":false},"author":2,"featured_media":362322,"comment_status":"","ping_status":"","sticky":false,"template":"","format":"standard","meta":{"footnotes":""},"categories":[1842],"tags":[1741,3364,29,30,1209],"class_list":{"0":"post-362321","1":"post","2":"type-post","3":"status-publish","4":"format-standard","5":"has-post-thumbnail","7":"category-bonn","8":"tag-bonn","9":"tag-de","10":"tag-deutschland","11":"tag-germany","12":"tag-nordrhein-westfalen"},"share_on_mastodon":{"url":"https:\/\/pubeurope.com\/@de\/115067789274285142","error":""},"_links":{"self":[{"href":"https:\/\/www.europesays.com\/de\/wp-json\/wp\/v2\/posts\/362321","targetHints":{"allow":["GET"]}}],"collection":[{"href":"https:\/\/www.europesays.com\/de\/wp-json\/wp\/v2\/posts"}],"about":[{"href":"https:\/\/www.europesays.com\/de\/wp-json\/wp\/v2\/types\/post"}],"author":[{"embeddable":true,"href":"https:\/\/www.europesays.com\/de\/wp-json\/wp\/v2\/users\/2"}],"replies":[{"embeddable":true,"href":"https:\/\/www.europesays.com\/de\/wp-json\/wp\/v2\/comments?post=362321"}],"version-history":[{"count":0,"href":"https:\/\/www.europesays.com\/de\/wp-json\/wp\/v2\/posts\/362321\/revisions"}],"wp:featuredmedia":[{"embeddable":true,"href":"https:\/\/www.europesays.com\/de\/wp-json\/wp\/v2\/media\/362322"}],"wp:attachment":[{"href":"https:\/\/www.europesays.com\/de\/wp-json\/wp\/v2\/media?parent=362321"}],"wp:term":[{"taxonomy":"category","embeddable":true,"href":"https:\/\/www.europesays.com\/de\/wp-json\/wp\/v2\/categories?post=362321"},{"taxonomy":"post_tag","embeddable":true,"href":"https:\/\/www.europesays.com\/de\/wp-json\/wp\/v2\/tags?post=362321"}],"curies":[{"name":"wp","href":"https:\/\/api.w.org\/{rel}","templated":true}]}}