{"id":362481,"date":"2025-08-21T18:16:12","date_gmt":"2025-08-21T18:16:12","guid":{"rendered":"https:\/\/www.europesays.com\/de\/362481\/"},"modified":"2025-08-21T18:16:12","modified_gmt":"2025-08-21T18:16:12","slug":"nuernberg-ultras-emotionale-rede-nach-pokal-aus-sport","status":"publish","type":"post","link":"https:\/\/www.europesays.com\/de\/362481\/","title":{"rendered":"N\u00fcrnberg Ultras: Emotionale Rede nach Pokal-Aus | Sport"},"content":{"rendered":"<p><b>Solche Bilder sieht man auch beim <\/b><a href=\"https:\/\/www.bild.de\/sport\/fussball\/1-fc-nuernberg\/startseite-1-fc-nuernberg-31074426.bild.html\" class=\"text-link\" target=\"_blank\" rel=\"noopener\"><b>1. FC N\u00fcrnberg<\/b><\/a><b> nicht alle Tage.<\/b><\/p>\n<p>Nach dem peinlichen Pokalaus in Illertissen (5:6 n. V.) sah sich ein Vors\u00e4nger der N\u00fcrnberger Ultras bem\u00fc\u00dfigt, eine hochemotionale Rede an die komplette Mannschaft mitsamt Trainerstab zu halten. Und das nach gerade einmal drei Pflichtspielen. <\/p>\n<p><b>Die Botschaft des UN-Vertreters war klar und unmissverst\u00e4ndlich: Sollte sich die Mannschaft eine solche Leistung wie in der ersten Pokalhalbzeit noch einmal in M\u00fcnster erlauben, dann w\u00fcrde der Baum brennen. Das n\u00e4chste Ausw\u00e4rtsspiel w\u00e4re hierf\u00fcr ein echtes K.o.-Spiel.<\/b><\/p>\n<p>Mehr zum Thema<\/p>\n<p>Die gro\u00dfe Macht der organisierten Fanszene zeigte sich auch darin, dass sich FCN-Sportvorstand Joti Chatzialexiou (49) wenig sp\u00e4ter Zeit nahm, mit dem Ultras-Vors\u00e4nger auf dem Platz zu sprechen. Chatzialexiou zu BILD: \u201eIch habe gerade nach solchen bitteren Niederlagen jedes Verst\u00e4ndnis f\u00fcr Emotionen und Ver\u00e4rgerung, aber letztlich kommen wir nur gemeinsam aus so einer Situation raus. Das habe ich so auch auf dem Platz gesagt.\u201c<\/p>\n<p>Auch interessant<\/p>\n<p>Anzeige<\/p>\n<p>Auch interessant<\/p>\n<p>Anzeige<\/p>\n<p>Klar ist: Nach dieser Ultras-Aktion d\u00fcrfte der Druck auf Mannschaft und Trainer am Freitagabend (18.30 Uhr\/ live auf SPORT1 und BILD.de) in M\u00fcnster noch gr\u00f6\u00dfer sein. <\/p>\n<p><b>Trainer Miroslav Klose (47) gibt sich dennoch gelassen und will von einer m\u00f6glichen Trainerdiskussion nichts wissen: \u201eWir sind mit Joti Chatzialexiou und den Verantwortlichen t\u00e4glich im Austausch, insofern habe ich \u00fcberhaupt kein besonderes Gef\u00fchl vor diesem Spiel. Druck ist immer da. Den Druck versp\u00fcren wir ja auch, weil wir uns selbst sehr viel Druck auferlegen. Es ist wichtig, dass man damit auch umgehen kann.\u201c<\/b><\/p>\n<p>Gegentor &amp; Mega-Chance: Last-Minute-Drama f\u00fcr Klose!<a href=\"https:\/\/www.bild.de\/sport\/fussball\/2-bundesliga-last-minute-drama-bei-sv-elversberg-1-fc-nuernberg-688e1ed281d36a5f943f4a8d\" class=\"anchor\" target=\"_blank\" rel=\"noopener\"><img decoding=\"async\" width=\"992\" height=\"558\" alt=\"2. Bundesliga: Last-Minute-Drama bei SV Elversberg - 1. FC N\u00fcrnberg\" src=\"https:\/\/www.europesays.com\/de\/wp-content\/uploads\/2025\/08\/1fd0c784c1582470145fa3ce15c2f644-landscape,7aed205e\"   class=\"landscape teaser__image\" loading=\"lazy\"\/><\/a><\/p>\n<p>Quelle: BILD \/ DFL04.08.2025<\/p>\n","protected":false},"excerpt":{"rendered":"Solche Bilder sieht man auch beim 1. FC N\u00fcrnberg nicht alle Tage. Nach dem peinlichen Pokalaus in Illertissen&hellip;\n","protected":false},"author":2,"featured_media":362482,"comment_status":"","ping_status":"","sticky":false,"template":"","format":"standard","meta":{"footnotes":""},"categories":[1837],"tags":[783,876,772,10904,3364,29,347,30,786,3783,877,45,10439,784],"class_list":{"0":"post-362481","1":"post","2":"type-post","3":"status-publish","4":"format-standard","5":"has-post-thumbnail","7":"category-nuernberg","8":"tag-1-fc-nuernberg","9":"tag-2-liga-spielbegegnung","10":"tag-bayern","11":"tag-chatzialexiou-joti","12":"tag-de","13":"tag-deutschland","14":"tag-fussball","15":"tag-germany","16":"tag-klose-miroslav","17":"tag-nuernberg","18":"tag-spobi-2-liga","19":"tag-texttospeech","20":"tag-ultras","21":"tag-zweite-bundesliga"},"share_on_mastodon":{"url":"https:\/\/pubeurope.com\/@de\/115068127476646769","error":""},"_links":{"self":[{"href":"https:\/\/www.europesays.com\/de\/wp-json\/wp\/v2\/posts\/362481","targetHints":{"allow":["GET"]}}],"collection":[{"href":"https:\/\/www.europesays.com\/de\/wp-json\/wp\/v2\/posts"}],"about":[{"href":"https:\/\/www.europesays.com\/de\/wp-json\/wp\/v2\/types\/post"}],"author":[{"embeddable":true,"href":"https:\/\/www.europesays.com\/de\/wp-json\/wp\/v2\/users\/2"}],"replies":[{"embeddable":true,"href":"https:\/\/www.europesays.com\/de\/wp-json\/wp\/v2\/comments?post=362481"}],"version-history":[{"count":0,"href":"https:\/\/www.europesays.com\/de\/wp-json\/wp\/v2\/posts\/362481\/revisions"}],"wp:featuredmedia":[{"embeddable":true,"href":"https:\/\/www.europesays.com\/de\/wp-json\/wp\/v2\/media\/362482"}],"wp:attachment":[{"href":"https:\/\/www.europesays.com\/de\/wp-json\/wp\/v2\/media?parent=362481"}],"wp:term":[{"taxonomy":"category","embeddable":true,"href":"https:\/\/www.europesays.com\/de\/wp-json\/wp\/v2\/categories?post=362481"},{"taxonomy":"post_tag","embeddable":true,"href":"https:\/\/www.europesays.com\/de\/wp-json\/wp\/v2\/tags?post=362481"}],"curies":[{"name":"wp","href":"https:\/\/api.w.org\/{rel}","templated":true}]}}