{"id":362493,"date":"2025-08-21T18:22:18","date_gmt":"2025-08-21T18:22:18","guid":{"rendered":"https:\/\/www.europesays.com\/de\/362493\/"},"modified":"2025-08-21T18:22:18","modified_gmt":"2025-08-21T18:22:18","slug":"niedersachsen-bremen-millionen-euro-fuer-erforschung-von-wasserstofftechnologie","status":"publish","type":"post","link":"https:\/\/www.europesays.com\/de\/362493\/","title":{"rendered":"Niedersachsen &#038; Bremen: Millionen Euro f\u00fcr Erforschung von Wasserstofftechnologie"},"content":{"rendered":"<p>                    Niedersachsen &amp; Bremen<br \/>\n                Millionen Euro f\u00fcr Erforschung von Wasserstofftechnologie<\/p>\n<p>\t\t\t\t              21.08.2025, 19:27 Uhr<\/p>\n<p><strong>In welchen Bereichen wird Wasserstoff k\u00fcnftig eine wichtige Rolle spielen? Forscher aus Braunschweig haben darauf Antworten und gro\u00dfe Pl\u00e4ne.<\/strong><\/p>\n<p>Braunschweig (dpa\/lni) &#8211; Wie kann Wasserstoff effizient genutzt, verteilt und gespeichert werden? Dieser Frage gehen Forscher der Technischen Universit\u00e4t Braunschweig und des Fraunhofer-Instituts f\u00fcr Schicht- und Oberfl\u00e4chentechnik IST nach. Am Nieders\u00e4chsischen Forschungszentrum Fahrzeugtechnik der Technischen Universit\u00e4t Braunschweig soll dazu eine Forschungsplattform f\u00fcr Wasserstoff- und Brennstoffzellentechnologien entstehen. Das Land Niedersachsen f\u00f6rdert dies mit rund 4,3 Millionen Euro, wie die TU Braunschweig mitteilte.\u00a0<\/p>\n<p>&#8222;Wasserstoff ist ein wichtiger Schwerpunkt der zukunftsweisenden Energieforschung in Niedersachsen und bietet viele konkrete Anwendungsm\u00f6glichkeiten&#8220;, sagte Wissenschaftsminister Falko Mohrs (SPD) laut Mitteilung. &#8222;Wir als Landesregierung unterst\u00fctzen das Nieders\u00e4chsische Forschungszentrum Fahrzeugtechnik (NFF) dabei, seine Forschungs- und Testumgebung f\u00fcr Wasserstoff weiter auszubauen.&#8220; So entstehe eine Infrastruktur, in der der Einsatz von Wasserstoff als Energietr\u00e4ger besonders f\u00fcr Fahrzeuge, aber auch viele weitere Anwendungsbereiche erforscht, entwickelt und stetig verbessert werde.<\/p>\n<p>Aus Sicht der TU Braunschweig kann Wasserstoff in der Luftfahrt, bei schweren Nutzfahrzeugen und in industriellen Anwendungen, etwa der Schwerindustrie, punkten. &#8222;Daf\u00fcr wollen wir im Energieland Niedersachsen nicht nur Wasserstoff erzeugen, sondern auch die Wertsch\u00f6pfung in der produzierenden Industrie im Land halten&#8220;, sagte der Projektleiter, Juniorprofessor Michael Heere. Das Nieders\u00e4chsische Forschungszentrum Fahrzeugtechnik arbeitet eng mit anderen Forschungseinrichtungen zusammen.<\/p>\n","protected":false},"excerpt":{"rendered":"Niedersachsen &amp; Bremen Millionen Euro f\u00fcr Erforschung von Wasserstofftechnologie 21.08.2025, 19:27 Uhr In welchen Bereichen wird Wasserstoff k\u00fcnftig&hellip;\n","protected":false},"author":2,"featured_media":362494,"comment_status":"","ping_status":"","sticky":false,"template":"","format":"standard","meta":{"footnotes":""},"categories":[1824],"tags":[2420,3364,29,99682,4788,30,1111,1411,90469],"class_list":{"0":"post-362493","1":"post","2":"type-post","3":"status-publish","4":"format-standard","5":"has-post-thumbnail","7":"category-bremen","8":"tag-bremen","9":"tag-de","10":"tag-deutschland","11":"tag-erforschung","12":"tag-euro","13":"tag-germany","14":"tag-millionen","15":"tag-niedersachsen","16":"tag-wasserstofftechnologie"},"share_on_mastodon":{"url":"https:\/\/pubeurope.com\/@de\/115068151011256912","error":""},"_links":{"self":[{"href":"https:\/\/www.europesays.com\/de\/wp-json\/wp\/v2\/posts\/362493","targetHints":{"allow":["GET"]}}],"collection":[{"href":"https:\/\/www.europesays.com\/de\/wp-json\/wp\/v2\/posts"}],"about":[{"href":"https:\/\/www.europesays.com\/de\/wp-json\/wp\/v2\/types\/post"}],"author":[{"embeddable":true,"href":"https:\/\/www.europesays.com\/de\/wp-json\/wp\/v2\/users\/2"}],"replies":[{"embeddable":true,"href":"https:\/\/www.europesays.com\/de\/wp-json\/wp\/v2\/comments?post=362493"}],"version-history":[{"count":0,"href":"https:\/\/www.europesays.com\/de\/wp-json\/wp\/v2\/posts\/362493\/revisions"}],"wp:featuredmedia":[{"embeddable":true,"href":"https:\/\/www.europesays.com\/de\/wp-json\/wp\/v2\/media\/362494"}],"wp:attachment":[{"href":"https:\/\/www.europesays.com\/de\/wp-json\/wp\/v2\/media?parent=362493"}],"wp:term":[{"taxonomy":"category","embeddable":true,"href":"https:\/\/www.europesays.com\/de\/wp-json\/wp\/v2\/categories?post=362493"},{"taxonomy":"post_tag","embeddable":true,"href":"https:\/\/www.europesays.com\/de\/wp-json\/wp\/v2\/tags?post=362493"}],"curies":[{"name":"wp","href":"https:\/\/api.w.org\/{rel}","templated":true}]}}