{"id":362511,"date":"2025-08-21T18:31:14","date_gmt":"2025-08-21T18:31:14","guid":{"rendered":"https:\/\/www.europesays.com\/de\/362511\/"},"modified":"2025-08-21T18:31:14","modified_gmt":"2025-08-21T18:31:14","slug":"herausforderung-fuer-familien-zwei-kinder-zwei-kitas-nun-will-die-familie-aus-stuttgart-weg-stuttgart","status":"publish","type":"post","link":"https:\/\/www.europesays.com\/de\/362511\/","title":{"rendered":"Herausforderung f\u00fcr Familien: Zwei Kinder, zwei Kitas \u2013 nun will die Familie aus Stuttgart weg &#8211; Stuttgart"},"content":{"rendered":"<p>Die Kitaplatz-Situation in Stuttgart hat sich verbessert. Doch es kommt immer noch vor, dass Geschwisterkinder keinen Betreuungsplatz in der Einrichtung des ersten Kindes erhalten.<\/p>\n<p>Als die Zusage f\u00fcr einen st\u00e4dtischen Kitaplatz f\u00fcr ihre Tochter kam, war Lea Rexer zun\u00e4chst erleichtert. Doch es kam anders, als sie es sich vorgestellt hatte. Der Betreuungsplatz war nicht in derselben Einrichtung, in der auch ihr \u00e4lterer Sohn ist. \u201eObwohl wir davon ausgegangen waren, in der gleichen <a href=\"https:\/\/www.esslinger-zeitung.de\/thema\/Kita\" title=\"Kita\" class=\"art_thema\" rel=\"nofollow noopener\" target=\"_blank\">Kita<\/a> einen Platz zu bekommen\u201c, so die 30-J\u00e4hrige.<\/p>\n","protected":false},"excerpt":{"rendered":"Die Kitaplatz-Situation in Stuttgart hat sich verbessert. Doch es kommt immer noch vor, dass Geschwisterkinder keinen Betreuungsplatz in&hellip;\n","protected":false},"author":2,"featured_media":362512,"comment_status":"","ping_status":"","sticky":false,"template":"","format":"standard","meta":{"footnotes":""},"categories":[1830],"tags":[1634,99685,3364,29,4480,30,2818,11628,3491,38409,1441],"class_list":{"0":"post-362511","1":"post","2":"type-post","3":"status-publish","4":"format-standard","5":"has-post-thumbnail","7":"category-stuttgart","8":"tag-baden-wuerttemberg","9":"tag-betreuungsplatz","10":"tag-de","11":"tag-deutschland","12":"tag-familienleben","13":"tag-germany","14":"tag-kindergarten","15":"tag-kindertagesstaetten","16":"tag-kita","17":"tag-kitaplatz","18":"tag-stuttgart"},"share_on_mastodon":{"url":"https:\/\/pubeurope.com\/@de\/115068186542541679","error":""},"_links":{"self":[{"href":"https:\/\/www.europesays.com\/de\/wp-json\/wp\/v2\/posts\/362511","targetHints":{"allow":["GET"]}}],"collection":[{"href":"https:\/\/www.europesays.com\/de\/wp-json\/wp\/v2\/posts"}],"about":[{"href":"https:\/\/www.europesays.com\/de\/wp-json\/wp\/v2\/types\/post"}],"author":[{"embeddable":true,"href":"https:\/\/www.europesays.com\/de\/wp-json\/wp\/v2\/users\/2"}],"replies":[{"embeddable":true,"href":"https:\/\/www.europesays.com\/de\/wp-json\/wp\/v2\/comments?post=362511"}],"version-history":[{"count":0,"href":"https:\/\/www.europesays.com\/de\/wp-json\/wp\/v2\/posts\/362511\/revisions"}],"wp:featuredmedia":[{"embeddable":true,"href":"https:\/\/www.europesays.com\/de\/wp-json\/wp\/v2\/media\/362512"}],"wp:attachment":[{"href":"https:\/\/www.europesays.com\/de\/wp-json\/wp\/v2\/media?parent=362511"}],"wp:term":[{"taxonomy":"category","embeddable":true,"href":"https:\/\/www.europesays.com\/de\/wp-json\/wp\/v2\/categories?post=362511"},{"taxonomy":"post_tag","embeddable":true,"href":"https:\/\/www.europesays.com\/de\/wp-json\/wp\/v2\/tags?post=362511"}],"curies":[{"name":"wp","href":"https:\/\/api.w.org\/{rel}","templated":true}]}}