{"id":362681,"date":"2025-08-21T20:05:16","date_gmt":"2025-08-21T20:05:16","guid":{"rendered":"https:\/\/www.europesays.com\/de\/362681\/"},"modified":"2025-08-21T20:05:16","modified_gmt":"2025-08-21T20:05:16","slug":"teamcheck-25-26-1-fc-union-berlin","status":"publish","type":"post","link":"https:\/\/www.europesays.com\/de\/362681\/","title":{"rendered":"Teamcheck 25\/26: 1. FC Union Berlin"},"content":{"rendered":"<p>Weiter geht es mit dem n\u00e4chsten Teamcheck zur neuen Saison. Nachdem wir uns zuletzt\u00a0den SC Freiburg\u00a0angeschaut haben, besch\u00e4ftigen wir uns heute mit dem 1. FC Union Berlin.<\/p>\n<p>Union Berlin k\u00f6nnte vor gro\u00dfen Herausforderungen stehen. Die Defensive zeigt Schw\u00e4chen, wichtige Spieler k\u00f6nnten den Verein verlassen, und die Offensive bleibt bisher hinter den Erwartungen zur\u00fcck. Trainer Steffen Baumgart steht vor einer gewaltigen Aufgabe. Kann er es schaffen, Union zum sicheren Klassenerhalt zu f\u00fchren?<\/p>\n<p><a class=\"online\" href=\"https:\/\/youtu.be\/fAqk1mnT4Y4\" target=\"_b\" rel=\"noopener\">Hier geht&#8217;s zum Union-Check auf YouTube!<\/a><\/p>\n<p>Teamchecks als Podcast? Na klar!<\/p>\n<p>Wir bieten euch die Teamchecks nat\u00fcrlich auch als Podcast an. Daf\u00fcr haben wir einen neuen Podcast ins Leben gerufen und pr\u00e4sentieren den\u00a0LigaInsider-Podcast! Hier wird es alle Folgen auch bei Spotify, Apple Podcasts und per RSS-Feed geben. Au\u00dferdem werden wir noch einige andere Projekte als Podcast realisieren. Diese werdet ihr dort ebenfalls finden.<br \/>Hier geht es zur Folge:\u00a0<a class=\"online\" href=\"https:\/\/spotifycreators-web.app.link\/e\/GfKSZcYu0Vb\" target=\"_b\" rel=\"noopener\">Spotify<\/a>,\u00a0<a class=\"online\" href=\"https:\/\/podcasts.apple.com\/de\/podcast\/teamcheck-1-fc-union-berlin-25-26\/id1830496448?i=1000722916870\" target=\"_b\" rel=\"noopener\">Apple<\/a>,\u00a0<a class=\"online\" href=\"https:\/\/anchor.fm\/s\/107aaf6c4\/podcast\/rss\" target=\"_b\" rel=\"noopener\">RSS-Feed<\/a><\/p>\n<p>Ihr braucht nur die Fantasy-Manager-Fakten?<\/p>\n<p>Kein Problem! Alle Folgen werden ein paar Tage sp\u00e4ter noch mal in abgespeckter Form hier auf der Website zum Durchlesen erscheinen.<br \/>Bei uns gibt es das volle Programm. Also: Nichts verpassen, alle Kan\u00e4le abonnieren und gerne einen Kommentar hinterlassen.<\/p>\n<p>Die bisherigen Teamchecks:<\/p>\n<p><a class=\"online\" href=\"https:\/\/youtu.be\/AAQUJWvtt-A\" target=\"_b\" rel=\"noopener\">Hamburger SV<\/a><br \/><a class=\"online\" href=\"https:\/\/youtu.be\/lM2eur-yWVw\" target=\"_b\" rel=\"noopener\">FC St. Pauli<\/a><br \/><a class=\"online\" href=\"https:\/\/youtu.be\/YAlIFmGrnrw\" target=\"_b\" rel=\"noopener\">1. FSV Mainz 05<\/a><br \/><a class=\"online\" href=\"https:\/\/youtu.be\/06pbCFRbrbg\" target=\"_b\" rel=\"noopener\">1. FC Heidenheim<\/a><br \/><a class=\"online\" href=\"https:\/\/youtu.be\/rf6l6jzp9Nw\" target=\"_b\" rel=\"noopener\">Eintracht Frankfurt<\/a><br \/><a class=\"online\" href=\"https:\/\/youtu.be\/OsJfQcwAFIQ\" target=\"_b\" rel=\"noopener\">TSG Hoffenheim<\/a><br \/><a class=\"online\" href=\"https:\/\/youtu.be\/rptZzl_RRgM\" target=\"_b\" rel=\"noopener\">SV Werder Bremen<\/a><br \/><a class=\"online\" href=\"https:\/\/youtu.be\/0vj6Tj4kxNY\" target=\"_b\" rel=\"noopener\">VfL Wolfsburg<\/a><br \/><a class=\"online\" href=\"https:\/\/youtu.be\/s-JLSAD_t98\" target=\"_b\" rel=\"noopener\">1. FC K\u00f6ln<\/a><br \/><a class=\"online\" href=\"https:\/\/youtu.be\/JPR-ivcoE5Y\" target=\"_b\" rel=\"noopener\">Borussia M\u00f6nchengladbach<\/a><br \/><a class=\"online\" href=\"https:\/\/youtu.be\/lT205S8Gv0w\" target=\"_b\" rel=\"noopener\">FC Bayern M\u00fcnchen<\/a><br \/><a class=\"online\" href=\"https:\/\/youtu.be\/SorvCwAMORU\" target=\"_b\" rel=\"noopener\">FC Augsburg<\/a>\u00a0<br \/><a class=\"online\" href=\"https:\/\/youtu.be\/WKt2XqRYD8E\" target=\"_b\" rel=\"noopener\">VfB Stuttgart<br \/><\/a><a class=\"online\" href=\"https:\/\/youtu.be\/deGaGQnpEtE\" target=\"_b\" rel=\"noopener\">Borussia Dortmund<\/a><br \/><a class=\"online\" href=\"https:\/\/youtu.be\/CGkT6e15A30\" target=\"_b\" rel=\"noopener\">RB Leipzig<\/a><br \/><a class=\"online\" href=\"https:\/\/youtu.be\/fKnrFJeis9Q\" target=\"_b\" rel=\"noopener\">Bayer Leverkusen<\/a><br \/><a class=\"online\" href=\"https:\/\/youtu.be\/lp9B731a9YY\" target=\"_b\" rel=\"noopener\">SC Freiburg<\/a><\/p>\n<\/p>\n<p><\/p>\n","protected":false},"excerpt":{"rendered":"Weiter geht es mit dem n\u00e4chsten Teamcheck zur neuen Saison. Nachdem wir uns zuletzt\u00a0den SC Freiburg\u00a0angeschaut haben, besch\u00e4ftigen&hellip;\n","protected":false},"author":2,"featured_media":362682,"comment_status":"","ping_status":"","sticky":false,"template":"","format":"standard","meta":{"footnotes":""},"categories":[1825],"tags":[4808,31078,296,2217,29,347,30,48991,15,5422,265,924,1288,2627,5421],"class_list":{"0":"post-362681","1":"post","2":"type-post","3":"status-publish","4":"format-standard","5":"has-post-thumbnail","7":"category-berlin","8":"tag-1-bundesliga","9":"tag-2025-26","10":"tag-berlin","11":"tag-bilanz","12":"tag-deutschland","13":"tag-fussball","14":"tag-germany","15":"tag-ligainsider","16":"tag-news","17":"tag-quote","18":"tag-sport","19":"tag-statistik","20":"tag-transfers","21":"tag-verletzungen","22":"tag-wechsel"},"share_on_mastodon":{"url":"https:\/\/pubeurope.com\/@de\/115068556094954553","error":""},"_links":{"self":[{"href":"https:\/\/www.europesays.com\/de\/wp-json\/wp\/v2\/posts\/362681","targetHints":{"allow":["GET"]}}],"collection":[{"href":"https:\/\/www.europesays.com\/de\/wp-json\/wp\/v2\/posts"}],"about":[{"href":"https:\/\/www.europesays.com\/de\/wp-json\/wp\/v2\/types\/post"}],"author":[{"embeddable":true,"href":"https:\/\/www.europesays.com\/de\/wp-json\/wp\/v2\/users\/2"}],"replies":[{"embeddable":true,"href":"https:\/\/www.europesays.com\/de\/wp-json\/wp\/v2\/comments?post=362681"}],"version-history":[{"count":0,"href":"https:\/\/www.europesays.com\/de\/wp-json\/wp\/v2\/posts\/362681\/revisions"}],"wp:featuredmedia":[{"embeddable":true,"href":"https:\/\/www.europesays.com\/de\/wp-json\/wp\/v2\/media\/362682"}],"wp:attachment":[{"href":"https:\/\/www.europesays.com\/de\/wp-json\/wp\/v2\/media?parent=362681"}],"wp:term":[{"taxonomy":"category","embeddable":true,"href":"https:\/\/www.europesays.com\/de\/wp-json\/wp\/v2\/categories?post=362681"},{"taxonomy":"post_tag","embeddable":true,"href":"https:\/\/www.europesays.com\/de\/wp-json\/wp\/v2\/tags?post=362681"}],"curies":[{"name":"wp","href":"https:\/\/api.w.org\/{rel}","templated":true}]}}