{"id":362752,"date":"2025-08-21T20:44:10","date_gmt":"2025-08-21T20:44:10","guid":{"rendered":"https:\/\/www.europesays.com\/de\/362752\/"},"modified":"2025-08-21T20:44:10","modified_gmt":"2025-08-21T20:44:10","slug":"ukraine-greift-oel-pumpstation-an-satellit-zeigt-zerstoerung-von-druschba-pipeline","status":"publish","type":"post","link":"https:\/\/www.europesays.com\/de\/362752\/","title":{"rendered":"Ukraine greift \u00d6l-Pumpstation an: Satellit zeigt Zerst\u00f6rung von Druschba-Pipeline"},"content":{"rendered":"<p>          21.08.2025 13:20 Uhr \u2013  00:59 min<\/p>\n<p>              Ukraine greift \u00d6l-Pumpstation an<br \/>\n              Satellit zeigt Zerst\u00f6rung von Druschba-Pipeline<\/p>\n<p>\n              Die Ukraine greift verst\u00e4rkt russische Energieanlagen an. Nun traf es nach eigenen Angaben eine Pumpstation der Druschba-Pipeline, die auch Ungarn und die Slowakei mit \u00d6l beliefert. Satellitenaufnahmen zeigen die Sch\u00e4den nach dem Drohnenangriff. Hinter den Attacken steckt ein klares Kalk\u00fcl.<\/p>\n","protected":false},"excerpt":{"rendered":"21.08.2025 13:20 Uhr \u2013 00:59 min Ukraine greift \u00d6l-Pumpstation an Satellit zeigt Zerst\u00f6rung von Druschba-Pipeline Die Ukraine greift&hellip;\n","protected":false},"author":2,"featured_media":362753,"comment_status":"","ping_status":"","sticky":false,"template":"","format":"standard","meta":{"footnotes":""},"categories":[4012],"tags":[331,332,661,13,14,15,9952,307,12,7376,317,3081,501],"class_list":{"0":"post-362752","1":"post","2":"type-post","3":"status-publish","4":"format-standard","5":"has-post-thumbnail","7":"category-ukraine","8":"tag-aktuelle-nachrichten","9":"tag-aktuelle-news","10":"tag-angriff-auf-die-ukraine","11":"tag-headlines","12":"tag-nachrichten","13":"tag-news","14":"tag-rohstoff-oel","15":"tag-russland","16":"tag-schlagzeilen","17":"tag-slowakei","18":"tag-ukraine","19":"tag-ukraine-konflikt","20":"tag-ungarn"},"share_on_mastodon":{"url":"https:\/\/pubeurope.com\/@de\/115068709615577819","error":""},"_links":{"self":[{"href":"https:\/\/www.europesays.com\/de\/wp-json\/wp\/v2\/posts\/362752","targetHints":{"allow":["GET"]}}],"collection":[{"href":"https:\/\/www.europesays.com\/de\/wp-json\/wp\/v2\/posts"}],"about":[{"href":"https:\/\/www.europesays.com\/de\/wp-json\/wp\/v2\/types\/post"}],"author":[{"embeddable":true,"href":"https:\/\/www.europesays.com\/de\/wp-json\/wp\/v2\/users\/2"}],"replies":[{"embeddable":true,"href":"https:\/\/www.europesays.com\/de\/wp-json\/wp\/v2\/comments?post=362752"}],"version-history":[{"count":0,"href":"https:\/\/www.europesays.com\/de\/wp-json\/wp\/v2\/posts\/362752\/revisions"}],"wp:featuredmedia":[{"embeddable":true,"href":"https:\/\/www.europesays.com\/de\/wp-json\/wp\/v2\/media\/362753"}],"wp:attachment":[{"href":"https:\/\/www.europesays.com\/de\/wp-json\/wp\/v2\/media?parent=362752"}],"wp:term":[{"taxonomy":"category","embeddable":true,"href":"https:\/\/www.europesays.com\/de\/wp-json\/wp\/v2\/categories?post=362752"},{"taxonomy":"post_tag","embeddable":true,"href":"https:\/\/www.europesays.com\/de\/wp-json\/wp\/v2\/tags?post=362752"}],"curies":[{"name":"wp","href":"https:\/\/api.w.org\/{rel}","templated":true}]}}