{"id":362757,"date":"2025-08-21T20:47:10","date_gmt":"2025-08-21T20:47:10","guid":{"rendered":"https:\/\/www.europesays.com\/de\/362757\/"},"modified":"2025-08-21T20:47:10","modified_gmt":"2025-08-21T20:47:10","slug":"streamer-stirbt-vor-laufender-kamera-neue-details-zum-tod","status":"publish","type":"post","link":"https:\/\/www.europesays.com\/de\/362757\/","title":{"rendered":"Streamer stirbt vor laufender Kamera \u2013 neue Details zum Tod"},"content":{"rendered":"<p>Obduktionsergebnis liegt vor<\/p>\n<p>Streamer stirbt vor laufender Kamera: Neue Details zum Tod<\/p>\n<p>Anh\u00f6renApp \u00f6ffnen<\/p>\n<p class=\"Textstyled__Text-sc-1cqv9mi-0 cLyiiX ArticleHeadstyled__ArticleSubHeadline-sc-tdzyy5-11 fXdZot\">Immer wieder kommt es zu Szenen von Gewalt bei den \u00dcbertragungen eines franz\u00f6sischen Streamers. Als dieser vor laufender Kamera stirbt, gibt es Misshandlungsvorw\u00fcrfe. Was ergibt die Obduktion?<\/p>\n<p class=\"Textstyled__Text-sc-1cqv9mi-0 cLyiiX\">Paris. Nach dem Tod eines bekannten Streamers in Frankreich vor laufender Kamera hat eine Obduktion keine Hinweise auf eine Misshandlung durch weitere Beteiligte an der \u00dcbertragung aufgedeckt. Der Streamer mit dem K\u00fcnstlernamen Jean Pormanove sei nicht durch die Gewalteinwirkung Dritter, sondern aus einem medizinischen oder toxikologischen Grund gestorben, teilte die Staatsanwaltschaft in Nizza mit. Noch untersucht werde der Ablauf der letzten \u00dcbertragung, w\u00e4hrend der der 46-J\u00e4hrige in der Nacht zum Montag vor den Augen der Zuschauer starb.<\/p>\n<p>Weiterlesen nach der Anzeige<\/p>\n<p>Weiterlesen nach der Anzeige<\/p>\n<p class=\"Textstyled__Text-sc-1cqv9mi-0 cLyiiX\">Der Streamer mit Hunderttausenden von Followern nutzte verschiedene soziale Plattformen f\u00fcr Gaming-\u00dcbertragungen, unterzog sich dort aber auch freiwillig immer wieder extremen Challenges. Der Sender Europe1 verbreitete ein Video, auf dem andere Streamer Jean Pormanove unvermittelt an Armen und Beinen festhalten und ihm \u00fcber zwei Minuten die Atemr\u00f6hre zudr\u00fccken, vorgeblich um einen neuen Rekord aufzustellen. Auch von Zuschauern wurde er demnach im Stream gedem\u00fctigt. <\/p>\n<p>\u201eIch habe es satt, ich will weg\u201c<\/p>\n<p class=\"Textstyled__Text-sc-1cqv9mi-0 cLyiiX\">Am Ende ging dem Streamer die Gewalt aber wohl selbst zu weit. \u201eIch habe es satt, ich will weg\u201c, schrieb er laut dem Sender BFMTV in einer Nachricht an seine Mutter. Aber er werde von den anderen festgehalten. Wie das Enth\u00fcllungsmedium \u201eMediapart\u201c berichtete, wurde der Mann wenige Stunden vor seinem Tod erneut Opfer von Gewalt. Ein als Batman verkleideter Streamer und weitere Anwesende w\u00e4hrend der Live-\u00dcbertragung h\u00e4tten auf Pormanove eingeschlagen.<\/p>\n<p>Weiterlesen nach der Anzeige<\/p>\n<p>Weiterlesen nach der Anzeige<\/p>\n<p class=\"Textstyled__Text-sc-1cqv9mi-0 cLyiiX\">Die Staatsanwaltschaft teilte mit, dass sie aufgrund fr\u00fcherer Berichte von \u201eMediapart\u201c Anfang des Jahres bereits Beteiligte an den Live-\u00dcbertragungen vernommen und Pormanove und ein weiteres mutma\u00dfliches Gewaltopfer befragt habe. Beide h\u00e4tten entschieden abgestritten, Opfer von Gewalt zu sein und von einer Inszenierung vor der Kamera gesprochen, mit der sie Geld verdienten. Jean Pormanove habe den Ermittlern gegen\u00fcber von monatlichen Einnahmen in H\u00f6he von 6000 Euro gesprochen.<\/p>\n<p>Monatelange Misshandlung und Dem\u00fctigung<\/p>\n<p class=\"Textstyled__Text-sc-1cqv9mi-0 cLyiiX\">Das Schicksal des Streamers hatte in Frankreich f\u00fcr Emp\u00f6rung gesorgt. \u201eDer Tod von Jean Pormanove und die Gewalt, die er erlitten hat, sind absolut schrecklich\u201c, schrieb Frankreichs beigeordnete Ministerin f\u00fcr Digitalisierung und KI, Clara Chappaz. Der Streamer sei monatelang live auf der Plattform Kick gedem\u00fctigt und misshandelt worden. Chappaz schaltete die Rundfunkaufsicht sowie die staatliche Meldestelle f\u00fcr illegale Inhalte im Internet ein.<\/p>\n<p class=\"Textstyled__Text-sc-1cqv9mi-0 cLyiiX\">Die Streamingplattform Kick erkl\u00e4rte, dass sie den Tod bedauert. Man untersuche die Umst\u00e4nde mit h\u00f6chster Dringlichkeit und arbeite mit den Beh\u00f6rden zusammen.<\/p>\n<p class=\"Textstyled__Text-sc-1cqv9mi-0 cLyiiX\">RND\/dpa<\/p>\n","protected":false},"excerpt":{"rendered":"Obduktionsergebnis liegt vor Streamer stirbt vor laufender Kamera: Neue Details zum Tod Anh\u00f6renApp \u00f6ffnen Immer wieder kommt es&hellip;\n","protected":false},"author":2,"featured_media":362758,"comment_status":"","ping_status":"","sticky":false,"template":"","format":"standard","meta":{"footnotes":""},"categories":[3974],"tags":[331,332,548,663,3934,3980,156,13,14,15,12],"class_list":{"0":"post-362757","1":"post","2":"type-post","3":"status-publish","4":"format-standard","5":"has-post-thumbnail","7":"category-frankreich","8":"tag-aktuelle-nachrichten","9":"tag-aktuelle-news","10":"tag-eu","11":"tag-europa","12":"tag-europe","13":"tag-france","14":"tag-frankreich","15":"tag-headlines","16":"tag-nachrichten","17":"tag-news","18":"tag-schlagzeilen"},"share_on_mastodon":{"url":"https:\/\/pubeurope.com\/@de\/115068721187416212","error":""},"_links":{"self":[{"href":"https:\/\/www.europesays.com\/de\/wp-json\/wp\/v2\/posts\/362757","targetHints":{"allow":["GET"]}}],"collection":[{"href":"https:\/\/www.europesays.com\/de\/wp-json\/wp\/v2\/posts"}],"about":[{"href":"https:\/\/www.europesays.com\/de\/wp-json\/wp\/v2\/types\/post"}],"author":[{"embeddable":true,"href":"https:\/\/www.europesays.com\/de\/wp-json\/wp\/v2\/users\/2"}],"replies":[{"embeddable":true,"href":"https:\/\/www.europesays.com\/de\/wp-json\/wp\/v2\/comments?post=362757"}],"version-history":[{"count":0,"href":"https:\/\/www.europesays.com\/de\/wp-json\/wp\/v2\/posts\/362757\/revisions"}],"wp:featuredmedia":[{"embeddable":true,"href":"https:\/\/www.europesays.com\/de\/wp-json\/wp\/v2\/media\/362758"}],"wp:attachment":[{"href":"https:\/\/www.europesays.com\/de\/wp-json\/wp\/v2\/media?parent=362757"}],"wp:term":[{"taxonomy":"category","embeddable":true,"href":"https:\/\/www.europesays.com\/de\/wp-json\/wp\/v2\/categories?post=362757"},{"taxonomy":"post_tag","embeddable":true,"href":"https:\/\/www.europesays.com\/de\/wp-json\/wp\/v2\/tags?post=362757"}],"curies":[{"name":"wp","href":"https:\/\/api.w.org\/{rel}","templated":true}]}}