{"id":362759,"date":"2025-08-21T20:48:24","date_gmt":"2025-08-21T20:48:24","guid":{"rendered":"https:\/\/www.europesays.com\/de\/362759\/"},"modified":"2025-08-21T20:48:24","modified_gmt":"2025-08-21T20:48:24","slug":"europe-smash-benedikt-duda-stuermt-ins-viertelfinale","status":"publish","type":"post","link":"https:\/\/www.europesays.com\/de\/362759\/","title":{"rendered":"Europe Smash: Benedikt Duda st\u00fcrmt ins Viertelfinale"},"content":{"rendered":"<p><strong>Malm\u00f6. <\/strong>Der EM-Zweite\u00a0Benedikt Duda setzt seine beeindruckende Erfolgsserie weiter fort: Beim mit 1,55 Millionen Dollar dotierten Europe Smash in Malm\u00f6 (14. bis 24.8.) zog der Bergneust\u00e4dter durch ein souver\u00e4nes 3:0 \u00fcber Yukiya Uda (Japan) in das Viertelfinale ein. Dort wartet am Freitag mit World-Cup-Gewinner Hugo Calderano aus Brasilien einer der formnst\u00e4rksten Topstars der Szene. Mit Dang Qiu, Dimitrij Ovtcharov, Ricardo Walther und Sabine Winter haben heute noch vier weitere Deutsche die Chance auf den Sprung in die Runde der besten Acht.<\/p>\n<p><strong data-end=\"3229\" data-start=\"3194\">Fr\u00fcher Satzgewinn der Schl\u00fcssel zum Sieg \u00fcber Uda<\/strong><br \/>Nur im ersten der drei Durchg\u00e4nge musste Duda gegen Uda bangen: Nach einem 3:7- und 6:9-R\u00fcckstand bog der Weltranglistenzehnte den Satz noch auf 11:9 um. Danach dominierte Deutschlands aktuelle Nummer 1 die Partie fast nach Belieben und \u00fcberlie\u00df seinem Gegner in den folgenden beiden Durchg\u00e4ngen lediglich sieben Punkte. \u201eGegen Uda war heute der erste Satz schon etwas entscheidend. Danach habe ich super gespielt\u201c, sagte Duda anschlie\u00dfend.<\/p>\n<p><strong data-end=\"3640\" data-start=\"3611\">Gelingt die Revanche gegen Calderano?<\/strong><br \/>Im Viertelfinale kommt es nun zum Wiedersehen mit dem Weltranglistenvierten Hugo Calderano. Erst vor zweieinhalb Wochen standen sich beide im Endspiel des WTT Star Contender Foz do Igua\u00e7u gegen\u00fcber. Damals behielt der Weltmeisterschaftszweite aus Brasilien in einem hochklassigen Match vor eigenem Publikum knapp im Entscheidungssatz die Oberhand. Duda durfte sich zwei Tage sp\u00e4ter mit einem ganz besonderen Bonus f\u00fcr seine gute Leistung tr\u00f6sten: Der Einzug ins Finale katapultierte den Bergneust\u00e4dter erstmals unter die Top Ten der Weltrangliste. \u201eGegen Hugo wird es nun sehr schwer. Er ist aktuell sehr gut drauf. Ich werde aber alles in das Match hineinlegen und w\u00fcrde mich riesig freuen, wenn mir die Revanche gelingt\u201c, so der 31-J\u00e4hrige vor dem Viertelfinale.<\/p>\n<p><strong>Die weiteren deutschen Spiele am Donnerstag<\/strong><br \/>In den weiteren Achtelfinalbegegnungen im Einzel kommt es heute um 19:10 Uhr zum deutschen Duell zwischen\u00a0Ex-Europameister Qiu und dem ehemaligen Weltranglistenersten Dimitrij Ovtcharov. Der Gr\u00fcnwettersbacher Ricardo Walther bekommt es um 20:20 Uhr mit dem aktuellen Weltranglistenersten Lin Shidong aus China zu tun. Au\u00dferdem trifft Sabine Winter um\u00a020:55 Uhr auf die Weltranglistendritte Chen Xingtong aus China. Zuvor greift die Dachauerin um 18:36 Uhr zusammen mit Yuan Wan im Doppel gegen die starke s\u00fcdkoreanisch-japanische Kombination Shin Yubin\/Miyu Nagasaki nach einer Medaille.<\/p>\n<p>\u00a0<\/p>\n<p><strong>Europe Smash in Malm\u00f6 &#8211;\u00a0Die Ergebnisse der Deutschen\u00a0am Donnerstag<\/strong><\/p>\n<p><strong>Herren-Einzel,\u00a0Achtelfinale<\/strong><br \/>Benedikt Duda &#8211; Yukiya Uda JPN 3:0 (9,5,2)<br \/>Dang Qiu &#8211; Dimitrij Ovtcharov 3:2 (-7,9,9,-9,6)<br \/>Ricardo Walther &#8211; Lin Shidong CHN 20:20 Uhr, Tisch 2<\/p>\n<p><strong>Damen-Einzel, Achtelfinale<\/strong><br \/>Sabine Winter &#8211; Chen Xingtong CHN 20:55 Uhr, Tisch 2<\/p>\n<p><strong>Damen-Doppel,\u00a0Viertelfinale<\/strong><br \/>Yuan Wan\/Sabine Winter &#8211; Shin Yubin\/Miyu Nagasaki KOR\/JPN 1:3 (-9,-3,10,-1)<\/p>\n<p><strong>Europe Smash in Malm\u00f6 &#8211;\u00a0Die Spiele der Deutschen\u00a0am Freitag<\/strong><\/p>\n<p><strong>Herren-Einzel, Viertelfinale<\/strong><br \/>Benedikt Duda &#8211; Hugo Calderano BRA 14:15 Uhr, Tisch 1<br \/>Dang Qiu &#8211;\u00a0Ricardo Walther oder Lin Shidong CHN 18 Uhr, Tisch 1<br \/>\u00a0<\/p>\n<p><strong>Links<\/strong><\/p>\n<p><strong>Das deutsche Aufgebot beim Europe Smash in Schweden<\/strong><\/p>\n<p><strong>Herren-Einzel<\/strong><br \/>Benedikt Duda (TTC Schwalbe Bergneustadt), Dang Qiu (Borussia D\u00fcsseldorf), Patrick Franziska (1. FC Saarbr\u00fccken-TT), Dimitrij Ovtcharov (TTC Rh\u00f6nSprudel Fulda-Maberzell), Ricardo Walther (ASV Gr\u00fcnwettersbach), Kay Stumper (Post SV M\u00fchlhausen)<br \/><strong>Herren-Doppel<\/strong><br \/>Benedikt Duda\/Patrick Franziska<br \/><strong>Damen-Einzel<\/strong><br \/>Ying Han (KTS Tarnobrzeg, Polen), Sabine Winter (TSV Dachau), Yuan Wan (TTC Weinheim), Xiaona Shan (ttc berlin eastside), Annett Kaufmann (SV DJK Kolbermoor), Franziska Schreiner (TSV Langstadt)<br \/><strong>Damen-Doppel<\/strong><br \/>Sabine Winter\/Yuan Wan (TTC Weinheim), Annett Kaufmann\/Yangzi Liu AUS, Xiaona Shan\/Ng Wing Lam HKG<br \/><strong>Gemischtes Doppel<\/strong><br \/>Patrick Franziska\/Annett Kaufmann<br \/><strong>Betreuer<\/strong><br \/>J\u00f6rg Ro\u00dfkopf (Bundestrainer Herren), Lars Hielscher (Cheftrainer Herren D\u00fcsseldorf)<br \/>Tamara Boros (Bundestrainerin Damen), Zolt\u00e1n B\u00e1torfi (Assistenz-Bundestrainer Damen)<\/p>\n","protected":false},"excerpt":{"rendered":"Malm\u00f6. Der EM-Zweite\u00a0Benedikt Duda setzt seine beeindruckende Erfolgsserie weiter fort: Beim mit 1,55 Millionen Dollar dotierten Europe Smash&hellip;\n","protected":false},"author":2,"featured_media":362760,"comment_status":"","ping_status":"","sticky":false,"template":"","format":"standard","meta":{"footnotes":""},"categories":[3933],"tags":[331,332,548,663,158,3934,3935,13,14,15,12],"class_list":{"0":"post-362759","1":"post","2":"type-post","3":"status-publish","4":"format-standard","5":"has-post-thumbnail","7":"category-eu","8":"tag-aktuelle-nachrichten","9":"tag-aktuelle-news","10":"tag-eu","11":"tag-europa","12":"tag-europaeische-union","13":"tag-europe","14":"tag-european-union","15":"tag-headlines","16":"tag-nachrichten","17":"tag-news","18":"tag-schlagzeilen"},"share_on_mastodon":{"url":"https:\/\/pubeurope.com\/@de\/115068725229280139","error":""},"_links":{"self":[{"href":"https:\/\/www.europesays.com\/de\/wp-json\/wp\/v2\/posts\/362759","targetHints":{"allow":["GET"]}}],"collection":[{"href":"https:\/\/www.europesays.com\/de\/wp-json\/wp\/v2\/posts"}],"about":[{"href":"https:\/\/www.europesays.com\/de\/wp-json\/wp\/v2\/types\/post"}],"author":[{"embeddable":true,"href":"https:\/\/www.europesays.com\/de\/wp-json\/wp\/v2\/users\/2"}],"replies":[{"embeddable":true,"href":"https:\/\/www.europesays.com\/de\/wp-json\/wp\/v2\/comments?post=362759"}],"version-history":[{"count":0,"href":"https:\/\/www.europesays.com\/de\/wp-json\/wp\/v2\/posts\/362759\/revisions"}],"wp:featuredmedia":[{"embeddable":true,"href":"https:\/\/www.europesays.com\/de\/wp-json\/wp\/v2\/media\/362760"}],"wp:attachment":[{"href":"https:\/\/www.europesays.com\/de\/wp-json\/wp\/v2\/media?parent=362759"}],"wp:term":[{"taxonomy":"category","embeddable":true,"href":"https:\/\/www.europesays.com\/de\/wp-json\/wp\/v2\/categories?post=362759"},{"taxonomy":"post_tag","embeddable":true,"href":"https:\/\/www.europesays.com\/de\/wp-json\/wp\/v2\/tags?post=362759"}],"curies":[{"name":"wp","href":"https:\/\/api.w.org\/{rel}","templated":true}]}}