{"id":362768,"date":"2025-08-21T20:53:12","date_gmt":"2025-08-21T20:53:12","guid":{"rendered":"https:\/\/www.europesays.com\/de\/362768\/"},"modified":"2025-08-21T20:53:12","modified_gmt":"2025-08-21T20:53:12","slug":"mehr-gewissheit-aber-keine-entwarnung-pharma-deutschland-haelt-an-kritik-der","status":"publish","type":"post","link":"https:\/\/www.europesays.com\/de\/362768\/","title":{"rendered":"Mehr Gewissheit, aber keine Entwarnung: Pharma Deutschland h\u00e4lt an Kritik der &#8230;"},"content":{"rendered":"<p class=\"date\">21.08.2025 \u2013 18:59<\/p>\n<p class=\"customer\">\n                        <a class=\"story-customer\" title=\"weiter zum newsroom von Pharma Deutschland e.V.\" href=\"https:\/\/www.presseportal.de\/nr\/54882\" rel=\"nofollow noopener\" target=\"_blank\">Pharma Deutschland e.V.<\/a>\n                    <\/p>\n<p><a data-category=\"citylink-story-view\" data-action=\"click\" data-label=\"Citylink in Meldungsansicht\" class=\"story-city event-trigger\" href=\"https:\/\/www.presseportal.de\/regional\/Berlin\" title=\"News aus Berlin \" rel=\"nofollow noopener\" target=\"_blank\">Berlin<\/a> (ots)<\/p>\n<p>Branche sieht weiterhin Versorgungsrisiken und kritisiert fehlende Planungssicherheit als strategische Belastung<\/p>\n<p> Pharma Deutschland bleibt auch nach der heute ver\u00f6ffentlichten gemeinsamen Erkl\u00e4rung der EU und USA zu transatlantischen Handelsz\u00f6llen bei seiner Kritik. Zwar bringt die vorgesehene Obergrenze von 15 Prozent Importzoll auf Arzneimittel aus der EU eine gewisse Planungssicherheit &#8211; allerdings entsteht damit ein neues, strukturelles Risiko f\u00fcr die internationale Gesundheitsversorgung und die europ\u00e4ische Pharmaindustrie. <\/p>\n<p> &#8222;Die Konkretisierungen des Handelsabkommens sind kein Grund f\u00fcr Entwarnung und auch kein Gewinn. Die Pharmaunternehmen m\u00fcssen sich auf die neuen Handelsbedingungen einstellen, aber gleichzeitig muss weiterverhandelt werden&#8220;, erkl\u00e4rt Dorothee Brakmann, Hauptgesch\u00e4ftsf\u00fchrerin von Pharma Deutschland. &#8222;Der bisherige Nullzoll-Pakt war die Basis f\u00fcr die Wettbewerbs- und Innovationskraft der Branche und hat, die europ\u00e4ische Arzneimittelstrategie unterst\u00fctzt &#8211; auch in Krisenzeiten. Er ist und bleibt die beste L\u00f6sung f\u00fcr alle. Nur so l\u00e4sst sich echte Stabilit\u00e4t im Sinne der globalen Versorgung erreichen.&#8220; <\/p>\n<p> Was es nun braucht, sind gezielte Gegenma\u00dfnahmen. Dazu geh\u00f6ren die selbstbewusste Fortsetzung der Verhandlungen, um die vollst\u00e4ndige Ausnahme von Arzneimitteln aus den Zollregelungen wiederherzustellen, sowie der Fokus auf eine Standort- und Handelspolitik, welche gleicherma\u00dfen die Versorgungssicherheit und Wettbewerbsf\u00e4higkeit f\u00fcr Europa im Blick beh\u00e4lt. <\/p>\n<p> Die noch laufenden Section-232-Untersuchungen in den USA zu pharmazeutischen Produkten bieten nach Ansicht des Verbandes ein entscheidendes Zeitfenster: &#8222;Diese Phase muss genutzt werden, um deutlich zu machen, was f\u00fcr Europa und die USA hinsichtlich der Arzneimittelversorgung auf dem Spiel steht, wenn nicht zur\u00fcck zur Zollfreiheit gefunden wird.&#8220; so Brakmann abschlie\u00dfend. <\/p>\n<p><b>Der Pharma Deutschland e.V. ist der mitgliederst\u00e4rkste Branchenverband der Pharmaindustrie in Deutschland. Er vertritt die Interessen von rund 400 Mitgliedsunternehmen, die in Deutschland ca. 80.000 Mitarbeiterinnen und Mitarbeiter besch\u00e4ftigen. Die in Pharma Deutschland e.V. organisierten Unternehmen tragen ma\u00dfgeblich dazu bei, die Arzneimittelversorgung in Deutschland zu sichern. So stellen sie fast 80 Prozent der in Apotheken verkauften rezeptfreien und fast zwei Drittel der rezeptpflichtigen Arzneimittel sowie einen Gro\u00dfteil der stofflichen Medizinprodukte f\u00fcr die Patientinnen und Patienten bereit. Unter  <a target=\"_blank\" class=\"uri-ext outbound\" rel=\"noopener nofollow\" href=\"http:\/\/www.pharmadeutschland.de\">www.pharmadeutschland.de<\/a> gibt es mehr Informationen zu Pharma Deutschland.<\/b><\/p>\n<p class=\"contact-headline\">Pressekontakt:<\/p>\n<p class=\"contact-text\">Ihre Ansprechpartner in der Pressestelle von Pharma Deutschland:<\/p>\n<p>Hannes H\u00f6nemann<br \/>Leiter Abteilung Presse- und \u00d6ffentlichkeitsarbeit<br \/>T. +49 171 5618203<br \/><a href=\"https:\/\/www.presseportal.de\/pm\/54882\/mailto: hoenemann@pharmadeutschland.de\" class=\"uri-mailto\" rel=\"nofollow noopener\" target=\"_blank\"> hoenemann@pharmadeutschland.de<\/a><\/p>\n<p>Anna Frederike Gutzeit<br \/>CvD Presse- und \u00d6ffentlichkeitsarbeit<br \/>T. +49 170 4548014<br \/><a href=\"https:\/\/www.presseportal.de\/pm\/54882\/mailto: gutzeit@pharmadeutschland.de\" class=\"uri-mailto\" rel=\"nofollow noopener\" target=\"_blank\"> gutzeit@pharmadeutschland.de<\/a><\/p>\n<p>Gesch\u00e4ftsstelle Berlin<br \/>Pharma Deutschland e.V.<br \/>Friedrichstra\u00dfe 134<br \/>10117 Berlin<\/p>\n<p>Gesch\u00e4ftsstelle Bonn<br \/>Pharma Deutschland e.V.<br \/>Ubierstra\u00dfe 71-73<br \/>53173 Bonn<\/p>\n<p>Gesch\u00e4ftsstelle Br\u00fcssel<br \/>Pharma Deutschland e.V.<br \/>Rue Marie de Bourgogne 58<br \/>1000 Br\u00fcssel<\/p>\n<p><a target=\"_blank\" class=\"uri-ext outbound\" rel=\"noopener nofollow\" href=\"https:\/\/www.pharmadeutschland.de\">www.pharmadeutschland.de<\/a><br \/>LinkedIn: <a target=\"_blank\" class=\"uri-ext outbound\" rel=\"noopener nofollow\" href=\"https:\/\/www.linkedin.com\/company\/pharmadeutschland\/\">https:\/\/www.linkedin.com\/company\/pharmadeutschland\/<\/a><br \/>X: <a target=\"_blank\" class=\"uri-ext outbound\" rel=\"noopener nofollow\" href=\"https:\/\/x.com\/PharmaDeu\">https:\/\/x.com\/PharmaDeu<\/a><\/p>\n<p class=\"originator\">Original-Content von: Pharma Deutschland e.V., \u00fcbermittelt durch news aktuell<\/p>\n","protected":false},"excerpt":{"rendered":"21.08.2025 \u2013 18:59 Pharma Deutschland e.V. Berlin (ots) Branche sieht weiterhin Versorgungsrisiken und kritisiert fehlende Planungssicherheit als strategische&hellip;\n","protected":false},"author":2,"featured_media":320445,"comment_status":"","ping_status":"","sticky":false,"template":"","format":"standard","meta":{"footnotes":""},"categories":[1842],"tags":[3283,1741,3364,29,548,30,1209,6802,178,180,179,181,64,11908,99720],"class_list":{"0":"post-362768","1":"post","2":"type-post","3":"status-publish","4":"format-standard","5":"has-post-thumbnail","7":"category-bonn","8":"tag-arzneimittel","9":"tag-bonn","10":"tag-de","11":"tag-deutschland","12":"tag-eu","13":"tag-germany","14":"tag-nordrhein-westfalen","15":"tag-pharmaindustrie","16":"tag-presse","17":"tag-pressemeldung","18":"tag-pressemitteilung","19":"tag-pressemitteilungen","20":"tag-usa","21":"tag-verbnde","22":"tag-zlle-auf-arzneimittel"},"share_on_mastodon":{"url":"https:\/\/pubeurope.com\/@de\/115068744766633407","error":""},"_links":{"self":[{"href":"https:\/\/www.europesays.com\/de\/wp-json\/wp\/v2\/posts\/362768","targetHints":{"allow":["GET"]}}],"collection":[{"href":"https:\/\/www.europesays.com\/de\/wp-json\/wp\/v2\/posts"}],"about":[{"href":"https:\/\/www.europesays.com\/de\/wp-json\/wp\/v2\/types\/post"}],"author":[{"embeddable":true,"href":"https:\/\/www.europesays.com\/de\/wp-json\/wp\/v2\/users\/2"}],"replies":[{"embeddable":true,"href":"https:\/\/www.europesays.com\/de\/wp-json\/wp\/v2\/comments?post=362768"}],"version-history":[{"count":0,"href":"https:\/\/www.europesays.com\/de\/wp-json\/wp\/v2\/posts\/362768\/revisions"}],"wp:featuredmedia":[{"embeddable":true,"href":"https:\/\/www.europesays.com\/de\/wp-json\/wp\/v2\/media\/320445"}],"wp:attachment":[{"href":"https:\/\/www.europesays.com\/de\/wp-json\/wp\/v2\/media?parent=362768"}],"wp:term":[{"taxonomy":"category","embeddable":true,"href":"https:\/\/www.europesays.com\/de\/wp-json\/wp\/v2\/categories?post=362768"},{"taxonomy":"post_tag","embeddable":true,"href":"https:\/\/www.europesays.com\/de\/wp-json\/wp\/v2\/tags?post=362768"}],"curies":[{"name":"wp","href":"https:\/\/api.w.org\/{rel}","templated":true}]}}