{"id":362781,"date":"2025-08-21T21:00:15","date_gmt":"2025-08-21T21:00:15","guid":{"rendered":"https:\/\/www.europesays.com\/de\/362781\/"},"modified":"2025-08-21T21:00:15","modified_gmt":"2025-08-21T21:00:15","slug":"sporthalle-in-hannover-misburg-durch-feuer-zerstoert","status":"publish","type":"post","link":"https:\/\/www.europesays.com\/de\/362781\/","title":{"rendered":"Sporthalle in Hannover-Misburg durch Feuer zerst\u00f6rt"},"content":{"rendered":"<p>        <img decoding=\"async\" src=\"https:\/\/www.europesays.com\/de\/wp-content\/uploads\/2025\/08\/turnhalle-122.webp\" alt=\"Drohnenaufnahme einer brennenden Turnhalle in Hannover-Misburg\" title=\"Drohnenaufnahme einer brennenden Turnhalle in Hannover-Misburg | Hannover Reporter\" class=\"responsive\"\/><\/p>\n<p>\n            Stand: 21.08.2025 22:29 Uhr<\/p>\n<p class=\"preface\">In Hannover-Misburg hat am Donnerstagabend eine Sporthalle gebrannt. Die Feuerwehr war am Abend mit einem Gro\u00dfaufgebot im Einsatz. Der Unterricht an der dortigen Schule f\u00e4llt am Freitag aus.<\/p>\n<p class=\"\">\nDie Feuerwehr bat die Bev\u00f6lkerung, Fenster und T\u00fcren geschlossen zu halten und das betroffene Gebiet zu meiden. 197 Einsatzkr\u00e4fte waren zwischenzeitlich vor Ort, um das Feuer zu l\u00f6schen. Am sp\u00e4ten Abend war der Brand zwar unter Kontrolle, wie ein Feuerwehrsprecher dem NDR Niedersachsen mitteilte. Die L\u00f6scharbeiten sollten dem Sprecher zufolge aber noch einige Stunden dauern. Zwei Einsatzkr\u00e4fte seien leicht verletzt worden.<\/p>\n<p>    Oberb\u00fcrgermeister Belit Onay vor Ort angek\u00fcndigt<\/p>\n<p class=\"\">\nIm Anschluss wollten die Einsatzkr\u00e4fte die angrenzende Schule auf Brandsch\u00e4den untersuchen, wie der Feuerwehrsprecher mitteilte. F\u00fcr die Sch\u00fcler und Sch\u00fclerinnen jedenfalls falle der Unterricht am Freitag aus, hie\u00df es am Abend. Die Brandursache ist noch unklar. Hannovers Oberb\u00fcrgermeister Belit Onay (Gr\u00fcne) hatte den Angaben zufolge angek\u00fcndigt, sich vor Ort ein Bild vom Geschehen zu machen.<\/p>\n<p>\n            <strong>Video:<\/strong><br \/>\n            Sporthalle brennt in Hannover-Misburg (0 Min)\n        <\/p>\n<p>        <img decoding=\"async\" src=\"https:\/\/www.europesays.com\/de\/wp-content\/uploads\/2025\/08\/regionalh100.webp\" alt=\"Das Rathaus am Maschsee.\" title=\"Das Rathaus am Maschsee. | NDR, Julius Matuschik\" class=\"responsive\" loading=\"lazy\"\/><\/p>\n<p>\n                                    8 Min<\/p>\n<p>Was in Ihrer Region wichtig ist, h\u00f6ren Sie in dem Mitschnitt der 15.00 Uhr Regional-Nachrichten auf NDR 1 Niedersachsen.<\/p>\n","protected":false},"excerpt":{"rendered":"Stand: 21.08.2025 22:29 Uhr In Hannover-Misburg hat am Donnerstagabend eine Sporthalle gebrannt. Die Feuerwehr war am Abend mit&hellip;\n","protected":false},"author":2,"featured_media":362782,"comment_status":"","ping_status":"","sticky":false,"template":"","format":"standard","meta":{"footnotes":""},"categories":[1836],"tags":[590,2919,3364,29,987,985,30,46,27271,14,15,1411,26686],"class_list":{"0":"post-362781","1":"post","2":"type-post","3":"status-publish","4":"format-standard","5":"has-post-thumbnail","7":"category-hannover","8":"tag-aktuell","9":"tag-brand","10":"tag-de","11":"tag-deutschland","12":"tag-feuer","13":"tag-feuerwehr","14":"tag-germany","15":"tag-hannover","16":"tag-misburg","17":"tag-nachrichten","18":"tag-news","19":"tag-niedersachsen","20":"tag-sporthalle"},"share_on_mastodon":{"url":"https:\/\/pubeurope.com\/@de\/115068772398161159","error":""},"_links":{"self":[{"href":"https:\/\/www.europesays.com\/de\/wp-json\/wp\/v2\/posts\/362781","targetHints":{"allow":["GET"]}}],"collection":[{"href":"https:\/\/www.europesays.com\/de\/wp-json\/wp\/v2\/posts"}],"about":[{"href":"https:\/\/www.europesays.com\/de\/wp-json\/wp\/v2\/types\/post"}],"author":[{"embeddable":true,"href":"https:\/\/www.europesays.com\/de\/wp-json\/wp\/v2\/users\/2"}],"replies":[{"embeddable":true,"href":"https:\/\/www.europesays.com\/de\/wp-json\/wp\/v2\/comments?post=362781"}],"version-history":[{"count":0,"href":"https:\/\/www.europesays.com\/de\/wp-json\/wp\/v2\/posts\/362781\/revisions"}],"wp:featuredmedia":[{"embeddable":true,"href":"https:\/\/www.europesays.com\/de\/wp-json\/wp\/v2\/media\/362782"}],"wp:attachment":[{"href":"https:\/\/www.europesays.com\/de\/wp-json\/wp\/v2\/media?parent=362781"}],"wp:term":[{"taxonomy":"category","embeddable":true,"href":"https:\/\/www.europesays.com\/de\/wp-json\/wp\/v2\/categories?post=362781"},{"taxonomy":"post_tag","embeddable":true,"href":"https:\/\/www.europesays.com\/de\/wp-json\/wp\/v2\/tags?post=362781"}],"curies":[{"name":"wp","href":"https:\/\/api.w.org\/{rel}","templated":true}]}}