{"id":362793,"date":"2025-08-21T21:06:17","date_gmt":"2025-08-21T21:06:17","guid":{"rendered":"https:\/\/www.europesays.com\/de\/362793\/"},"modified":"2025-08-21T21:06:17","modified_gmt":"2025-08-21T21:06:17","slug":"angebranntes-essen-blaulicht-cityreport24","status":"publish","type":"post","link":"https:\/\/www.europesays.com\/de\/362793\/","title":{"rendered":"Angebranntes Essen &#8212; (Blaulicht &#8211; Cityreport24 &#8211;"},"content":{"rendered":"<p>Die Feuerwehr und die Polizei wurden Mittwoch gegen 16:50 Uhr zur Mecklenburger Stra\u00dfe gerufen. Anwohner eines Mehrfamilienhauses meldeten einen ausgel\u00f6sten Brandmelder. Vor Ort stellten die Einsatzkr\u00e4fte in einer Wohnung fest, dass Essen angebrannt war. Die 72-j\u00e4hrige Bewohnerin der betroffenen Wohnung wirkte nach erster Erkenntnis zwar unverletzt. Aufgrund der Rauchentwicklung wurde sie allerdings zur Beobachtung in ein Krankenhaus gebracht.<\/p>\n","protected":false},"excerpt":{"rendered":"Die Feuerwehr und die Polizei wurden Mittwoch gegen 16:50 Uhr zur Mecklenburger Stra\u00dfe gerufen. Anwohner eines Mehrfamilienhauses meldeten&hellip;\n","protected":false},"author":2,"featured_media":362794,"comment_status":"","ping_status":"","sticky":false,"template":"","format":"standard","meta":{"footnotes":""},"categories":[1834],"tags":[3364,29,3688,30,1209],"class_list":{"0":"post-362793","1":"post","2":"type-post","3":"status-publish","4":"format-standard","5":"has-post-thumbnail","7":"category-essen","8":"tag-de","9":"tag-deutschland","10":"tag-essen","11":"tag-germany","12":"tag-nordrhein-westfalen"},"share_on_mastodon":{"url":"https:\/\/pubeurope.com\/@de\/115068796048444683","error":""},"_links":{"self":[{"href":"https:\/\/www.europesays.com\/de\/wp-json\/wp\/v2\/posts\/362793","targetHints":{"allow":["GET"]}}],"collection":[{"href":"https:\/\/www.europesays.com\/de\/wp-json\/wp\/v2\/posts"}],"about":[{"href":"https:\/\/www.europesays.com\/de\/wp-json\/wp\/v2\/types\/post"}],"author":[{"embeddable":true,"href":"https:\/\/www.europesays.com\/de\/wp-json\/wp\/v2\/users\/2"}],"replies":[{"embeddable":true,"href":"https:\/\/www.europesays.com\/de\/wp-json\/wp\/v2\/comments?post=362793"}],"version-history":[{"count":0,"href":"https:\/\/www.europesays.com\/de\/wp-json\/wp\/v2\/posts\/362793\/revisions"}],"wp:featuredmedia":[{"embeddable":true,"href":"https:\/\/www.europesays.com\/de\/wp-json\/wp\/v2\/media\/362794"}],"wp:attachment":[{"href":"https:\/\/www.europesays.com\/de\/wp-json\/wp\/v2\/media?parent=362793"}],"wp:term":[{"taxonomy":"category","embeddable":true,"href":"https:\/\/www.europesays.com\/de\/wp-json\/wp\/v2\/categories?post=362793"},{"taxonomy":"post_tag","embeddable":true,"href":"https:\/\/www.europesays.com\/de\/wp-json\/wp\/v2\/tags?post=362793"}],"curies":[{"name":"wp","href":"https:\/\/api.w.org\/{rel}","templated":true}]}}