{"id":362975,"date":"2025-08-21T22:45:18","date_gmt":"2025-08-21T22:45:18","guid":{"rendered":"https:\/\/www.europesays.com\/de\/362975\/"},"modified":"2025-08-21T22:45:18","modified_gmt":"2025-08-21T22:45:18","slug":"berliner-s-bahn-faehrt-mit-fahrgaesten-versehentlich-aufs-abstellgleis","status":"publish","type":"post","link":"https:\/\/www.europesays.com\/de\/362975\/","title":{"rendered":"Berliner S-Bahn f\u00e4hrt mit Fahrg\u00e4sten versehentlich aufs Abstellgleis"},"content":{"rendered":"<p>Rund zwei Dutzend Fahrg\u00e4ste der Berliner S-Bahn d\u00fcrften sich am Donnerstag sehr gewundert haben: Die Linie 7 bef\u00f6rderte sie ohne Halt an mehreren Bahnh\u00f6fen direkt auf ein Abstellgleis.<\/p>\n<p>Ein S-Bahn-Zug der Linie 7 ist am Donnerstagvormittag in Berlin versehentlich mit Fahrg\u00e4sten auf ein Abstellgleis gefahren. Das hat die S-Bahn dem rbb auf Nachfrage best\u00e4tigt.<\/p>\n<p>Demnach ist die Bahn wegen eines technischen Defekts am Zug vom Bahnhof N\u00f6ldnerplatz bis Warschauer Stra\u00dfe ohne Halt durchgefahren.<\/p>\n<p>Weil zudem die Lautsprecherdurchsage im Zug nicht funktioniert hat, konnte der Triebfahrzeugf\u00fchrer die Fahrg\u00e4ste nicht wie gewohnt informieren &#8211; auch nicht dar\u00fcber, dass der Zug anschlie\u00dfend auf ein Abstellgleis fahren sollte.<\/p>\n<p>&#8222;Wir bedauern diese missliche Situation ausdr\u00fccklich und entschuldigen uns bei den Fahrg\u00e4sten, die davon betroffen waren&#8220;, erkl\u00e4rte eine Bahnsprecherin.<\/p>\n<p>Nach rbb-Informationen waren mehr als 20 Personen in dem Zug. Ein Passagier berichtete einem rbb-Reporter, dass der Zug anschlie\u00dfend zum Bahnhof Warschauer Stra\u00dfe zur\u00fcckkehrte und die Fahrg\u00e4ste dort aussteigen konnten.<\/p>\n<p>Sendung: Radio Eins, 21.08.2025, 18:30 Uhr<\/p>\n","protected":false},"excerpt":{"rendered":"Rund zwei Dutzend Fahrg\u00e4ste der Berliner S-Bahn d\u00fcrften sich am Donnerstag sehr gewundert haben: Die Linie 7 bef\u00f6rderte&hellip;\n","protected":false},"author":2,"featured_media":362976,"comment_status":"","ping_status":"","sticky":false,"template":"","format":"standard","meta":{"footnotes":""},"categories":[1825],"tags":[1941,1939,296,1937,29,30,1940,1938],"class_list":{"0":"post-362975","1":"post","2":"type-post","3":"status-publish","4":"format-standard","5":"has-post-thumbnail","7":"category-berlin","8":"tag-aktuelle-nachrichten-aus-berlin","9":"tag-aktuelle-news-aus-berlin","10":"tag-berlin","11":"tag-berlin-news","12":"tag-deutschland","13":"tag-germany","14":"tag-nachrichten-aus-berlin","15":"tag-news-aus-berlin"},"share_on_mastodon":{"url":"https:\/\/pubeurope.com\/@de\/115069185080213846","error":""},"_links":{"self":[{"href":"https:\/\/www.europesays.com\/de\/wp-json\/wp\/v2\/posts\/362975","targetHints":{"allow":["GET"]}}],"collection":[{"href":"https:\/\/www.europesays.com\/de\/wp-json\/wp\/v2\/posts"}],"about":[{"href":"https:\/\/www.europesays.com\/de\/wp-json\/wp\/v2\/types\/post"}],"author":[{"embeddable":true,"href":"https:\/\/www.europesays.com\/de\/wp-json\/wp\/v2\/users\/2"}],"replies":[{"embeddable":true,"href":"https:\/\/www.europesays.com\/de\/wp-json\/wp\/v2\/comments?post=362975"}],"version-history":[{"count":0,"href":"https:\/\/www.europesays.com\/de\/wp-json\/wp\/v2\/posts\/362975\/revisions"}],"wp:featuredmedia":[{"embeddable":true,"href":"https:\/\/www.europesays.com\/de\/wp-json\/wp\/v2\/media\/362976"}],"wp:attachment":[{"href":"https:\/\/www.europesays.com\/de\/wp-json\/wp\/v2\/media?parent=362975"}],"wp:term":[{"taxonomy":"category","embeddable":true,"href":"https:\/\/www.europesays.com\/de\/wp-json\/wp\/v2\/categories?post=362975"},{"taxonomy":"post_tag","embeddable":true,"href":"https:\/\/www.europesays.com\/de\/wp-json\/wp\/v2\/tags?post=362975"}],"curies":[{"name":"wp","href":"https:\/\/api.w.org\/{rel}","templated":true}]}}