{"id":363156,"date":"2025-08-22T00:23:09","date_gmt":"2025-08-22T00:23:09","guid":{"rendered":"https:\/\/www.europesays.com\/de\/363156\/"},"modified":"2025-08-22T00:23:09","modified_gmt":"2025-08-22T00:23:09","slug":"irene-mihalic-gruenenpolitikerin-hinterfragt-julia-kloeckner-als-bundestagspraesidentin","status":"publish","type":"post","link":"https:\/\/www.europesays.com\/de\/363156\/","title":{"rendered":"Irene Mihalic: Gr\u00fcnenpolitikerin hinterfragt Julia Kl\u00f6ckner als Bundestagspr\u00e4sidentin"},"content":{"rendered":"<p class=\"paragraph article__item\">Die Erste Parlamentarische Gesch\u00e4ftsf\u00fchrerin der Gr\u00fcnen-Bundestagsfraktion, Irene Mihalic, hat die Eignung von Bundestagspr\u00e4sidentin <a class=\"rtr-entity\" href=\"https:\/\/www.zeit.de\/thema\/julia-kloeckner\" target=\"_blank\" rel=\"noopener\">Julia Kl\u00f6ckner<\/a> (CDU) f\u00fcr ihr Amt infrage gestellt. Anlass ist der neueste Bericht \u00fcber Kl\u00f6ckners enge Verflechtung mit dem Unternehmer Frank Gotthardt, <a href=\"https:\/\/www.zeit.de\/politik\/deutschland\/2025-08\/frank-gotthardt-nius-cdu-firma-friedrich-merz-julia-kloeckner\" class=\"\" target=\"_blank\" rel=\"noopener\">\u00fcber die auch DIE ZEIT berichtete<\/a>.\u00a0\n<\/p>\n<p class=\"paragraph article__item\">&#8222;Die Union muss sich ernsthaft fragen, ob Kl\u00f6ckner tats\u00e4chlich die richtige Wahl f\u00fcr das zweith\u00f6chste Staatsamt war&#8220;, sagte Mihalic dem RedaktionsNetzwerk Deutschland (RND). &#8222;Es liegt nun an der Union und auch Kl\u00f6ckner selbst, jeden Zweifel bez\u00fcglich der \u00dcberparteilichkeit ihrer Amtsf\u00fchrung und an ihrer Eignung auszur\u00e4umen.&#8220;\n<\/p>\n<p class=\"paragraph article__item\">Die Gr\u00fcnenpolitikerin sagte weiter: &#8222;Schon als Schatzmeisterin der Union unterhielt Julia Kl\u00f6ckner auff\u00e4llig enge Verbindungen zu Frank Gotthardt \u2013 einem Unternehmer, der rechtspopulistische Medien finanziert.&#8220; Wer solche Verbindungen pflege, sende klare Signale, wohin sich die Union politisch bewegen solle, sagte Mihalic. Dass Kl\u00f6ckner diese N\u00e4he nun auch als Bundestagspr\u00e4sidentin aufrechterhalte, sei &#8222;nicht nur ein politischer Fehltritt&#8220;, es werfe zudem &#8222;ein beunruhigendes Licht auf ihr Amtsverst\u00e4ndnis&#8220;.\n<\/p>\n<p>        Kl\u00f6ckner bef\u00fcrwortete Gr\u00fcndung von gemeinsamen Unternehmen        <\/p>\n<p class=\"paragraph article__item\">Das Medienunternehmen<a href=\"https:\/\/table.media\/berlin\/talk-of-the-town\/intensive-verbindung-wie-die-cdu-mit-frank-gotthardt-ein-unternehmen-gruenden-wollte-und-welche-rolle-julia-kloeckner-dabei-spielte\" class=\"\" target=\"_blank\" rel=\"noopener\">Table.Briefings<\/a> hatte zuvor berichtet, dass Kl\u00f6ckner 2023 in ihrer damaligen Funktion als CDU-Schatzmeisterin die <a href=\"https:\/\/www.zeit.de\/politik\/deutschland\/2025-08\/frank-gotthardt-nius-cdu-firma-friedrich-merz-julia-kloeckner\" class=\"\" target=\"_blank\" rel=\"noopener\">Gr\u00fcndung eines gemeinsamen Unternehmens<\/a> der Partei mit Gotthardt bef\u00fcrwortet habe. Damals habe die <a class=\"rtr-entity\" href=\"https:\/\/www.zeit.de\/thema\/cdu\" target=\"_blank\" rel=\"noopener\">CDU<\/a> mit Gotthardt eine &#8222;CDU App GmbH&#8220; gr\u00fcnden wollen, die die IT- und Digitalstrategie der Partei h\u00e4tte verantworten und weiterentwickeln sollen.\u00a0\n<\/p>\n<p class=\"paragraph article__item\">Vergangene Woche hatte Kl\u00f6ckner au\u00dferdem ein Gru\u00dfwort beim Sommerfest der CDU Koblenz in den Firmenr\u00e4umen der CompuGroup Medical gehalten \u2013 das ist ein Medizindienstleister Gotthardts. Der Unternehmer finanziert zudem das <a href=\"https:\/\/www.zeit.de\/2024\/40\/julian-reichelt-nius-nachrichten-bild-rechtspopulismus\/komplettansicht\" class=\"\" target=\"_blank\" rel=\"noopener\">rechtspopulistische Portal N<\/a><a href=\"https:\/\/www.zeit.de\/2024\/40\/julian-reichelt-nius-nachrichten-bild-rechtspopulismus\/komplettansicht\" class=\"\" target=\"_blank\" rel=\"noopener\">ius<\/a>. Kritiker werfen Nius Falschbehauptungen und Hetzkampagnen vor \u2013 <a href=\"https:\/\/www.zeit.de\/kultur\/2025-08\/konservatismus-union-rechtspopulismus-gefahr-einfluss-nius\" class=\"\" target=\"_blank\" rel=\"noopener\">etwa im Fall der Kandidatin f\u00fcr das Verfassungsgericht, Frauke Brosius-Gersdorf<\/a>. Die Bundestagspr\u00e4sidentin verglich das Portal in ihrer Rede mit der linken Tageszeitung taz, wof\u00fcr sie vielfach kritisiert wurde.\n<\/p>\n<p>            Julia Kl\u00f6ckner        <\/p>\n<p>Mehr zum Thema<\/p>\n<p>                <a href=\"https:\/\/www.zeit.de\/politik\/deutschland\/2025-08\/frank-gotthardt-nius-cdu-firma-friedrich-merz-julia-kloeckner\" data-ct-label=\"Frank Gotthardt: CDU-Spitze erwog Kooperation mit Firma von Nius-Finanzier\" target=\"_blank\" rel=\"noopener\"><\/p>\n<p>        Z+ (abopflichtiger Inhalt);<\/p>\n<p>    Frank Gotthardt:<br \/>\n                        CDU-Spitze erwog Kooperation mit Firma von Nius-Finanzier<\/p>\n<p>                <\/a><\/p>\n<p>                <a href=\"https:\/\/www.zeit.de\/2025\/36\/vergleich-nius-taz-julia-kloeckner-kritik\" data-ct-label=\"Julia Kl\u00f6ckner: Sie verletzt ihre eigenen Standards\" target=\"_blank\" rel=\"noopener\"><\/p>\n<p>        Z+ (abopflichtiger Inhalt);<\/p>\n<p>    Julia Kl\u00f6ckner:<br \/>\n                        Sie verletzt ihre eigenen Standards<\/p>\n<p>                <\/a><\/p>\n<p>                <a href=\"https:\/\/www.zeit.de\/2025\/28\/julia-kloeckner-bundestagspraesidentin-neutralitaet-amt\" data-ct-label=\"Julia Kl\u00f6ckner: Quer statt queer\" target=\"_blank\" rel=\"noopener\"><\/p>\n<p>        Z+ (abopflichtiger Inhalt);<\/p>\n<p>    Julia Kl\u00f6ckner:<br \/>\n                        Quer statt queer<\/p>\n<p>                <\/a><\/p>\n","protected":false},"excerpt":{"rendered":"Die Erste Parlamentarische Gesch\u00e4ftsf\u00fchrerin der Gr\u00fcnen-Bundestagsfraktion, Irene Mihalic, hat die Eignung von Bundestagspr\u00e4sidentin Julia Kl\u00f6ckner (CDU) f\u00fcr ihr&hellip;\n","protected":false},"author":2,"featured_media":363157,"comment_status":"","ping_status":"","sticky":false,"template":"","format":"standard","meta":{"footnotes":""},"categories":[5],"tags":[26182,31,99758,13,99757,28296,14,15,16,9238,12,10,8,9,11],"class_list":{"0":"post-363156","1":"post","2":"type-post","3":"status-publish","4":"format-standard","5":"has-post-thumbnail","7":"category-nachrichten","8":"tag-bedraengnis","9":"tag-cdu","10":"tag-frank-gotthardt","11":"tag-headlines","12":"tag-irene-mihalic","13":"tag-julia-kloeckner","14":"tag-nachrichten","15":"tag-news","16":"tag-politik","17":"tag-redaktionsnetzwerk-deutschland","18":"tag-schlagzeilen","19":"tag-top-news","20":"tag-top-meldungen","21":"tag-topmeldungen","22":"tag-topnews"},"share_on_mastodon":{"url":"https:\/\/pubeurope.com\/@de\/115069570476313794","error":""},"_links":{"self":[{"href":"https:\/\/www.europesays.com\/de\/wp-json\/wp\/v2\/posts\/363156","targetHints":{"allow":["GET"]}}],"collection":[{"href":"https:\/\/www.europesays.com\/de\/wp-json\/wp\/v2\/posts"}],"about":[{"href":"https:\/\/www.europesays.com\/de\/wp-json\/wp\/v2\/types\/post"}],"author":[{"embeddable":true,"href":"https:\/\/www.europesays.com\/de\/wp-json\/wp\/v2\/users\/2"}],"replies":[{"embeddable":true,"href":"https:\/\/www.europesays.com\/de\/wp-json\/wp\/v2\/comments?post=363156"}],"version-history":[{"count":0,"href":"https:\/\/www.europesays.com\/de\/wp-json\/wp\/v2\/posts\/363156\/revisions"}],"wp:featuredmedia":[{"embeddable":true,"href":"https:\/\/www.europesays.com\/de\/wp-json\/wp\/v2\/media\/363157"}],"wp:attachment":[{"href":"https:\/\/www.europesays.com\/de\/wp-json\/wp\/v2\/media?parent=363156"}],"wp:term":[{"taxonomy":"category","embeddable":true,"href":"https:\/\/www.europesays.com\/de\/wp-json\/wp\/v2\/categories?post=363156"},{"taxonomy":"post_tag","embeddable":true,"href":"https:\/\/www.europesays.com\/de\/wp-json\/wp\/v2\/tags?post=363156"}],"curies":[{"name":"wp","href":"https:\/\/api.w.org\/{rel}","templated":true}]}}