{"id":363165,"date":"2025-08-22T00:29:18","date_gmt":"2025-08-22T00:29:18","guid":{"rendered":"https:\/\/www.europesays.com\/de\/363165\/"},"modified":"2025-08-22T00:29:18","modified_gmt":"2025-08-22T00:29:18","slug":"20-jaehriger-auf-e-scooter-bei-unfall-in-moenchengladbach-schwer-verletzt","status":"publish","type":"post","link":"https:\/\/www.europesays.com\/de\/363165\/","title":{"rendered":"20-J\u00e4hriger auf E-Scooter bei Unfall in M\u00f6nchengladbach schwer verletzt"},"content":{"rendered":"<p class=\"text_ohne_einzug richtext text-em-55 !leading-serif mx-6 desktop:mx-0\"> Am Mittwoch, 20. August, ist ein 20-j\u00e4hriger E-Scooter-Fahrer leicht verletzt worden. Das teilt die <a href=\"https:\/\/rp-online.de\/thema\/polizei\/\" target=\"_blank\" rel=\"noopener\">Polizei<\/a> mit. Das Ganze passierte an der Kreuzung Krefelder Stra\u00dfe\/Nordstra\u00dfe. Demnach wollte der Mann gegen 22.45 Uhr die Kreuzung vom Nordring aus in Richtung Engelblecker Stra\u00dfe \u00fcberqueren. Zeitgleich bog ein Auto aus dieser Stra\u00dfe nach links Richtung Krefelder Stra\u00dfe ab. Beide Fahrzeuge stie\u00dfen zusammen, dabei wurde der 20-J\u00e4hrige leicht verletzt. Der Autofahrer stieg aus, begleitete den Mann zum Gehweg und gab an, seinen Wagen versetzt zu wollen. Doch er stieg ins Auto und fl\u00fcchtete auf der Krefelder Stra\u00dfe in Richtung Stadtzentrum.<\/p>\n<p class=\"richtext text-em-55 !leading-serif mx-6 desktop:mx-0\">Die alarmierten Polizeibeamten fanden den 39-J\u00e4hrigen aber wenig sp\u00e4ter durch Zeugenbeschreibungen in seinem Auto wieder und f\u00fchrten eine Verkehrskontrolle durch. Dabei nahmen sie deutlichen Alkoholgeruch wahr. Ein freiwillig durchgef\u00fchrter Atemalkoholtest fiel positiv aus. Die Polizisten nahmen ihn mit zur Polizeiwache, wo ein Arzt ihm eine Blutprobe entnahm. Gegen den Mann wird nun wegen Stra\u00dfenverkehrsgef\u00e4hrdung mit Fahrunsicherheit infolge von Alkoholkonsum sowie unerlaubtem Entfernen vom Unfallort ermittelt.<\/p>\n","protected":false},"excerpt":{"rendered":"Am Mittwoch, 20. August, ist ein 20-j\u00e4hriger E-Scooter-Fahrer leicht verletzt worden. Das teilt die Polizei mit. Das Ganze&hellip;\n","protected":false},"author":2,"featured_media":354218,"comment_status":"","ping_status":"","sticky":false,"template":"","format":"standard","meta":{"footnotes":""},"categories":[1849],"tags":[513,6175,3364,29,548,663,3934,4731,9393,30,13,18273,38706,4455,14,58681,15,1209,14252,12,4728,524,99759,5185],"class_list":{"0":"post-363165","1":"post","2":"type-post","3":"status-publish","4":"format-standard","5":"has-post-thumbnail","7":"category-moenchengladbach","8":"tag-auto","9":"tag-autofahrer","10":"tag-de","11":"tag-deutschland","12":"tag-eu","13":"tag-europa","14":"tag-europe","15":"tag-fahrer","16":"tag-fanden","17":"tag-germany","18":"tag-headlines","19":"tag-jaehriger","20":"tag-krefelder","21":"tag-moenchengladbach","22":"tag-nachrichten","23":"tag-nahmen","24":"tag-news","25":"tag-nordrhein-westfalen","26":"tag-richtung","27":"tag-schlagzeilen","28":"tag-scooter","29":"tag-strasse","30":"tag-strassenverkehrsgefaehrdung","31":"tag-verletzt"},"share_on_mastodon":{"url":"https:\/\/pubeurope.com\/@de\/115069594123140736","error":""},"_links":{"self":[{"href":"https:\/\/www.europesays.com\/de\/wp-json\/wp\/v2\/posts\/363165","targetHints":{"allow":["GET"]}}],"collection":[{"href":"https:\/\/www.europesays.com\/de\/wp-json\/wp\/v2\/posts"}],"about":[{"href":"https:\/\/www.europesays.com\/de\/wp-json\/wp\/v2\/types\/post"}],"author":[{"embeddable":true,"href":"https:\/\/www.europesays.com\/de\/wp-json\/wp\/v2\/users\/2"}],"replies":[{"embeddable":true,"href":"https:\/\/www.europesays.com\/de\/wp-json\/wp\/v2\/comments?post=363165"}],"version-history":[{"count":0,"href":"https:\/\/www.europesays.com\/de\/wp-json\/wp\/v2\/posts\/363165\/revisions"}],"wp:featuredmedia":[{"embeddable":true,"href":"https:\/\/www.europesays.com\/de\/wp-json\/wp\/v2\/media\/354218"}],"wp:attachment":[{"href":"https:\/\/www.europesays.com\/de\/wp-json\/wp\/v2\/media?parent=363165"}],"wp:term":[{"taxonomy":"category","embeddable":true,"href":"https:\/\/www.europesays.com\/de\/wp-json\/wp\/v2\/categories?post=363165"},{"taxonomy":"post_tag","embeddable":true,"href":"https:\/\/www.europesays.com\/de\/wp-json\/wp\/v2\/tags?post=363165"}],"curies":[{"name":"wp","href":"https:\/\/api.w.org\/{rel}","templated":true}]}}