{"id":363169,"date":"2025-08-22T00:32:10","date_gmt":"2025-08-22T00:32:10","guid":{"rendered":"https:\/\/www.europesays.com\/de\/363169\/"},"modified":"2025-08-22T00:32:10","modified_gmt":"2025-08-22T00:32:10","slug":"mieten-oder-kaufen-diese-frage-stellt-sich-vielen-erst-gar-nicht","status":"publish","type":"post","link":"https:\/\/www.europesays.com\/de\/363169\/","title":{"rendered":"Mieten oder kaufen? Diese Frage stellt sich vielen erst gar nicht"},"content":{"rendered":"<p class=\"mb-6 text-xs md:text-m lg:text-l font-serif group-[.font-sans]:font-sans \">\n    Mieten oder kaufen? Diese Frage stellt sich vielen erst gar nicht. Die Beweggr\u00fcnde sind unterschiedlich. Wer eine Wohnung oder ein Haus kauft, hat Verpflichtungen. In der Regel muss jahrzehntelang ein Kredit abbezahlt werden. Wer Eigentum will, bindet sich an einen Ort oder muss sich um die Mieter k\u00fcmmern. Wer hingegen mietet, muss zwar monatlich in der Regel deutlich weniger zahlen, steht am Ende aber ohne die eigenen vier W\u00e4nde da. Die Frage, was besser ist, ist f\u00fcr viele aber keine der Abw\u00e4gung. Die aktuellen Zahlen belegen: Ein Einfamilienhaus im Landkreis Augsburg l\u00e4sst sich selbst mit \u00fcberdurchschnittlichem Haushaltseinkommen und ohne eine gro\u00dfe Summe an Eigenkapital kaum finanzieren.\n  <\/p>\n<ul data-module-id=\"DragDropModule\" class=\"flex flex-wrap justify-start group-[.no-bookmarks]:hidden\">\n<li class=\"mb-3 mr-3\">\n    Philipp Kinne<\/p>\n<p>      Icon Haken im Kreis gesetzt<\/p>\n<p>      Icon Plus im Kreis<\/p>\n<\/li>\n<li class=\"mb-3 mr-3\">\n    Mieten<\/p>\n<p>      Icon Haken im Kreis gesetzt<\/p>\n<p>      Icon Plus im Kreis<\/p>\n<\/li>\n<li class=\"mb-3 mr-3\">\n    Wohnungsmarkt<\/p>\n<p>      Icon Haken im Kreis gesetzt<\/p>\n<p>      Icon Plus im Kreis<\/p>\n<\/li>\n<\/ul>\n","protected":false},"excerpt":{"rendered":"Mieten oder kaufen? Diese Frage stellt sich vielen erst gar nicht. Die Beweggr\u00fcnde sind unterschiedlich. Wer eine Wohnung&hellip;\n","protected":false},"author":2,"featured_media":363170,"comment_status":"","ping_status":"","sticky":false,"template":"","format":"standard","meta":{"footnotes":""},"categories":[1846],"tags":[680,772,3364,29,548,663,3934,30,13,14,15,12],"class_list":{"0":"post-363169","1":"post","2":"type-post","3":"status-publish","4":"format-standard","5":"has-post-thumbnail","7":"category-augsburg","8":"tag-augsburg","9":"tag-bayern","10":"tag-de","11":"tag-deutschland","12":"tag-eu","13":"tag-europa","14":"tag-europe","15":"tag-germany","16":"tag-headlines","17":"tag-nachrichten","18":"tag-news","19":"tag-schlagzeilen"},"share_on_mastodon":{"url":"https:\/\/pubeurope.com\/@de\/115069605903716289","error":""},"_links":{"self":[{"href":"https:\/\/www.europesays.com\/de\/wp-json\/wp\/v2\/posts\/363169","targetHints":{"allow":["GET"]}}],"collection":[{"href":"https:\/\/www.europesays.com\/de\/wp-json\/wp\/v2\/posts"}],"about":[{"href":"https:\/\/www.europesays.com\/de\/wp-json\/wp\/v2\/types\/post"}],"author":[{"embeddable":true,"href":"https:\/\/www.europesays.com\/de\/wp-json\/wp\/v2\/users\/2"}],"replies":[{"embeddable":true,"href":"https:\/\/www.europesays.com\/de\/wp-json\/wp\/v2\/comments?post=363169"}],"version-history":[{"count":0,"href":"https:\/\/www.europesays.com\/de\/wp-json\/wp\/v2\/posts\/363169\/revisions"}],"wp:featuredmedia":[{"embeddable":true,"href":"https:\/\/www.europesays.com\/de\/wp-json\/wp\/v2\/media\/363170"}],"wp:attachment":[{"href":"https:\/\/www.europesays.com\/de\/wp-json\/wp\/v2\/media?parent=363169"}],"wp:term":[{"taxonomy":"category","embeddable":true,"href":"https:\/\/www.europesays.com\/de\/wp-json\/wp\/v2\/categories?post=363169"},{"taxonomy":"post_tag","embeddable":true,"href":"https:\/\/www.europesays.com\/de\/wp-json\/wp\/v2\/tags?post=363169"}],"curies":[{"name":"wp","href":"https:\/\/api.w.org\/{rel}","templated":true}]}}