{"id":363195,"date":"2025-08-22T00:46:19","date_gmt":"2025-08-22T00:46:19","guid":{"rendered":"https:\/\/www.europesays.com\/de\/363195\/"},"modified":"2025-08-22T00:46:19","modified_gmt":"2025-08-22T00:46:19","slug":"usa-demokraten-in-kalifornien-treiben-wahlkreisreform-voran","status":"publish","type":"post","link":"https:\/\/www.europesays.com\/de\/363195\/","title":{"rendered":"USA: Demokraten in Kalifornien treiben Wahlkreisreform voran"},"content":{"rendered":"<p class=\"paragraph article__item\">Das kalifornische<br \/>\nParlament hat einen Plan f\u00fcr einen Neuzuschnitt der<br \/>\nWahlkreise gebilligt, der den <a class=\"rtr-entity\" href=\"https:\/\/www.zeit.de\/thema\/demokraten-usa\" target=\"_blank\" rel=\"noopener\">Demokraten<\/a> f\u00fcnf zus\u00e4tzliche Sitze<br \/>\nim US-Kongress verschaffen soll.\u00a0Nach stundenlangen Debatten stimmten die Gesetzgeber am Donnerstag<br \/>\n(Ortszeit) \u00fcberwiegend entlang der Parteigrenzen f\u00fcr ein Ma\u00dfnahmenpaket,<br \/>\n das den Weg f\u00fcr eine Sonderwahl zur Wahlkreisreform ebnet. Diese Abstimmung soll am 4. November stattfinden.\u00a0Die Republikaner k\u00fcndigten Widerstand an.\n<\/p>\n<p class=\"paragraph article__item\"><a class=\"rtr-entity\" href=\"https:\/\/www.zeit.de\/thema\/kalifornien\" target=\"_blank\" rel=\"noopener\">Kaliforniens<\/a> demokratischer Gouverneur<br \/>\n Gavin Newsom unterzeichnete das Gesetz wenig sp\u00e4ter. &#8222;Wir wollen diesen Kampf nicht und wir haben<br \/>\nihn uns nicht ausgesucht,<br \/>\naber da unsere Demokratie auf dem Spiel steht, werden wir uns diesem<br \/>\nKampf nicht entziehen&#8220;, sagte der demokratische Abgeordnete Marc<br \/>\nBerman.\u00a0\n<\/p>\n<p>        Texas billigt Wahlkreisreform        <\/p>\n<p class=\"paragraph article__item\">Die Abstimmung folgte auf eine Entscheidung des<br \/>\n texanischen Repr\u00e4sentantenhauses, <a href=\"https:\/\/www.zeit.de\/politik\/ausland\/2025-08\/wahlkreise-texas-republikaner-sitze-repraesentantenhaus\" class=\"\" target=\"_blank\" rel=\"noopener\">das am Mittwoch ebenfalls f\u00fcr einen<br \/>\nNeuzuschnitt der Wahlkreise gestimmt hatte<\/a>. Ziel der <a class=\"rtr-entity\" href=\"https:\/\/www.zeit.de\/thema\/republikaner-usa\" target=\"_blank\" rel=\"noopener\">Republikaner<\/a> in<br \/>\nTexas ist es, auf Bestreben von Pr\u00e4sident Donald Trump die Wahlkreise so<br \/>\n zu ihren Gunsten zu ver\u00e4ndern, dass die Partei ihre Mehrheit bei den<br \/>\nZwischenwahlen im kommenden Jahr ausbauen kann. So sollen nun f\u00fcnf<br \/>\nweitere Wahlkreise geschaffen werden, deren W\u00e4hlerschaft zu den<br \/>\nRepublikanern tendiert.\u00a0\n<\/p>\n<p class=\"paragraph article__item\">Als Reaktion wollen die Demokraten in<br \/>\nKalifornien nun ebenfalls die Wahlkreise neu zuschneiden. Damit k\u00f6nnten sie m\u00f6gliche republikanische Zugewinne aus<br \/>\n<a class=\"rtr-entity\" href=\"https:\/\/www.zeit.de\/thema\/texas\" target=\"_blank\" rel=\"noopener\">Texas<\/a> im Repr\u00e4sentantenhaus in Washington ausgleichen.\u00a0\n<\/p>\n<p class=\"paragraph article__item\">Derzeit halten die Demokraten 43 der 52 Sitze Kaliforniens im <a class=\"rtr-entity\" href=\"https:\/\/www.zeit.de\/thema\/repraesentantenhaus\" target=\"_blank\" rel=\"noopener\">US-Repr\u00e4sentantenhaus<\/a>.\n<\/p>\n<p>            Wahlkreisreform        <\/p>\n<p>Mehr zum Thema<\/p>\n<p>                <a href=\"https:\/\/www.zeit.de\/kultur\/2025-08\/gavin-newsom-demokraten-politische-linke-usa-donald-trump\" data-ct-label=\"Gavin Newsom: Feuer mit Feuer bek\u00e4mpfen\" target=\"_blank\" rel=\"noopener\"><\/p>\n<p>        Z+ (abopflichtiger Inhalt);<\/p>\n<p>    Gavin Newsom:<br \/>\n                        Feuer mit Feuer bek\u00e4mpfen<\/p>\n<p>                <\/a><\/p>\n<p>                <a href=\"https:\/\/www.zeit.de\/politik\/ausland\/2025-08\/wahlkreise-texas-demokraten-republikaner-fbi\" data-ct-label=\"Wahlkreise in Texas: &quot;Dies ist ein entscheidender Moment f\u00fcr die Demokratie&quot;\" target=\"_blank\" rel=\"noopener\"><\/p>\n<p>        Z+ (abopflichtiger Inhalt);<\/p>\n<p>    Wahlkreise in Texas:<br \/>\n                        &#8222;Dies ist ein entscheidender Moment f\u00fcr die Demokratie&#8220;<\/p>\n<p>                <\/a><\/p>\n","protected":false},"excerpt":{"rendered":"Das kalifornische Parlament hat einen Plan f\u00fcr einen Neuzuschnitt der Wahlkreise gebilligt, der den Demokraten f\u00fcnf zus\u00e4tzliche Sitze&hellip;\n","protected":false},"author":2,"featured_media":363196,"comment_status":"","ping_status":"","sticky":false,"template":"","format":"standard","meta":{"footnotes":""},"categories":[3977],"tags":[331,332,22298,60253,13,2847,14,91229,15,16,21059,12,99761,797,4017,4018,4016,12795,64,4019,4020,34255,99320],"class_list":{"0":"post-363195","1":"post","2":"type-post","3":"status-publish","4":"format-standard","5":"has-post-thumbnail","7":"category-usa","8":"tag-aktuelle-nachrichten","9":"tag-aktuelle-news","10":"tag-demokraten-usa","11":"tag-gavin-newsom","12":"tag-headlines","13":"tag-kalifornien","14":"tag-nachrichten","15":"tag-neuzuschnitt","16":"tag-news","17":"tag-politik","18":"tag-republikaner-usa","19":"tag-schlagzeilen","20":"tag-sonderwahl","21":"tag-texas","22":"tag-united-states","23":"tag-united-states-of-america","24":"tag-us","25":"tag-us-repraesentantenhaus","26":"tag-usa","27":"tag-vereinigte-staaten","28":"tag-vereinigte-staaten-von-amerika","29":"tag-wahlkreis","30":"tag-wahlkreisreform"},"share_on_mastodon":{"url":"https:\/\/pubeurope.com\/@de\/115069661049513074","error":""},"_links":{"self":[{"href":"https:\/\/www.europesays.com\/de\/wp-json\/wp\/v2\/posts\/363195","targetHints":{"allow":["GET"]}}],"collection":[{"href":"https:\/\/www.europesays.com\/de\/wp-json\/wp\/v2\/posts"}],"about":[{"href":"https:\/\/www.europesays.com\/de\/wp-json\/wp\/v2\/types\/post"}],"author":[{"embeddable":true,"href":"https:\/\/www.europesays.com\/de\/wp-json\/wp\/v2\/users\/2"}],"replies":[{"embeddable":true,"href":"https:\/\/www.europesays.com\/de\/wp-json\/wp\/v2\/comments?post=363195"}],"version-history":[{"count":0,"href":"https:\/\/www.europesays.com\/de\/wp-json\/wp\/v2\/posts\/363195\/revisions"}],"wp:featuredmedia":[{"embeddable":true,"href":"https:\/\/www.europesays.com\/de\/wp-json\/wp\/v2\/media\/363196"}],"wp:attachment":[{"href":"https:\/\/www.europesays.com\/de\/wp-json\/wp\/v2\/media?parent=363195"}],"wp:term":[{"taxonomy":"category","embeddable":true,"href":"https:\/\/www.europesays.com\/de\/wp-json\/wp\/v2\/categories?post=363195"},{"taxonomy":"post_tag","embeddable":true,"href":"https:\/\/www.europesays.com\/de\/wp-json\/wp\/v2\/tags?post=363195"}],"curies":[{"name":"wp","href":"https:\/\/api.w.org\/{rel}","templated":true}]}}