{"id":363204,"date":"2025-08-22T00:53:17","date_gmt":"2025-08-22T00:53:17","guid":{"rendered":"https:\/\/www.europesays.com\/de\/363204\/"},"modified":"2025-08-22T00:53:17","modified_gmt":"2025-08-22T00:53:17","slug":"heute-gedenken-wir-des-12-jahrestages-des-chemischen-angriffs-auf-ghouta","status":"publish","type":"post","link":"https:\/\/www.europesays.com\/de\/363204\/","title":{"rendered":"Heute gedenken wir des 12. Jahrestages des chemischen Angriffs auf Ghouta"},"content":{"rendered":"<p>Die EU-Delegation in Syrien sagte heute, am Donnerstag, dass wir heute des 12. Jahrestages des chemischen Angriffs auf Ghouta gedenken, bei dem mehr als 1400 Menschen ums Leben kamen.<\/p>\n<p>In einem Beitrag auf der Plattform &#8222;X&#8220; f\u00fcgte die Delegation hinzu: &#8222;Dieser Jahrestag ist der erste nach dem Sturz des Assad-Regimes und erinnert an die Notwendigkeit, Gerechtigkeit und Rechenschaftspflicht zu erreichen&#8220;.<\/p>\n<p>Sie best\u00e4tigte, dass die EU ihre volle Unterst\u00fctzung f\u00fcr die Aktivit\u00e4ten der Organisation f\u00fcr das Verbot chemischer Waffen fortsetzt.<\/p>\n","protected":false},"excerpt":{"rendered":"Die EU-Delegation in Syrien sagte heute, am Donnerstag, dass wir heute des 12. Jahrestages des chemischen Angriffs auf&hellip;\n","protected":false},"author":2,"featured_media":363205,"comment_status":"","ping_status":"","sticky":false,"template":"","format":"standard","meta":{"footnotes":""},"categories":[3933],"tags":[331,332,99586,548,663,158,3934,3935,25727,13,14,99763,15,12],"class_list":{"0":"post-363204","1":"post","2":"type-post","3":"status-publish","4":"format-standard","5":"has-post-thumbnail","7":"category-eu","8":"tag-aktuelle-nachrichten","9":"tag-aktuelle-news","10":"tag-die-wichtigsten-nachrichten","11":"tag-eu","12":"tag-europa","13":"tag-europaeische-union","14":"tag-europe","15":"tag-european-union","16":"tag-gemeinschaft","17":"tag-headlines","18":"tag-nachrichten","19":"tag-nachrichten-aus-syrien","20":"tag-news","21":"tag-schlagzeilen"},"share_on_mastodon":{"url":"https:\/\/pubeurope.com\/@de\/115069688434657614","error":""},"_links":{"self":[{"href":"https:\/\/www.europesays.com\/de\/wp-json\/wp\/v2\/posts\/363204","targetHints":{"allow":["GET"]}}],"collection":[{"href":"https:\/\/www.europesays.com\/de\/wp-json\/wp\/v2\/posts"}],"about":[{"href":"https:\/\/www.europesays.com\/de\/wp-json\/wp\/v2\/types\/post"}],"author":[{"embeddable":true,"href":"https:\/\/www.europesays.com\/de\/wp-json\/wp\/v2\/users\/2"}],"replies":[{"embeddable":true,"href":"https:\/\/www.europesays.com\/de\/wp-json\/wp\/v2\/comments?post=363204"}],"version-history":[{"count":0,"href":"https:\/\/www.europesays.com\/de\/wp-json\/wp\/v2\/posts\/363204\/revisions"}],"wp:featuredmedia":[{"embeddable":true,"href":"https:\/\/www.europesays.com\/de\/wp-json\/wp\/v2\/media\/363205"}],"wp:attachment":[{"href":"https:\/\/www.europesays.com\/de\/wp-json\/wp\/v2\/media?parent=363204"}],"wp:term":[{"taxonomy":"category","embeddable":true,"href":"https:\/\/www.europesays.com\/de\/wp-json\/wp\/v2\/categories?post=363204"},{"taxonomy":"post_tag","embeddable":true,"href":"https:\/\/www.europesays.com\/de\/wp-json\/wp\/v2\/tags?post=363204"}],"curies":[{"name":"wp","href":"https:\/\/api.w.org\/{rel}","templated":true}]}}