{"id":363238,"date":"2025-08-22T01:19:22","date_gmt":"2025-08-22T01:19:22","guid":{"rendered":"https:\/\/www.europesays.com\/de\/363238\/"},"modified":"2025-08-22T01:19:22","modified_gmt":"2025-08-22T01:19:22","slug":"26-jaehriger-verletzt-zugpersonal-reisende-und-polizisten","status":"publish","type":"post","link":"https:\/\/www.europesays.com\/de\/363238\/","title":{"rendered":"26-J\u00e4hriger verletzt Zugpersonal, Reisende und Polizisten"},"content":{"rendered":"<p>Mit heruntergelassener Hose<\/p>\n<p>26-J\u00e4hriger verletzt Zugpersonal, Reisende und Polizisten<\/p>\n<p>Anh\u00f6renApp \u00f6ffnen<\/p>\n<p class=\"Textstyled__Text-sc-1cqv9mi-0 cLyiiX ArticleHeadstyled__ArticleSubHeadline-sc-tdzyy5-11 fXdZot\">In einem Regionalexpress von Chemnitz nach Leipzig fiel ein 26-j\u00e4hriger Mann durch lautes P\u00f6beln mit heruntergelassener Hose auf. Anschlie\u00dfend wurde er handgreiflich.<\/p>\n<p class=\"Textstyled__Text-sc-1cqv9mi-0 cLyiiX\">Leipzig, Geithain. Am Mittwochabend musste ein gewaltt\u00e4tiger Mann in einem Regionalexpress von der Bundespolizei gestoppt werden. Laut Polizeibericht soll er gegen 19 Uhr mit heruntergelassener Hose Reisende verbal angegriffen haben. Als er vom Zugpersonal aufgefordert wurde, sich wieder anzuziehen, wurde er aggressiv und schlug auf eine Zugbegleiterin ein. Er verletzte sie dabei am Kopf. Ein Reisender versuchte, zur Hilfe zu eilen und wurde dabei an der Hand verletzt. <\/p>\n<p>Weiterlesen nach der Anzeige<\/p>\n<p>Weiterlesen nach der Anzeige<\/p>\n<p class=\"Textstyled__Text-sc-1cqv9mi-0 cLyiiX\">Zu diesem Zeitpunkt war die Bundespolizei bereits alarmiert, weshalb der Zug am Bahnhof in Geithain stehen blieb. Nach Eintreffen der Beamten reagierte der 26-J\u00e4hrige ihnen gegen\u00fcber ebenfalls aggressiv und leistete massiven Widerstand, indem er auf die Polizisten einschlug. Dabei wurde eine Beamtin leicht im Gesicht verletzt. Ein Beamter erlitt eine Platzwunde am Kopf. Mithilfe von weiteren eingetroffenen Einsatzkr\u00e4ften konnte der 26-J\u00e4hrige schlie\u00dflich \u00fcberw\u00e4ltigt und festgenommen werden.<\/p>\n<p class=\"Textstyled__Text-sc-1cqv9mi-0 cLyiiX\">Die Zugbegleiterin und der verletzte Polizeibeamte wurden vom Rettungsdienst zur medizinischen Versorgung ins Krankenhaus gebracht. Die anderen Verletzten wurden noch am Bahnhof Geithain behandelt. Bundes- und die Landespolizei ermitteln nun gegen den T\u00e4ter wegen K\u00f6rperverletzung, t\u00e4tlichen Angriffs und Widerstand gegen Vollstreckungsbeamte.<\/p>\n<p class=\"Editorialstyled__Editorial-sc-5u8rgl-0 cBUuy\">LVZ<\/p>\n","protected":false},"excerpt":{"rendered":"Mit heruntergelassener Hose 26-J\u00e4hriger verletzt Zugpersonal, Reisende und Polizisten Anh\u00f6renApp \u00f6ffnen In einem Regionalexpress von Chemnitz nach Leipzig&hellip;\n","protected":false},"author":2,"featured_media":363239,"comment_status":"","ping_status":"","sticky":false,"template":"","format":"standard","meta":{"footnotes":""},"categories":[1832],"tags":[3364,29,30,71,859],"class_list":{"0":"post-363238","1":"post","2":"type-post","3":"status-publish","4":"format-standard","5":"has-post-thumbnail","7":"category-leipzig","8":"tag-de","9":"tag-deutschland","10":"tag-germany","11":"tag-leipzig","12":"tag-sachsen"},"share_on_mastodon":{"url":"https:\/\/pubeurope.com\/@de\/115069790820022418","error":""},"_links":{"self":[{"href":"https:\/\/www.europesays.com\/de\/wp-json\/wp\/v2\/posts\/363238","targetHints":{"allow":["GET"]}}],"collection":[{"href":"https:\/\/www.europesays.com\/de\/wp-json\/wp\/v2\/posts"}],"about":[{"href":"https:\/\/www.europesays.com\/de\/wp-json\/wp\/v2\/types\/post"}],"author":[{"embeddable":true,"href":"https:\/\/www.europesays.com\/de\/wp-json\/wp\/v2\/users\/2"}],"replies":[{"embeddable":true,"href":"https:\/\/www.europesays.com\/de\/wp-json\/wp\/v2\/comments?post=363238"}],"version-history":[{"count":0,"href":"https:\/\/www.europesays.com\/de\/wp-json\/wp\/v2\/posts\/363238\/revisions"}],"wp:featuredmedia":[{"embeddable":true,"href":"https:\/\/www.europesays.com\/de\/wp-json\/wp\/v2\/media\/363239"}],"wp:attachment":[{"href":"https:\/\/www.europesays.com\/de\/wp-json\/wp\/v2\/media?parent=363238"}],"wp:term":[{"taxonomy":"category","embeddable":true,"href":"https:\/\/www.europesays.com\/de\/wp-json\/wp\/v2\/categories?post=363238"},{"taxonomy":"post_tag","embeddable":true,"href":"https:\/\/www.europesays.com\/de\/wp-json\/wp\/v2\/tags?post=363238"}],"curies":[{"name":"wp","href":"https:\/\/api.w.org\/{rel}","templated":true}]}}