{"id":363257,"date":"2025-08-22T01:31:27","date_gmt":"2025-08-22T01:31:27","guid":{"rendered":"https:\/\/www.europesays.com\/de\/363257\/"},"modified":"2025-08-22T01:31:27","modified_gmt":"2025-08-22T01:31:27","slug":"sozialverwaltung-im-wandel-inbayreuth-de","status":"publish","type":"post","link":"https:\/\/www.europesays.com\/de\/363257\/","title":{"rendered":"Sozialverwaltung im Wandel | inbayreuth.de"},"content":{"rendered":"<p class=\"article-text\">\u201eLeistungen f\u00fcr Familien wie Elterngeld, die Feststellung einer Behinderung, die Inklusion behinderter Menschen ins Arbeitsleben, das Soziale Entsch\u00e4digungsrecht, die Kinder- und Jugendhilfe: Der Leistungskatalog und die Zust\u00e4ndigkeiten unserer zehn Fachbereiche sind vielf\u00e4ltig, mit einer festen Konstante: Im Mittelpunkt steht immer der Mensch. Als Sozialverwaltung verstehen wir uns als Partner der B\u00fcrgerinnen und B\u00fcrger Bayerns\u201c, so Dr. Norbert Kollmer, Pr\u00e4sident der Landesbeh\u00f6rde.<\/p>\n","protected":false},"excerpt":{"rendered":"\u201eLeistungen f\u00fcr Familien wie Elterngeld, die Feststellung einer Behinderung, die Inklusion behinderter Menschen ins Arbeitsleben, das Soziale Entsch\u00e4digungsrecht,&hellip;\n","protected":false},"author":2,"featured_media":363258,"comment_status":"","ping_status":"","sticky":false,"template":"","format":"standard","meta":{"footnotes":""},"categories":[1827],"tags":[772,29,30,1268,4157,4061],"class_list":{"0":"post-363257","1":"post","2":"type-post","3":"status-publish","4":"format-standard","5":"has-post-thumbnail","7":"category-muenchen","8":"tag-bayern","9":"tag-deutschland","10":"tag-germany","11":"tag-muenchen","12":"tag-oberfranken","13":"tag-regional"},"share_on_mastodon":{"url":"https:\/\/pubeurope.com\/@de\/115069837993767446","error":""},"_links":{"self":[{"href":"https:\/\/www.europesays.com\/de\/wp-json\/wp\/v2\/posts\/363257","targetHints":{"allow":["GET"]}}],"collection":[{"href":"https:\/\/www.europesays.com\/de\/wp-json\/wp\/v2\/posts"}],"about":[{"href":"https:\/\/www.europesays.com\/de\/wp-json\/wp\/v2\/types\/post"}],"author":[{"embeddable":true,"href":"https:\/\/www.europesays.com\/de\/wp-json\/wp\/v2\/users\/2"}],"replies":[{"embeddable":true,"href":"https:\/\/www.europesays.com\/de\/wp-json\/wp\/v2\/comments?post=363257"}],"version-history":[{"count":0,"href":"https:\/\/www.europesays.com\/de\/wp-json\/wp\/v2\/posts\/363257\/revisions"}],"wp:featuredmedia":[{"embeddable":true,"href":"https:\/\/www.europesays.com\/de\/wp-json\/wp\/v2\/media\/363258"}],"wp:attachment":[{"href":"https:\/\/www.europesays.com\/de\/wp-json\/wp\/v2\/media?parent=363257"}],"wp:term":[{"taxonomy":"category","embeddable":true,"href":"https:\/\/www.europesays.com\/de\/wp-json\/wp\/v2\/categories?post=363257"},{"taxonomy":"post_tag","embeddable":true,"href":"https:\/\/www.europesays.com\/de\/wp-json\/wp\/v2\/tags?post=363257"}],"curies":[{"name":"wp","href":"https:\/\/api.w.org\/{rel}","templated":true}]}}