{"id":363259,"date":"2025-08-22T01:32:25","date_gmt":"2025-08-22T01:32:25","guid":{"rendered":"https:\/\/www.europesays.com\/de\/363259\/"},"modified":"2025-08-22T01:32:25","modified_gmt":"2025-08-22T01:32:25","slug":"bayerns-neuzugang-zeigt-seine-grosse-liebe","status":"publish","type":"post","link":"https:\/\/www.europesays.com\/de\/363259\/","title":{"rendered":"Bayerns Neuzugang zeigt seine gro\u00dfe Liebe"},"content":{"rendered":"<ol class=\"id-DonaldBreadcrumb lp_west_breadcrumb id-DonaldBreadcrumb--default\" data-k5a-pos=\"west_breadcrumb\">\n<li class=\"id-Breadcrumb-item\"><a href=\"https:\/\/www.merkur.de\/\" class=\"id-Breadcrumb-link\" data-id-ec=\"{\" shn=\"\" textlink=\"\" data-k5a-pos=\"1_startseite\" rel=\"nofollow noopener\" target=\"_blank\">Startseite<\/a><\/li>\n<li class=\"id-Breadcrumb-item\"><a href=\"https:\/\/www.merkur.de\/sport\/\" class=\"id-Breadcrumb-link\" data-id-ec=\"{\" shn=\"\" textlink=\"\" data-k5a-pos=\"2_sport\" rel=\"nofollow noopener\" target=\"_blank\">Sport<\/a><\/li>\n<li class=\"id-Breadcrumb-item\"><a href=\"https:\/\/www.merkur.de\/sport\/fc-bayern\/\" class=\"id-Breadcrumb-link\" data-id-ec=\"{\" shn=\"\" textlink=\"\" bayern=\"\" data-k5a-pos=\"3_fcBayern\" rel=\"nofollow noopener\" target=\"_blank\">FC Bayern<\/a><\/li>\n<\/ol>\n<p class=\"id-Story-timestamp id-Story-timestamp--default\">Stand: 21.08.2025, 19:02 Uhr<\/p>\n<p class=\"id-Story-authors id-Story-authors--default\">Von: <a class=\"id-Story-authors-link lp_west_author\" href=\"https:\/\/www.merkur.de\/autor\/philipp-kuserau-vc2f6pr7o.html\" title=\"Zur Autorenseite von Philipp Kuserau\" data-id-ec=\"{\" shn=\"\" author-link=\"\" kuserau=\"\" data-k5a-pos=\"west_author\" rel=\"nofollow noopener\" target=\"_blank\">Philipp Kuserau<\/a><\/p>\n<p class=\"id-Story-interactionBar id-Story-interactionBar--default\">DruckenTeilen<\/p>\n<p class=\"id-StoryElement-leadText\">Bayern-Star Luis D\u00edaz und Geraldine Ponce f\u00fchlen sich in M\u00fcnchen offenbar bereits pudelwohl und erleben ihr Familienleben dort mit gro\u00dfer Begeisterung.<\/p>\n<p class=\"id-StoryElement-paragraph\">M\u00fcnchen \u2013 Die Liebe kennt keine Grenzen, auch nicht in der Fu\u00dfballwelt. Luis D\u00edaz, der neue Star-Einkauf des <a href=\"https:\/\/www.tz.de\/sport\/fc-bayern\/\" class=\"id-import-Link id-pageApi-Link--externalDomain\" title=\"FC Bayern M&#xFC;nchen\" data-id-ec=\"{&quot;sht&quot;:&quot;Container&quot;,&quot;shn&quot;:&quot;Story&quot;,&quot;p&quot;:{&quot;containerType&quot;:&quot;Paragraph&quot;,&quot;displayType&quot;:&quot;Paragraph InlineLink&quot;,&quot;type&quot;:&quot;INLINE_LINK&quot;,&quot;value&quot;:&quot;FC Bayern&quot;,&quot;variant&quot;:&quot;standardLink&quot;,&quot;sponsored&quot;:false,&quot;linkHref&quot;:&quot;https:\/\/www.tz.de\/sport\/fc-bayern\/&quot;,&quot;storyElementPosition&quot;:8,&quot;storyElementCount&quot;:20}}\" rel=\"nofollow noopener\" target=\"_blank\">FC Bayern<\/a>, macht derzeit nicht nur auf dem Rasen von sich reden. Im ersten Pflichtspiel f\u00fcr den deutschen Rekordmeister <a href=\"https:\/\/www.merkur.de\/sport\/fc-bayern\/bayern-neuzugang-zeigt-im-supercup-voellig-ungeahnte-faehigkeit-zr-93886145.html\" class=\"id-import-Link\" data-id-ec=\"{&quot;sht&quot;:&quot;Container&quot;,&quot;shn&quot;:&quot;Story&quot;,&quot;p&quot;:{&quot;containerType&quot;:&quot;Paragraph&quot;,&quot;displayType&quot;:&quot;Paragraph InlineLink&quot;,&quot;type&quot;:&quot;INLINE_LINK&quot;,&quot;value&quot;:&quot;zeigte der Kolumbianer gleich mal eine v&#xF6;llig ungeahnte F&#xE4;higkeit.&quot;,&quot;variant&quot;:&quot;standardLink&quot;,&quot;sponsored&quot;:false,&quot;linkHref&quot;:&quot;https:\/\/www.merkur.de\/sport\/fc-bayern\/bayern-neuzugang-zeigt-im-supercup-voellig-ungeahnte-faehigkeit-zr-93886145.html&quot;,&quot;storyElementPosition&quot;:8,&quot;storyElementCount&quot;:20}}\" rel=\"nofollow noopener\" target=\"_blank\">zeigte der Kolumbianer gleich mal eine v\u00f6llig ungeahnte F\u00e4higkeit.<\/a> Der 28-j\u00e4hrige Kolumbianer sorgt auch abseits des Platzes f\u00fcr Aufmerksamkeit \u2013 mit romantischen Gesten in der bayerischen Landeshauptstadt.<\/p>\n<p><img decoding=\"async\" class=\"id-RatioPlaceholder-element wv_story_el_image\" src=\"https:\/\/www.europesays.com\/de\/wp-content\/uploads\/2025\/08\/39379690-bayern-neuzugang-luis-iaz-und-seine-ehefrau-geraldine-ponce-sind-offenbar-bereits-voll-in-m.jpeg\" loading=\"lazy\"   height=\"619\" width=\"1100\" alt=\"Bayern-Neuzugang Luis D&#xED;az und seine Ehefrau Geraldine Ponce sind offenbar bereits voll in M&#xFC;nchen angekommen und genie&#xDF;en das Familienleben in vollen Z&#xFC;gen. \"\/>Bayern-Neuzugang Luis D\u00edaz und seine Ehefrau Geraldine Ponce sind offenbar bereits voll in M\u00fcnchen angekommen und genie\u00dfen das Familienleben in vollen Z\u00fcgen.  \u00a9\u00a0Geraldine Ponce Instagram<\/p>\n<p class=\"id-StoryElement-paragraph\">Seine Ehefrau Geraldine Ponce teilte k\u00fcrzlich ein verliebtes Foto auf Instagram, das das Paar beim K\u00fcssen am M\u00fcnchner Platzl zeigt. Die 26-J\u00e4hrige untermauerte ihre Gef\u00fchle mit einer r\u00fchrenden Botschaft: \u201eTe amo LFDM\u201c \u2013 eine Liebeserkl\u00e4rung an ihren Mann, dessen vollst\u00e4ndiger Name Luis Fernando Diaz Marulanda lautet.<\/p>\n<p>Romantisches P\u00e4rchenfoto mitten in M\u00fcnchen: Bayern-Neuzugang Luis D\u00edaz zeigt seine gro\u00dfe Liebe<\/p>\n<p class=\"id-StoryElement-paragraph\">Die Liebesgeschichte des Paares reicht weit zur\u00fcck. Bereits Anfang 2016 lernten sich D\u00edaz und Ponce kennen, als der Fu\u00dfballer noch in der U20-Mannschaft des kolumbianischen Zweitligisten Barranquilla FC spielte. Seit dem 25. April 2016 sind die beiden offiziell ein Paar und haben gemeinsam zwei T\u00f6chter: die dreij\u00e4hrige Roma und die einj\u00e4hrige Charlotte.<\/p>\n<p class=\"id-StoryElement-paragraph\">Ihre Verbindung wurde erst k\u00fcrzlich durch die Ehe besiegelt. Am 14. Juni 2025 gaben sich Geraldine und Luis in Barrancas das Jawort, kurz bevor der Wechsel zum deutschen Rekordmeister bekannt wurde. Nach seinem Treffer im Supercup-Duell gegen den <a href=\"https:\/\/www.absolutfussball.com\/deutschland\/vfb-stuttgart\/\" class=\"id-import-Link id-pageApi-Link--externalDomain\" title=\"VfB Stuttgart\" data-id-ec=\"{&quot;sht&quot;:&quot;Container&quot;,&quot;shn&quot;:&quot;Story&quot;,&quot;p&quot;:{&quot;containerType&quot;:&quot;Paragraph&quot;,&quot;displayType&quot;:&quot;Paragraph InlineLink&quot;,&quot;type&quot;:&quot;INLINE_LINK&quot;,&quot;value&quot;:&quot;VfB Stuttgart&quot;,&quot;variant&quot;:&quot;standardLink&quot;,&quot;sponsored&quot;:false,&quot;linkHref&quot;:&quot;https:\/\/www.absolutfussball.com\/deutschland\/vfb-stuttgart\/&quot;,&quot;storyElementPosition&quot;:17,&quot;storyElementCount&quot;:20}}\" rel=\"nofollow noopener\" target=\"_blank\">VfB Stuttgart<\/a> erinnerte der ehemalige Liverpool-Star <a href=\"https:\/\/www.merkur.de\/sport\/fc-bayern\/luis-diaz-erinnert-nach-bayern-torpremiere-mit-herzergreifendem-jubel-an-verstorbenen-diogo-jota-zr-93886159.html\" class=\"id-import-Link\" data-id-ec=\"{&quot;sht&quot;:&quot;Container&quot;,&quot;shn&quot;:&quot;Story&quot;,&quot;p&quot;:{&quot;containerType&quot;:&quot;Paragraph&quot;,&quot;displayType&quot;:&quot;Paragraph InlineLink&quot;,&quot;type&quot;:&quot;INLINE_LINK&quot;,&quot;value&quot;:&quot;mit einem herzergreifenden Jubel an den tragisch verstorbenen Diogo Jota.&quot;,&quot;variant&quot;:&quot;standardLink&quot;,&quot;sponsored&quot;:false,&quot;linkHref&quot;:&quot;https:\/\/www.merkur.de\/sport\/fc-bayern\/luis-diaz-erinnert-nach-bayern-torpremiere-mit-herzergreifendem-jubel-an-verstorbenen-diogo-jota-zr-93886159.html&quot;,&quot;storyElementPosition&quot;:17,&quot;storyElementCount&quot;:20}}\" rel=\"nofollow noopener\" target=\"_blank\">mit einem herzergreifenden Jubel an den tragisch verstorbenen Diogo Jota.<\/a><\/p>\n<p>Sp\u00e4tstart, Fanliebling und Familiendrama \u2013 das Leben von Bayern-K\u00f6nigstransfer Luis Diaz<img decoding=\"async\" class=\"id-RatioPlaceholder-element wv_story_el_interstitialImage\" src=\"https:\/\/www.europesays.com\/de\/wp-content\/uploads\/2025\/08\/39130666-luis-diaz-wechselt-zum-fc-bayern-2vo7zBO67ife.jpg\" loading=\"lazy\"   height=\"1350\" width=\"2400\" alt=\"Luis Diaz wechselt zum FC Bayern.\"\/><a href=\"https:\/\/www.merkur.de\/sport\/fc-bayern\/spaetstart-fanliebling-und-familiendrama-das-leben-von-bayern-koenigstransfer-luis-iaz-zr-93861186.html\" class=\"id-StoryElement-intestitialLink-link\" data-id-ec=\"{\" shn=\"\" ansehen=\"\" data-k5a-pos=\"west_story_17_photoGalleryLink\" title=\"Zur Fotostrecke: Sp&#xE4;tstart, Fanliebling und Familiendrama &#x2013; das Leben von Bayern-K&#xF6;nigstransfer Luis Diaz\" rel=\"nofollow noopener\" target=\"_blank\">Fotostrecke ansehen<\/a><\/p>\n<p class=\"id-StoryElement-paragraph\">Laut der Bild residiert die Familie D\u00edaz aktuell noch im renommierten Hotel Vier Jahreszeiten an der Maximilianstra\u00dfe. Die bayerische Landeshauptstadt scheint der Familie jedoch zu gefallen \u2013 regelm\u00e4\u00dfig teilt Ponce Einblicke ihrer M\u00fcnchen-Erkundungen in den sozialen Medien. Ausfl\u00fcge zum Englischen Garten und an die Isar standen dabei auch schon auf dem Programm. (kus)<\/p>\n","protected":false},"excerpt":{"rendered":"Startseite Sport FC Bayern Stand: 21.08.2025, 19:02 Uhr Von: Philipp Kuserau DruckenTeilen Bayern-Star Luis D\u00edaz und Geraldine Ponce&hellip;\n","protected":false},"author":2,"featured_media":357639,"comment_status":"","ping_status":"","sticky":false,"template":"","format":"standard","meta":{"footnotes":""},"categories":[1827],"tags":[772,29,30,1268],"class_list":{"0":"post-363259","1":"post","2":"type-post","3":"status-publish","4":"format-standard","5":"has-post-thumbnail","7":"category-muenchen","8":"tag-bayern","9":"tag-deutschland","10":"tag-germany","11":"tag-muenchen"},"share_on_mastodon":{"url":"https:\/\/pubeurope.com\/@de\/115069843075200025","error":""},"_links":{"self":[{"href":"https:\/\/www.europesays.com\/de\/wp-json\/wp\/v2\/posts\/363259","targetHints":{"allow":["GET"]}}],"collection":[{"href":"https:\/\/www.europesays.com\/de\/wp-json\/wp\/v2\/posts"}],"about":[{"href":"https:\/\/www.europesays.com\/de\/wp-json\/wp\/v2\/types\/post"}],"author":[{"embeddable":true,"href":"https:\/\/www.europesays.com\/de\/wp-json\/wp\/v2\/users\/2"}],"replies":[{"embeddable":true,"href":"https:\/\/www.europesays.com\/de\/wp-json\/wp\/v2\/comments?post=363259"}],"version-history":[{"count":0,"href":"https:\/\/www.europesays.com\/de\/wp-json\/wp\/v2\/posts\/363259\/revisions"}],"wp:featuredmedia":[{"embeddable":true,"href":"https:\/\/www.europesays.com\/de\/wp-json\/wp\/v2\/media\/357639"}],"wp:attachment":[{"href":"https:\/\/www.europesays.com\/de\/wp-json\/wp\/v2\/media?parent=363259"}],"wp:term":[{"taxonomy":"category","embeddable":true,"href":"https:\/\/www.europesays.com\/de\/wp-json\/wp\/v2\/categories?post=363259"},{"taxonomy":"post_tag","embeddable":true,"href":"https:\/\/www.europesays.com\/de\/wp-json\/wp\/v2\/tags?post=363259"}],"curies":[{"name":"wp","href":"https:\/\/api.w.org\/{rel}","templated":true}]}}