{"id":363275,"date":"2025-08-22T01:50:59","date_gmt":"2025-08-22T01:50:59","guid":{"rendered":"https:\/\/www.europesays.com\/de\/363275\/"},"modified":"2025-08-22T01:50:59","modified_gmt":"2025-08-22T01:50:59","slug":"vier-bueros-reichen-entwuerfe-ein-neue-carolabruecke-in-dresden-soll-bis-2031-stehen","status":"publish","type":"post","link":"https:\/\/www.europesays.com\/de\/363275\/","title":{"rendered":"Vier B\u00fcros reichen Entw\u00fcrfe ein: Neue Carolabr\u00fccke in Dresden soll bis 2031 stehen"},"content":{"rendered":"<p>                    Vier B\u00fcros reichen Entw\u00fcrfe ein<br \/>\n                Neue Carolabr\u00fccke in Dresden soll bis 2031 stehen<\/p>\n<p>\t\t\t\t              18.08.2025, 13:11 Uhr<\/p>\n<p>\t\t\t\t\t       Artikel anh\u00f6ren<\/p>\n<p>\t\t\t\t\t\t\tDiese Audioversion wurde k\u00fcnstlich generiert. <a href=\"https:\/\/www.n-tv.de\/23249898\" rel=\"nofollow noopener\" target=\"_blank\">Mehr Infos<\/a><\/p>\n<p><strong>Der Teileinsturz der Carolabr\u00fccke versetzt Dresden in Sorge. Als klar wird, dass die Br\u00fccke g\u00e4nzlich abgerissen werden muss, entf\u00e4llt der s\u00e4chsischen Landeshauptstadt eine wichtige Verkehrsader. Nun steht jedoch der Zeitplan f\u00fcr den Neubau. Der wird jedoch einige Jahre auf sich warten lassen. <\/strong><\/p>\n<p>Der Neubau der Carolabr\u00fccke in Dresden soll bis zum Jahr 2031 stehen. Wie die Stadtverwaltung Dresden mitteilte, k\u00f6nnte mit dem Bau voraussichtlich im zweiten Quartal 2028 begonnen werden. Der Stadtrat hatte in diesem Sommer einen vierspurigen Ersatzneubau der im vorigen Jahr teilweise eingest\u00fcrzten Br\u00fccke beschlossen.<\/p>\n<p>Die Ausschreibungsunterlagen sollen laut Stadtverwaltung Anfang September ver\u00f6ffentlicht werden. Es ist vorgesehen, dass vier B\u00fcros mit konkreten Entw\u00fcrfen f\u00fcr die neue Br\u00fccke beauftragt werden. Diese sollen dann Ende Mai 2026 der \u00d6ffentlichkeit vorgestellt und diskutiert werden. Der beste Entwurf werde dann verwirklicht.<\/p>\n<p>Nach dem Abriss der alten Carolabr\u00fccke sind jetzt noch Restarbeiten auf beiden Seiten der Elbe n\u00f6tig. Das Terrassenufer solle ab Mitte September wieder befahrbar sein, teilte die Stadt mit. Die Fahrbahn und die Fu\u00dfwege werden bis dahin instand gesetzt. Schon jetzt sind nach dem Abriss der Carolabr\u00fccke neue Sichtachsen auf die Altstadt entstanden.<\/p>\n<p>Der Elberadweg auf der Neust\u00e4dter Seite solle m\u00f6glichst bis Mitte Oktober wieder nutzbar sein. Nach Abschluss der Filmn\u00e4chte Ende August werde geschaut, welche Reparaturen am Radweg und an den Elbwiesen n\u00f6tig seien.<\/p>\n<p>Die Carolabr\u00fccke &#8211; ein Spannbetonbauwerk aus der DDR-Zeit &#8211; war in der Nacht zum 11. September 2024 teilweise eingest\u00fcrzt. Verletzt wurde dabei niemand. Pr\u00fcfungen ergaben, dass die gesamte Br\u00fccke abgerissen werden musste.<\/p>\n<p>Bei den Abrissarbeiten wurde k\u00fcrzlich eine Fliegerbombe aus dem Zweiten Weltkrieg entdeckt und erfolgreich entsch\u00e4rft. Zuvor mussten Tausende Anwohner ihre H\u00e4user verlassen, nachdem die Beh\u00f6rden Evakuierungen in einem Radius von etwa einem Kilometer um die Fundstelle angeordnet hatten. Davon waren den Angaben zufolge rund 17.000 Menschen betroffen.<\/p>\n","protected":false},"excerpt":{"rendered":"Vier B\u00fcros reichen Entw\u00fcrfe ein Neue Carolabr\u00fccke in Dresden soll bis 2031 stehen 18.08.2025, 13:11 Uhr Artikel anh\u00f6ren&hellip;\n","protected":false},"author":2,"featured_media":363276,"comment_status":"","ping_status":"","sticky":false,"template":"","format":"standard","meta":{"footnotes":""},"categories":[1775],"tags":[1793,91489,29,2386,214,30,984,10567,1794,215],"class_list":{"0":"post-363275","1":"post","2":"type-post","3":"status-publish","4":"format-standard","5":"has-post-thumbnail","7":"category-kunst-und-design","8":"tag-art-and-design","9":"tag-bruecken-und-tunnel","10":"tag-deutschland","11":"tag-dresden","12":"tag-entertainment","13":"tag-germany","14":"tag-international","15":"tag-investitionen-in-infrastruktur","16":"tag-kunst-und-design","17":"tag-unterhaltung"},"share_on_mastodon":{"url":"https:\/\/pubeurope.com\/@de\/115069916548665074","error":""},"_links":{"self":[{"href":"https:\/\/www.europesays.com\/de\/wp-json\/wp\/v2\/posts\/363275","targetHints":{"allow":["GET"]}}],"collection":[{"href":"https:\/\/www.europesays.com\/de\/wp-json\/wp\/v2\/posts"}],"about":[{"href":"https:\/\/www.europesays.com\/de\/wp-json\/wp\/v2\/types\/post"}],"author":[{"embeddable":true,"href":"https:\/\/www.europesays.com\/de\/wp-json\/wp\/v2\/users\/2"}],"replies":[{"embeddable":true,"href":"https:\/\/www.europesays.com\/de\/wp-json\/wp\/v2\/comments?post=363275"}],"version-history":[{"count":0,"href":"https:\/\/www.europesays.com\/de\/wp-json\/wp\/v2\/posts\/363275\/revisions"}],"wp:featuredmedia":[{"embeddable":true,"href":"https:\/\/www.europesays.com\/de\/wp-json\/wp\/v2\/media\/363276"}],"wp:attachment":[{"href":"https:\/\/www.europesays.com\/de\/wp-json\/wp\/v2\/media?parent=363275"}],"wp:term":[{"taxonomy":"category","embeddable":true,"href":"https:\/\/www.europesays.com\/de\/wp-json\/wp\/v2\/categories?post=363275"},{"taxonomy":"post_tag","embeddable":true,"href":"https:\/\/www.europesays.com\/de\/wp-json\/wp\/v2\/tags?post=363275"}],"curies":[{"name":"wp","href":"https:\/\/api.w.org\/{rel}","templated":true}]}}