{"id":363287,"date":"2025-08-22T02:01:37","date_gmt":"2025-08-22T02:01:37","guid":{"rendered":"https:\/\/www.europesays.com\/de\/363287\/"},"modified":"2025-08-22T02:01:37","modified_gmt":"2025-08-22T02:01:37","slug":"der-tag-ehemaliger-mastodon-gitarrist-brent-hinds-stirbt-bei-motorradunfall","status":"publish","type":"post","link":"https:\/\/www.europesays.com\/de\/363287\/","title":{"rendered":"Der Tag: Ehemaliger Mastodon-Gitarrist Brent Hinds stirbt bei Motorradunfall"},"content":{"rendered":"<p>                    Der Tag<br \/>\n                Ehemaliger Mastodon-Gitarrist Brent Hinds stirbt bei Motorradunfall<\/p>\n<p>\t\t\t\t              21.08.2025, 21:45 Uhr<\/p>\n<p>Der bekannte Musiker Brent Hinds (1974-2025) ist tot. Das Gr\u00fcndungsmitglied der Metal-Band Mastodon verstarb am Mittwochabend in der US-Metropole Atlanta bei einem Verkehrsunfall, <a href=\"https:\/\/www.atlantanewsfirst.com\/2025\/08\/21\/former-guitarist-co-founder-heavy-metal-band-mastodon-dies-atlanta-motorcycle-crash\/\" rel=\"Follow nofollow noopener\" target=\"_blank\">berichtet das \u00f6rtliche Nachrichtenportal &#8222;Atlanta News First&#8220;<\/a>. <b>Er wurde 51 Jahre alt. <\/b>Der Unfall ereignete sich demnach gegen 23:35 Uhr, als die Fahrerin eines SUV beim Abbiegen Hinds, der auf einer Harley-Davidson unterwegs war, die Vorfahrt nahm. Das best\u00e4tigte die Polizei gegen\u00fcber &#8222;Atlanta News First&#8220;. Noch am Unfallort wurde Hinds von Rettungspersonal f\u00fcr tot erkl\u00e4rt. Hinds hatte <b>Mastodon im Jahr 2000 gemeinsam mit dem Bassisten Troy Sanders, dem Gitarristen Bill Kelliher und dem Schlagzeuger Brann Dailor gegr\u00fcndet<\/b>. Anfang des Jahres gingen er und die Gruppe jedoch getrennte Wege.<\/p>\n","protected":false},"excerpt":{"rendered":"Der Tag Ehemaliger Mastodon-Gitarrist Brent Hinds stirbt bei Motorradunfall 21.08.2025, 21:45 Uhr Der bekannte Musiker Brent Hinds (1974-2025)&hellip;\n","protected":false},"author":2,"featured_media":363288,"comment_status":"","ping_status":"","sticky":false,"template":"","format":"standard","meta":{"footnotes":""},"categories":[155],"tags":[1623,282,29,9078,214,30,99778,99777,6994,1781,215],"class_list":{"0":"post-363287","1":"post","2":"type-post","3":"status-publish","4":"format-standard","5":"has-post-thumbnail","7":"category-unterhaltung","8":"tag-brent","9":"tag-der","10":"tag-deutschland","11":"tag-ehemaliger","12":"tag-entertainment","13":"tag-germany","14":"tag-hinds","15":"tag-mastodon-gitarrist","16":"tag-motorradunfall","17":"tag-tag","18":"tag-unterhaltung"},"share_on_mastodon":{"url":"https:\/\/pubeurope.com\/@de\/115069955827729115","error":""},"_links":{"self":[{"href":"https:\/\/www.europesays.com\/de\/wp-json\/wp\/v2\/posts\/363287","targetHints":{"allow":["GET"]}}],"collection":[{"href":"https:\/\/www.europesays.com\/de\/wp-json\/wp\/v2\/posts"}],"about":[{"href":"https:\/\/www.europesays.com\/de\/wp-json\/wp\/v2\/types\/post"}],"author":[{"embeddable":true,"href":"https:\/\/www.europesays.com\/de\/wp-json\/wp\/v2\/users\/2"}],"replies":[{"embeddable":true,"href":"https:\/\/www.europesays.com\/de\/wp-json\/wp\/v2\/comments?post=363287"}],"version-history":[{"count":0,"href":"https:\/\/www.europesays.com\/de\/wp-json\/wp\/v2\/posts\/363287\/revisions"}],"wp:featuredmedia":[{"embeddable":true,"href":"https:\/\/www.europesays.com\/de\/wp-json\/wp\/v2\/media\/363288"}],"wp:attachment":[{"href":"https:\/\/www.europesays.com\/de\/wp-json\/wp\/v2\/media?parent=363287"}],"wp:term":[{"taxonomy":"category","embeddable":true,"href":"https:\/\/www.europesays.com\/de\/wp-json\/wp\/v2\/categories?post=363287"},{"taxonomy":"post_tag","embeddable":true,"href":"https:\/\/www.europesays.com\/de\/wp-json\/wp\/v2\/tags?post=363287"}],"curies":[{"name":"wp","href":"https:\/\/api.w.org\/{rel}","templated":true}]}}