{"id":363297,"date":"2025-08-22T02:09:27","date_gmt":"2025-08-22T02:09:27","guid":{"rendered":"https:\/\/www.europesays.com\/de\/363297\/"},"modified":"2025-08-22T02:09:27","modified_gmt":"2025-08-22T02:09:27","slug":"krieg-in-nahost-libanon-beginnt-mit-entwaffnung-von-milizen-in-fluechtlingslager","status":"publish","type":"post","link":"https:\/\/www.europesays.com\/de\/363297\/","title":{"rendered":"Krieg in Nahost: Libanon beginnt mit Entwaffnung von Milizen in Fl\u00fcchtlingslager"},"content":{"rendered":"<p class=\"paragraph article__item\">Die libanesische Armee hat im Zuge einer Entwaffnung von Milizen im Land erstmals Waffen in einem pal\u00e4stinensischen Fl\u00fcchtlingslager<br \/>\neingesammelt. Ein Lastwagen habe Burdsch al-Baradschne nahe der Hauptstadt<br \/>\nBeirut am fr\u00fchen Abend mit abgedeckten Waffen verlassen, meldete die<br \/>\nlibanesische Staatsagentur NNA. Zwischenf\u00e4lle habe es dabei keine gegeben.\n<\/p>\n<p class=\"paragraph article__item\"><a class=\"rtr-entity\" href=\"https:\/\/www.zeit.de\/thema\/libanon\" rel=\"nofollow noopener\" target=\"_blank\">Libanons<\/a> Ministerpr\u00e4sident Nawaf Salam lobte den &#8222;Beginn des<br \/>\npal\u00e4stinensischen Waffen\u00fcbergabeprozesses&#8220;. Die erste Ladung sei in die Obhut<br \/>\nder libanesischen Armee gegeben worden, schrieb er auf <a href=\"https:\/\/x.com\/nawafsalam\/status\/1958560091428249977\" class=\"\" target=\"_blank\" rel=\"nofollow\">X<\/a>. In den kommenden<br \/>\nWochen w\u00fcrden weitere \u00dcbergaben folgen.\n<\/p>\n<p class=\"paragraph article__item\">Die libanesische Regierung steht unter Druck, die Waffenruhe<br \/>\nzwischen Israel und der Miliz <a class=\"rtr-entity\" href=\"https:\/\/www.zeit.de\/thema\/hisbollah\" rel=\"nofollow noopener\" target=\"_blank\">Hisbollah<\/a> im Libanon durchzusetzen. Dazu geh\u00f6rt<br \/>\nauch, dass alle Waffen im Land unter staatliche Kontrolle gebracht werden.\n<\/p>\n<p class=\"paragraph article__item\">Das B\u00fcro des pal\u00e4stinensischen Pr\u00e4sidenten Mahmud Abbas<br \/>\nbest\u00e4tigte, eine Vereinbarung mit dem Libanon zum Beginn der Waffenabgaben<br \/>\ngetroffen zu haben. Pr\u00e4sidentensprecher Nabil Abu Rudeineh teilte mit,<br \/>\nweitere Transfers aus anderen Lagern w\u00fcrden folgen.\n<\/p>\n<p class=\"paragraph article__item\">Pal\u00e4stinensische Fl\u00fcchtlingslager im Land werden von<br \/>\nverschiedenen Gruppierungen kontrolliert. In der Vergangenheit wurden von dort<br \/>\naus immer wieder Angriffe geplant.\n<\/p>\n<p>        Forderung von Israel und den USA        <\/p>\n<p class=\"paragraph article__item\">Abbas hatte sich bereits im Mai bei einem Besuch in Beirut f\u00fcr ein Ende aller bewaffneten Aktivit\u00e4ten au\u00dferhalb staatlicher Kontrolle im\u00a0Libanon\u00a0ausgesprochen. Er vertritt allerdings nicht alle pal\u00e4stinensischen Gruppierungen \u2013 andere Gruppierungen wie die Hamas oder der Islamische Dschihad vertreten oft andere Positionen als die von Abbas gef\u00fchrte Pal\u00e4stinensische Autonomiebeh\u00f6rde. Hisbollah-Anf\u00fchrer Naim Kassim hatte Entwaffnungen mit Verweis auf israelische Angriffe <a href=\"https:\/\/www.zeit.de\/politik\/ausland\/2025-08\/libanon-hisbollah-entwaffnung-israel-nahostkonflikt\" class=\"\" target=\"_blank\" rel=\"nofollow noopener\">zuletzt abgelehnt<\/a>.\n<\/p>\n<p>                            \u00a9\u00a0Lea Dohle<\/p>\n<p>\n                                        Newsletter<br \/>\n                                        Was jetzt? \u2013 Der t\u00e4gliche Morgen\u00fcberblick<\/p>\n<p class=\"newsletter-signup__text\">Starten Sie mit unserem kurzen Nachrichten-Newsletter in den Tag. Erhalten Sie zudem freitags den US-Sonderletter &#8222;Was jetzt, America?&#8220; sowie das digitale Magazin ZEIT am Wochenende.<\/p>\n<p class=\"newsletter-signup__datapolicy\" hidden=\"\">\n            Mit Ihrer Registrierung nehmen Sie die <a href=\"https:\/\/datenschutz.zeit.de\/zon#Newsletter\" target=\"_blank\" rel=\"nofollow noopener\">Datenschutzerkl\u00e4rung<\/a> zur Kenntnis.\n        <\/p>\n<p>    Vielen Dank! Wir haben Ihnen eine E-Mail geschickt.<\/p>\n<p>Pr\u00fcfen Sie Ihr Postfach und best\u00e4tigen Sie das Newsletter-Abonnement.<\/p>\n<p class=\"paragraph article__item\">Die Monopolisierung der Waffengewalt \u2013 und insbesondere die Entwaffnung der Hisbollah \u2013 geh\u00f6ren zu den zentralen Forderungen Israels und der USA.\u00a0Der US-Gesandte Tom Barrack gratulierte der libanesischen Regierung und<br \/>\nder Fatah zu ihrer &#8222;Vereinbarung \u00fcber die freiwillige Entwaffnung in den<br \/>\n Fl\u00fcchtlingslagern in Beirut&#8220;. Es sei ein historischer Schritt in<br \/>\nRichtung Einheit und Stabilit\u00e4t, schrieb er auf <a href=\"https:\/\/x.com\/USAMBTurkiye\/status\/1958565135695446326\" class=\"\" target=\"_blank\" rel=\"nofollow\">X<\/a>.\n<\/p>\n<p class=\"paragraph article__item\"><a href=\"https:\/\/www.zeit.de\/politik\/ausland\/2024-11\/waffenruhe-libanon-israel-hisbollah-feuerpause-nahost\" class=\"\" target=\"_blank\" rel=\"nofollow noopener\">Trotz Waffenruhe<\/a> greift das israelische Milit\u00e4r <a href=\"https:\/\/www.zeit.de\/politik\/ausland\/2025-08\/libanon-israel-angriff-hisbollah-miliz\" class=\"\" target=\"_blank\" rel=\"nofollow noopener\">weiterhin Stellungen der Hisbollah im Libanon\u00a0an<\/a>, dabei wurden zuletzt immer wieder Menschen get\u00f6tet.\n<\/p>\n<p>            Naher Osten        <\/p>\n<p>Mehr zum Thema<\/p>\n<p>                <a href=\"https:\/\/www.zeit.de\/kultur\/2025-06\/israel-iran-angriff-eskalation-nahost-debatte\" data-ct-label=\"Israel: Macht es euch nicht zu einfach\" rel=\"nofollow noopener\" target=\"_blank\"><\/p>\n<p>        Z+ (abopflichtiger Inhalt);<\/p>\n<p>    Israel:<br \/>\n                        Macht es euch nicht zu einfach<\/p>\n<p>                <\/a><\/p>\n<p>                <a href=\"https:\/\/www.zeit.de\/politik\/2025-06\/nahostkrieg-israel-iran-gazastreifen-arabische-staaten-nachrichtenpodcast\" data-ct-label=\"Nachrichtenpodcast: So blicken die arabischen Staaten auf den Krieg \" rel=\"nofollow noopener\" target=\"_blank\"><\/p>\n<p>                        Nachrichtenpodcast:<br \/>\n                        So blicken die arabischen Staaten auf den Krieg <\/p>\n<p>                <\/a><\/p>\n<p>                <a href=\"https:\/\/www.zeit.de\/politik\/ausland\/2024-11\/gefluechtete-libanon-syrien-nahostkrieg-israel\" data-ct-label=\"Gefl\u00fcchtete im Libanon: Auf der Flucht von einem Krieg in den n\u00e4chsten\" rel=\"nofollow noopener\" target=\"_blank\"><\/p>\n<p>        Z+ (abopflichtiger Inhalt);<\/p>\n<p>    Gefl\u00fcchtete im Libanon:<br \/>\n                        Auf der Flucht von einem Krieg in den n\u00e4chsten<\/p>\n<p>                <\/a><\/p>\n","protected":false},"excerpt":{"rendered":"Die libanesische Armee hat im Zuge einer Entwaffnung von Milizen im Land erstmals Waffen in einem pal\u00e4stinensischen Fl\u00fcchtlingslager&hellip;\n","protected":false},"author":2,"featured_media":363298,"comment_status":"","ping_status":"","sticky":false,"template":"","format":"standard","meta":{"footnotes":""},"categories":[5],"tags":[92845,99779,13,18544,577,7296,28922,14,15,16,12,10,8,9,11,580],"class_list":{"0":"post-363297","1":"post","2":"type-post","3":"status-publish","4":"format-standard","5":"has-post-thumbnail","7":"category-nachrichten","8":"tag-entwaffnung","9":"tag-gefluechtetencamp","10":"tag-headlines","11":"tag-hisbollah","12":"tag-krieg-in-nahost","13":"tag-libanon","14":"tag-miliz","15":"tag-nachrichten","16":"tag-news","17":"tag-politik","18":"tag-schlagzeilen","19":"tag-top-news","20":"tag-top-meldungen","21":"tag-topmeldungen","22":"tag-topnews","23":"tag-waffenruhe"},"share_on_mastodon":{"url":"https:\/\/pubeurope.com\/@de\/115069987350526836","error":""},"_links":{"self":[{"href":"https:\/\/www.europesays.com\/de\/wp-json\/wp\/v2\/posts\/363297","targetHints":{"allow":["GET"]}}],"collection":[{"href":"https:\/\/www.europesays.com\/de\/wp-json\/wp\/v2\/posts"}],"about":[{"href":"https:\/\/www.europesays.com\/de\/wp-json\/wp\/v2\/types\/post"}],"author":[{"embeddable":true,"href":"https:\/\/www.europesays.com\/de\/wp-json\/wp\/v2\/users\/2"}],"replies":[{"embeddable":true,"href":"https:\/\/www.europesays.com\/de\/wp-json\/wp\/v2\/comments?post=363297"}],"version-history":[{"count":0,"href":"https:\/\/www.europesays.com\/de\/wp-json\/wp\/v2\/posts\/363297\/revisions"}],"wp:featuredmedia":[{"embeddable":true,"href":"https:\/\/www.europesays.com\/de\/wp-json\/wp\/v2\/media\/363298"}],"wp:attachment":[{"href":"https:\/\/www.europesays.com\/de\/wp-json\/wp\/v2\/media?parent=363297"}],"wp:term":[{"taxonomy":"category","embeddable":true,"href":"https:\/\/www.europesays.com\/de\/wp-json\/wp\/v2\/categories?post=363297"},{"taxonomy":"post_tag","embeddable":true,"href":"https:\/\/www.europesays.com\/de\/wp-json\/wp\/v2\/tags?post=363297"}],"curies":[{"name":"wp","href":"https:\/\/api.w.org\/{rel}","templated":true}]}}