{"id":363303,"date":"2025-08-22T02:14:23","date_gmt":"2025-08-22T02:14:23","guid":{"rendered":"https:\/\/www.europesays.com\/de\/363303\/"},"modified":"2025-08-22T02:14:23","modified_gmt":"2025-08-22T02:14:23","slug":"holstein-kiel-beschaeftigt-sich-mit-angreifer-kapralik-und-verteidiger-roslyng","status":"publish","type":"post","link":"https:\/\/www.europesays.com\/de\/363303\/","title":{"rendered":"Holstein Kiel besch\u00e4ftigt sich mit Angreifer Kapralik und Verteidiger Roslyng"},"content":{"rendered":"<p>Nach Fehlstart in 2. Liga\u00a0<\/p>\n<p>                                    <img decoding=\"async\" src=\"https:\/\/www.europesays.com\/de\/wp-content\/uploads\/2025\/08\/adrian-kapralik-gornik-zabrze-1711642880-133067.jpg\" title=\"Holstein Kiel besch\u00e4ftigt sich mit Angreifer Kapralik und Verteidiger Roslyng\" alt=\"Holstein Kiel besch\u00e4ftigt sich mit Angreifer Kapralik und Verteidiger Roslyng\"\/><\/p>\n<p>\n                                       \u00a9IMAGO\n                                    <\/p>\n<p>Absteiger <a title=\"Holstein Kiel\" href=\"https:\/\/www.transfermarkt.de\/holstein-kiel\/startseite\/verein\/269\" target=\"_blank\" rel=\"noopener\">Holstein Kiel<\/a> ist mit zwei Niederlagen in die neue Saison der <a title=\"2. Bundesliga\" href=\"https:\/\/www.transfermarkt.de\/2-bundesliga\/startseite\/wettbewerb\/L2\" target=\"_blank\" rel=\"noopener\">2. Bundesliga<\/a> gestartet \u2013 und k\u00f6nnte nun noch mal auf dem Transfermarkt aktiv werden. Mit <a title=\"Adrian Kapralik\" href=\"https:\/\/www.transfermarkt.de\/adrian-kapralik\/profil\/spieler\/546822\" target=\"_blank\" rel=\"noopener\">Adrian Kapralik<\/a> (23, Zilina) und <a title=\"Frederik Roslyng\" href=\"https:\/\/www.transfermarkt.de\/frederik-roslyng\/profil\/spieler\/1051739\" target=\"_blank\" rel=\"noopener\">Frederik Roslyng<\/a> (19, Horsens) kursieren gleich zwei Namen an der Kieler F\u00f6rde.<\/p>\n<p><\/p>\n<p>Das slowakische Portal \u201eFutbalov\u00e9 Z\u00e1kulisie\u201c berichtet \u00fcber einen sich anbahnenden Transfer von Kapralik nach Kiel. Unsere Redaktion kann das Interesse an dem Angreifer best\u00e4tigen, der mit einem Marktwert von 1,5 Millionen Euro der zweitwertvollste Spieler seines Vereins ist. Ungef\u00e4hr in diesem Bereich soll auch die m\u00f6gliche Abl\u00f6se liegen.<\/p>\n<p>\n    <a class=\"bbcodesLink\" href=\"https:\/\/www.transfermarkt.de\/adrian-kapralik-zu-holstein-kiel-\/thread\/forum\/154\/thread_id\/1086954\" target=\"_blank\" rel=\"noopener\"><\/p>\n<tr>\n<p>                        Ger\u00fccht<\/p>\n<\/tr>\n<tr class=\"contentzeile\">\n<td class=\"spielerbild\" rowspan=\"2\">\n                        <img decoding=\"async\" src=\"https:\/\/www.europesays.com\/de\/wp-content\/uploads\/2025\/08\/546822-1581489141.png\" title=\"Adrian Kapralik\" alt=\"Adrian Kapralik\" class=\"\"\/>                    <\/td>\n<td class=\"spielername\">\n                        <a title=\"Adrian Kapralik\" href=\"https:\/\/www.transfermarkt.de\/adrian-kapralik\/profil\/spieler\/546822\" target=\"_blank\" rel=\"noopener\">A. Kapralik<\/a>                    <\/td>\n<td class=\"vereinswappen\" rowspan=\"2\">\n                        <img decoding=\"async\" src=\"https:\/\/www.europesays.com\/de\/wp-content\/uploads\/2025\/08\/1443.png\" title=\"MSK Zilina\" alt=\"MSK Zilina\" class=\"\"\/>                    <\/td>\n<td class=\"c2action\" rowspan=\"2\"><\/td>\n<\/tr>\n<tr class=\"contentzeile\">\n<td class=\"position\">\n                        Rechtsau\u00dfen                    <\/td>\n<\/tr>\n<tr class=\"contentZeileSpielerGK\">\n<td colspan=\"4\">\n<tr>\n<td class=\"vereinsname\">\n                                    MSK Zilina                                <\/td>\n<td class=\"vereinswappen\" rowspan=\"2\">\n                                    <img decoding=\"async\" src=\"https:\/\/www.europesays.com\/de\/wp-content\/uploads\/2025\/08\/1443.png\" title=\"MSK Zilina\" alt=\"MSK Zilina\" class=\"\"\/>                                <\/td>\n<td class=\"wahrscheinlichkeit-auf\" rowspan=\"2\">\n<p>\u00a0<\/p>\n<p>                                        42                                        %\n                                                                        <\/td>\n<td class=\"vereinswappen\" rowspan=\"2\">\n                                    <img decoding=\"async\" src=\"https:\/\/www.europesays.com\/de\/wp-content\/uploads\/2025\/05\/269.png\" title=\"Holstein Kiel\" alt=\"Holstein Kiel\" class=\"\"\/>                                <\/td>\n<td class=\"vereinsname\">\n                                    Holstein Kiel                                <\/td>\n<\/tr>\n<tr>\n<td>\n                                    Nik\u00e9 Liga                                <\/td>\n<td>\n                                    2. Bundesliga                                <\/td>\n<\/tr>\n<\/td>\n<\/tr>\n<p>    <\/a>\n<\/p>\n<p>Kapralik wurde bei Zilina ausgebildet und absolvierte f\u00fcr die Profis 141 Partien, in denen er 30 Tore erzielte und weitere 25 vorbereitete. Einzig die Saison 2023\/24 verbrachte er bei einem anderen Klub, als er zu G\u00f3rnik Zabrze, dem Verein von Lukas Podolski (40), verliehen wurde.<\/p>\n<p><\/p>\n<p>Derweil k\u00f6nnte Roslyng in der Innenverteidiger Abhilfe schaffen, in der <a href=\"https:\/\/www.transfermarkt.de\/patrick-erras\/profil\/spieler\/193859\" target=\"_blank\" rel=\"noopener\">Patrick Erras<\/a> (30) und Neuzugang <a href=\"https:\/\/www.transfermarkt.de\/mladen-cvjetinovic\/profil\/spieler\/688639\" target=\"_blank\" rel=\"noopener\">Mladen Cvjetinovic<\/a> (21) verletzungsbedingt l\u00e4nger fehlen werden. Roslyng stand in jungen Jahren bereits 35-mal f\u00fcr den d\u00e4nischen Zweitligisten Horsens auf dem Platz und sein Marktwert liegt bei 450.000 Euro. Laut der Zeitung \u201eTipsbladet\u201c wird er f\u00fcr 1,3 Mio. Euro nach Kiel wechseln, doch nach TM-Infos ist der Deal noch nicht unter Dach und Fach. Das Interesse an dem Youngster kann unsere Redaktion aber best\u00e4tigen. Roslyng spielt in der U20-Nationalmannschaft mit dem Kieler <a title=\"Kasper Davidsen\" href=\"https:\/\/www.transfermarkt.de\/kasper-davidsen\/profil\/spieler\/802513\" target=\"_blank\" rel=\"noopener\">Kasper Davidsen<\/a> (20) zusammen.<\/p>\n<p>\n    <a class=\"bbcodesLink\" href=\"https:\/\/www.transfermarkt.de\/f-roslyng-zu-holstein-kiel-\/thread\/forum\/154\/thread_id\/1086942\" target=\"_blank\" rel=\"noopener\"><\/p>\n<tr>\n<p>                        Ger\u00fccht<\/p>\n<\/tr>\n<tr class=\"contentzeile\">\n<td class=\"spielerbild\" rowspan=\"2\">\n                        <img decoding=\"async\" src=\"https:\/\/www.europesays.com\/de\/wp-content\/uploads\/2025\/08\/default.jpg\" title=\"Frederik Roslyng\" alt=\"Frederik Roslyng\" class=\"\"\/>                    <\/td>\n<td class=\"spielername\">\n                        <a title=\"Frederik Roslyng\" href=\"https:\/\/www.transfermarkt.de\/frederik-roslyng\/profil\/spieler\/1051739\" target=\"_blank\" rel=\"noopener\">F. Roslyng<\/a>                    <\/td>\n<td class=\"vereinswappen\" rowspan=\"2\">\n                        <img decoding=\"async\" src=\"https:\/\/www.europesays.com\/de\/wp-content\/uploads\/2025\/08\/2414.png\" title=\"AC Horsens\" alt=\"AC Horsens\" class=\"\"\/>                    <\/td>\n<td class=\"c2action\" rowspan=\"2\"><\/td>\n<\/tr>\n<tr class=\"contentzeile\">\n<td class=\"position\">\n                        Innenverteidiger                    <\/td>\n<\/tr>\n<tr class=\"contentZeileSpielerGK\">\n<td colspan=\"4\">\n<tr>\n<td class=\"vereinsname\">\n                                    AC Horsens                                <\/td>\n<td class=\"vereinswappen\" rowspan=\"2\">\n                                    <img decoding=\"async\" src=\"https:\/\/www.europesays.com\/de\/wp-content\/uploads\/2025\/08\/2414.png\" title=\"AC Horsens\" alt=\"AC Horsens\" class=\"\"\/>                                <\/td>\n<td class=\"wahrscheinlichkeit-auf\" rowspan=\"2\">\n<p>\u00a0<\/p>\n<p>                                        69                                        %\n                                                                        <\/td>\n<td class=\"vereinswappen\" rowspan=\"2\">\n                                    <img decoding=\"async\" src=\"https:\/\/www.europesays.com\/de\/wp-content\/uploads\/2025\/05\/269.png\" title=\"Holstein Kiel\" alt=\"Holstein Kiel\" class=\"\"\/>                                <\/td>\n<td class=\"vereinsname\">\n                                    Holstein Kiel                                <\/td>\n<\/tr>\n<tr>\n<td>\n                                    1.Division                                <\/td>\n<td>\n                                    2. Bundesliga                                <\/td>\n<\/tr>\n<\/td>\n<\/tr>\n<p>    <\/a>\n<\/p>\n<p><\/p>\n","protected":false},"excerpt":{"rendered":"Nach Fehlstart in 2. Liga\u00a0 \u00a9IMAGO Absteiger Holstein Kiel ist mit zwei Niederlagen in die neue Saison der&hellip;\n","protected":false},"author":2,"featured_media":363304,"comment_status":"","ping_status":"","sticky":false,"template":"","format":"standard","meta":{"footnotes":""},"categories":[1852],"tags":[99781,621,99783,3364,29,548,663,3934,30,13,10243,4949,99782,14,15,99780,12,1971],"class_list":{"0":"post-363303","1":"post","2":"type-post","3":"status-publish","4":"format-standard","5":"has-post-thumbnail","7":"category-kiel","8":"tag-1-division","9":"tag-2-bundesliga","10":"tag-ac-horsens","11":"tag-de","12":"tag-deutschland","13":"tag-eu","14":"tag-europa","15":"tag-europe","16":"tag-germany","17":"tag-headlines","18":"tag-holstein-kiel","19":"tag-kiel","20":"tag-msk-zilina","21":"tag-nachrichten","22":"tag-news","23":"tag-nike-liga","24":"tag-schlagzeilen","25":"tag-schleswig-holstein"},"share_on_mastodon":{"url":"https:\/\/pubeurope.com\/@de\/115070011941968581","error":""},"_links":{"self":[{"href":"https:\/\/www.europesays.com\/de\/wp-json\/wp\/v2\/posts\/363303","targetHints":{"allow":["GET"]}}],"collection":[{"href":"https:\/\/www.europesays.com\/de\/wp-json\/wp\/v2\/posts"}],"about":[{"href":"https:\/\/www.europesays.com\/de\/wp-json\/wp\/v2\/types\/post"}],"author":[{"embeddable":true,"href":"https:\/\/www.europesays.com\/de\/wp-json\/wp\/v2\/users\/2"}],"replies":[{"embeddable":true,"href":"https:\/\/www.europesays.com\/de\/wp-json\/wp\/v2\/comments?post=363303"}],"version-history":[{"count":0,"href":"https:\/\/www.europesays.com\/de\/wp-json\/wp\/v2\/posts\/363303\/revisions"}],"wp:featuredmedia":[{"embeddable":true,"href":"https:\/\/www.europesays.com\/de\/wp-json\/wp\/v2\/media\/363304"}],"wp:attachment":[{"href":"https:\/\/www.europesays.com\/de\/wp-json\/wp\/v2\/media?parent=363303"}],"wp:term":[{"taxonomy":"category","embeddable":true,"href":"https:\/\/www.europesays.com\/de\/wp-json\/wp\/v2\/categories?post=363303"},{"taxonomy":"post_tag","embeddable":true,"href":"https:\/\/www.europesays.com\/de\/wp-json\/wp\/v2\/tags?post=363303"}],"curies":[{"name":"wp","href":"https:\/\/api.w.org\/{rel}","templated":true}]}}