{"id":363305,"date":"2025-08-22T02:17:01","date_gmt":"2025-08-22T02:17:01","guid":{"rendered":"https:\/\/www.europesays.com\/de\/363305\/"},"modified":"2025-08-22T02:17:01","modified_gmt":"2025-08-22T02:17:01","slug":"strafvollzug-junge-frau-aus-jva-chemnitz-gefluechtet","status":"publish","type":"post","link":"https:\/\/www.europesays.com\/de\/363305\/","title":{"rendered":"Strafvollzug: Junge Frau aus JVA Chemnitz gefl\u00fcchtet"},"content":{"rendered":"<p class=\"paragraph article__item\">Eine junge Frau ist aus der JVA Chemnitz geflohen. Die <a class=\"rtr-entity\" href=\"https:\/\/www.zeit.de\/thema\/polizei\" rel=\"nofollow noopener\" target=\"_blank\">Polizei<\/a> sprach von einer Heranwachsenden, die dort wegen Erschleichens von Leistungen einsa\u00df. Sie sei am Mittwoch entwischt. Die Suche nach ihr sei bisher erfolglos geblieben, hie\u00df es. Zu den genauen Umst\u00e4nden der Flucht machte die Polizei keine Angaben und verwies dazu an die JVA.\u00a0\n<\/p>\n<p>Aktuelles<\/p>\n<p>                <a href=\"https:\/\/www.zeit.de\/politik\/deutschland\/2025-08\/saarland-jva-ottweiler-petra-berg-suizid\" data-ct-label=\"Saarland: Ministerin verspricht &quot;l\u00fcckenlose Aufarbeitung&quot; nach Suizid in JVA\" rel=\"nofollow noopener\" target=\"_blank\"><\/p>\n<p>                        Saarland:<br \/>\n                        Ministerin verspricht &#8222;l\u00fcckenlose Aufarbeitung&#8220; nach Suizid in JVA<\/p>\n<p>                <\/a><\/p>\n<p>                <a href=\"https:\/\/www.zeit.de\/2025\/33\/erfurter-progrome-1975-rassismus-ddr-algerische-arbeiter\" data-ct-label=\"Erfurter Ausschreitungen 1975: &quot;Rette sich, wer kann!&quot;\" rel=\"nofollow noopener\" target=\"_blank\"><\/p>\n<p>        Z+ (abopflichtiger Inhalt);<\/p>\n<p>    Erfurter Ausschreitungen 1975:<br \/>\n                        &#8222;Rette sich, wer kann!&#8220;<\/p>\n<p>                <\/a><\/p>\n<p>                <a href=\"https:\/\/www.zeit.de\/2025\/35\/bars-chemnitz-drinks-kneipe-barkeeper\" data-ct-label=\"Bars in Chemnitz: Wo sich Chemnitz anf\u00fchlt wie die Karibik\" rel=\"nofollow noopener\" target=\"_blank\"><\/p>\n<p>        Z+ (abopflichtiger Inhalt);<\/p>\n<p>    Bars in Chemnitz:<br \/>\n                        Wo sich Chemnitz anf\u00fchlt wie die Karibik<\/p>\n<p>                <\/a><\/p>\n<p class=\"paragraph article__item\">Auf dpa-Anfrage erkl\u00e4rte das Justizministerium, es handle sich nicht um eine Strafgefangene, sondern um eine Frau im Jugendarrest. Daf\u00fcr gebe es eigenst\u00e4ndige Bereiche. Das Ministerium wollte keine Angaben dazu machen, wie genau es zu der Flucht kam. Aus Gr\u00fcnden des Datenschutzes k\u00f6nne hierzu keine Aussage getroffen werden, so ein Ministeriumssprecher.\u00a0\n<\/p>\n<p class=\"paragraph article__item\">\u00dcber den Fall hatte zuvor die \u00abFreie Presse\u00bb berichtet. Die Chemnitzer JVA ist f\u00fcr Sachsen und Th\u00fcringen f\u00fcr den <a class=\"rtr-entity\" href=\"https:\/\/www.zeit.de\/thema\/strafvollzug\" rel=\"nofollow noopener\" target=\"_blank\">Strafvollzug<\/a> von Frauen zust\u00e4ndig. Dazu geh\u00f6ren auch Sicherungsverwahrung und Jugendarrest.\n<\/p>\n<p class=\"paragraph article__item\">\u00a9 dpa-infocom, dpa:250821-930-939177\/2<\/p>\n","protected":false},"excerpt":{"rendered":"Eine junge Frau ist aus der JVA Chemnitz geflohen. Die Polizei sprach von einer Heranwachsenden, die dort wegen&hellip;\n","protected":false},"author":2,"featured_media":363306,"comment_status":"","ping_status":"","sticky":false,"template":"","format":"standard","meta":{"footnotes":""},"categories":[1851],"tags":[2770,3364,29,548,663,3934,30,13,14,15,121,859,12,28195],"class_list":{"0":"post-363305","1":"post","2":"type-post","3":"status-publish","4":"format-standard","5":"has-post-thumbnail","7":"category-chemnitz","8":"tag-chemnitz","9":"tag-de","10":"tag-deutschland","11":"tag-eu","12":"tag-europa","13":"tag-europe","14":"tag-germany","15":"tag-headlines","16":"tag-nachrichten","17":"tag-news","18":"tag-polizei","19":"tag-sachsen","20":"tag-schlagzeilen","21":"tag-strafvollzug"},"share_on_mastodon":{"url":"","error":""},"_links":{"self":[{"href":"https:\/\/www.europesays.com\/de\/wp-json\/wp\/v2\/posts\/363305","targetHints":{"allow":["GET"]}}],"collection":[{"href":"https:\/\/www.europesays.com\/de\/wp-json\/wp\/v2\/posts"}],"about":[{"href":"https:\/\/www.europesays.com\/de\/wp-json\/wp\/v2\/types\/post"}],"author":[{"embeddable":true,"href":"https:\/\/www.europesays.com\/de\/wp-json\/wp\/v2\/users\/2"}],"replies":[{"embeddable":true,"href":"https:\/\/www.europesays.com\/de\/wp-json\/wp\/v2\/comments?post=363305"}],"version-history":[{"count":0,"href":"https:\/\/www.europesays.com\/de\/wp-json\/wp\/v2\/posts\/363305\/revisions"}],"wp:featuredmedia":[{"embeddable":true,"href":"https:\/\/www.europesays.com\/de\/wp-json\/wp\/v2\/media\/363306"}],"wp:attachment":[{"href":"https:\/\/www.europesays.com\/de\/wp-json\/wp\/v2\/media?parent=363305"}],"wp:term":[{"taxonomy":"category","embeddable":true,"href":"https:\/\/www.europesays.com\/de\/wp-json\/wp\/v2\/categories?post=363305"},{"taxonomy":"post_tag","embeddable":true,"href":"https:\/\/www.europesays.com\/de\/wp-json\/wp\/v2\/tags?post=363305"}],"curies":[{"name":"wp","href":"https:\/\/api.w.org\/{rel}","templated":true}]}}