{"id":363562,"date":"2025-08-22T04:55:19","date_gmt":"2025-08-22T04:55:19","guid":{"rendered":"https:\/\/www.europesays.com\/de\/363562\/"},"modified":"2025-08-22T04:55:19","modified_gmt":"2025-08-22T04:55:19","slug":"filmreihe-hauptrolle-berlin-zeigt-oskar-roehlers-unberuehrbare","status":"publish","type":"post","link":"https:\/\/www.europesays.com\/de\/363562\/","title":{"rendered":"Filmreihe \u201eHauptrolle Berlin\u201c zeigt Oskar Roehlers \u201eUnber\u00fchrbare\u201c"},"content":{"rendered":"<p class=\"font-sans font-medium\">Berlin. 25 Jahre \u201eDie Unber\u00fchrbare\u201c: Die Morgenpost-Filmreihe \u201eHauptrolle Berlin\u201c zeigt noch einmal Oskar Roehlers Meisterwerk mit Hannelore Elsner.<\/p>\n<p class=\"\">Sie sitzt wie ganz Deutschland vor dem Fernseher. Und verfolgt die Bilder aus Berlin, wo gerade die Mauer gefallen ist und Menschen aus Ost und West sich in den Armen liegen. Doch Hanna Flanders kann sich nicht dar\u00fcber freuen. Als linke Schriftstellerin hat sie zuletzt nur noch in DDR-Verlagen publiziert. Jetzt k\u00f6nnte auch das pass\u00e9 sein. Was also tun? <\/p>\n<p>\u201eDie Unber\u00fchrbare\u201c: Ein Film, der Geschichte schrieb<\/p>\n<p class=\"\">Die Mittf\u00fcnfzigj\u00e4hrige macht einen radikalen Schnitt. K\u00fcndigt ihre Wohnung. Und f\u00e4hrt nach Berlin. Wo sie einen Neuanfang machen will. Und steht dann ohne Vorank\u00fcndigung bei ihrem Ost-Berliner Verleger, der sie mal gro\u00dfz\u00fcgig eingeladen, aber das wohl nie ernst gemeint hat. Und der jetzt auch die \u00d6ffnung der Mauer feiert. Und seine Autorin nicht verstehen kann, die wettert, jetzt fresse die Konsumgesellschaft uns alle.<\/p>\n<p class=\"\"><a href=\"https:\/\/zoopalast.premiumkino.de\/film\/die-unberuehrbare\" target=\"_blank\" rel=\"nofollow noopener\">\u201eDie Unber\u00fchrbare\u201c<\/a> hat Filmgeschichte geschrieben. Oskar Roehler hat damit, kaum verklausuliert, die Geschichte seiner eigenen Mutter, der Schriftstellerin Gisela Elsner, und ihren Freitod verfilmt. Ein schmerzliches Trauma f\u00fcr den Sohn, der ohnehin unter seiner Mutter, die ihn nicht gro\u00dfgezogen hat, gelitten hat. Und der sich das mit diesem Film wegtherapiert hat. <\/p>\n<p class=\"\"><strong>Zum Nachlesen:<\/strong> <a href=\"https:\/\/www.morgenpost.de\/vermischtes\/stars-und-promis\/article217011399\/Hannelore-Elsner-die-Unbeirrbare-die-sich-staendig-wandelte.html\" data-category-full-path=\"\/vermischtes\/stars-und-promis\/\" data-paid-status=\"default\" data-article-publish-date=\"1556032860\" rel=\"nofollow noopener\" target=\"_blank\">Der Morgenpost-Nachruf auf Hannelore Elsner im 2019<\/a><\/p>\n<p>Empfohlener externer Inhalt<\/p>\n<p>\n        An dieser Stelle befindet sich ein externer Inhalt von Youtube, der von unserer Redaktion empfohlen wird. Er erg\u00e4nzt den Artikel und kann mit einem Klick angezeigt und<br \/>\n        wieder ausgeblendet werden.\n      <\/p>\n<\/p>\n<p>          Ich bin damit einverstanden, dass mir dieser externe Inhalt angezeigt wird. Es k\u00f6nnen dabei personenbezogene Daten an den Anbieter des Inhalts und Drittdienste<br \/>\n          \u00fcbermittelt werden. Mehr dazu in unserer<\/p>\n<p>        <a class=\"underline\" href=\"https:\/\/www.morgenpost.de\/datenschutz\" rel=\"nofollow noopener\" target=\"_blank\">Datenschutzerkl\u00e4rung<\/a><\/p>\n<p>\n      Mehr anzeigen\n    <\/p>\n<p class=\"\">Das Spannende aber: Roehler erz\u00e4hlt nicht etwa seine Geschichte, nicht die des Sohnes. Ein solcher kommt zwar auch vor, der aber, gespielt von Lars Rudolph, macht aber alles andere als eine gute Figur. Nein, der Film folgt ganz bei dem Alter Ego von Gisela Elsner, die hier eben Hanna Flanders hei\u00dft. Und grandios von Hannelore Elsner verk\u00f6rpert wird. <\/p>\n<p>  Die Berlinale wollte den Film nicht haben. Sp\u00e4ter regnete es Preise<\/p>\n<p class=\"\">Der Film war eine Offenbarung, auch durch seine \u00c4sthetik, seine grobk\u00f6rnigen, Distanz schaffenden Schwarzwei\u00dfbilder. Und wurde zu einem gro\u00dfen Erfolg. Schon fast vergessen, dass die Berlinale ihn im Jahr 2000 nicht zeigen wollte (was einer der Gr\u00fcnde gewesen sein soll, weshalb der Festivalchef Moritz de Hadeln geschasst wurde). Premiere hatte der Film stattdessen in Cannes, wo er einen ersten Preis gewann. Im Jahr darauf kamen gleich drei Deutschen Filmpreise  hinzu, f\u00fcr den Besten Film, die beste Hauptdarstellerin und den besten Nebendarsteller (Vadim Glowna als Ex-Mann und Vater), sowie elf weitere internationale Auszeichnungen.<\/p>\n<p class=\"\">Nun feiert der Film sein 25-J\u00e4hriges. Anlass genug, ihn in der <a href=\"https:\/\/zoopalast.premiumkino.de\/specials\/standard\/hauptrolle-berlin\" target=\"_blank\" rel=\"nofollow noopener\">Filmreihe \u201eHauptrolle Berlin\u201c zu zeigen, in der die Berliner Morgenpost gemeinsam mit dem Zoo Palast an jedem ersten Dienstag im Monat einen Berlin-Film zeigt<\/a>. Immer wieder stellt sich in unserer Reihe die Frage, was einen Berlin-Film ausmacht und wieviel Stadt dabei vorkommen muss. \u201eDie Unber\u00fchrbare\u201c geh\u00f6rt streng genommen nicht dazu, spielt er doch nicht nur in Berlin. Und doch ist der Mauerfall der ausl\u00f6sende Moment. Und im Zentrum steht der Entschluss, in der einst geteilten und nun wiedervereinten Stadt einen Neuanfang zu wagen.<\/p>\n<p class=\"\"><strong>Zum Nachlesen:<\/strong> <a href=\"https:\/\/www.morgenpost.de\/kultur\/article242267994\/Schonungslose-Selbstkarikatur-Bad-Director.html\" data-category-full-path=\"https:\/\/www.morgenpost.de\/kultur\/\" data-paid-status=\"premium\" data-article-publish-date=\"1714899600\" target=\"_blank\" rel=\"nofollow noopener\">So gut war Oskar Roehlers bislang letzter Film \u201eBad Director\u201c<\/a><\/p>\n<p>    <img decoding=\"async\" src=\"https:\/\/www.europesays.com\/de\/wp-content\/uploads\/2025\/08\/409686724_1754479797_v16_9_1200.jpeg\" class=\"block w-full object-cover relative z-10 aspect-[16\/9] \" alt=\"DIE UNBER\u00dcHRBARE\" title=\"Hanna Flanders war eine der st\u00e4rksten Rollen f\u00fcr Hannelore Elsner, die daraus eine ganz eigene Kunstfigur entwickelte.  \" loading=\"lazy\"\/><\/p>\n<p>\n      Hanna Flanders war eine der st\u00e4rksten Rollen f\u00fcr Hannelore Elsner, die daraus eine ganz eigene Kunstfigur entwickelte.<br \/>\n      \u00a9 picture alliance\/United Archives | picture alliance\n    <\/p>\n<p class=\"\">Als ob man da auf die einst gefeierte, nun aber fast schon vergessene Schriftstellerin gewartet h\u00e4tte. Die den Kapitalismus kritisiert, aber im noblen M\u00fcnchen in den h\u00f6chsten Gesellschaftskreisen verkehrt. Eine typische Salonkommunistin und Kulturbolschewistin. Die f\u00e4hrt nun nach Berlin. Steht unangek\u00fcndigt vor dem verdutzten Verleger (Michael Gwisdek). Und wird aus Verlegenheit in eine Autorenwohnung des Verlags einquartiert. Eine triste, graue Plattenbauwohnung, ganz weit drau\u00dfen, in der Peripherie. <\/p>\n<p>Mit Designermantel in der Plattenbautristesse<\/p>\n<p class=\"\">Was f\u00fcr ein Bild. Hannelore Elsner als Alter Ego von Gisela Elsner. Mit einer markanten Kleopatra-Frisur, die sofort hervorsticht, aber auch wie ein Schutzhelm wirkt. Mit dick geschminkten Augen, die Stolz ausdr\u00fccken wollen und doch Verunsicherung verbergen. Und stets eine Zigarette in der Hand, als sauge sie daraus ihren letzten Lebensmut. Surreal r\u00fchrend, wie sie erst noch shoppen gehen und einen auffallenden Design-Mantel kaufen muss, bevor sie sich nach Berlin begibt. <\/p>\n<p class=\"\">Wo sie damit wie ein Fremdk\u00f6rper wirkt. In der Plattenbautristesse. In einer Eckkneipe, wo sie sich mit Anwohnern anfreunden will, was gr\u00fcndlich daneben geht. Und dann, das wohl st\u00e4rkste Bild des Films, auf einem einsamen Acker, \u00fcber den sie an einem nebligen Morgen auf ihren High Heels stakst. Eine Frau buchst\u00e4blich au\u00dfer sich, eine Au\u00dfenseiterin am Rand der Gesellschaft, die keine Rolle mehr spielt, f\u00fcr die kein Platz mehr ist.<\/p>\n<p class=\"\"><strong>Mehr zum Thema:<\/strong> <a href=\"https:\/\/www.morgenpost.de\/kultur\/article215473487\/Ein-guter-Rat-wie-man-einen-gewagten-Film-gefoerdert-kriegt.html\" data-category-full-path=\"https:\/\/www.morgenpost.de\/kultur\/\" data-paid-status=\"default\" data-article-publish-date=\"1538507400\" target=\"_blank\" rel=\"nofollow noopener\">Oskar Roehler war schon einmal Gast in der \u201eHauptrolle Berlin\u201c: mit \u201eTod den Hippies\u201c<\/a><\/p>\n<p>    <img decoding=\"async\" src=\"https:\/\/www.europesays.com\/de\/wp-content\/uploads\/2025\/08\/409800914_1755773100_v16_9_1200.jpeg\" class=\"block w-full object-cover relative z-10 aspect-[16\/9] \" alt=\"Oskar Roehler und Preistr\u00e4gerin Hannelore Elsner bei der Verleihung des...\" title=\"Oskar Roehler mit seiner Hauptdarstellerin Hannelore Elsner bei der Verleihung des Deutschen Filmpreises.\" loading=\"lazy\"\/><\/p>\n<p>\n      Oskar Roehler mit seiner Hauptdarstellerin Hannelore Elsner bei der Verleihung des Deutschen Filmpreises.<br \/>\n      \u00a9 picture-alliance \/ SCHROEWIG\/CS | SCHROEWIG\/CS\n    <\/p>\n<p class=\"\">Alles andere ist nur noch Nachspiel. Wie sie Berlin ebenso beherzt wieder verl\u00e4sst. Und noch mal Halt sucht. Erst bei ihrem Ex-Mann (Glowna als Alter Ego von Klaus Roehler, dem der Sohn seinen Film gewidmet ist). Dann bei ihren reichen Eltern. Wo der Vater (Charles Regnier in seiner letzten Rolle) sie gn\u00e4dig aufnehmen will, die Mutter (Helga G\u00f6ring) sie aber kalt abweist. Da spiegelt sich die schiefe Mutter-Sohn-Beziehung. Ein Stationendrama. Jede Station eine Sackgasse. Bis die aus der Zeit Gefallene, als letzten Schicksalsschlag, auch noch eine niederschmetternde Diagnose erh\u00e4lt. <\/p>\n<p>  Der Durchbruch f\u00fcr Oskar Roehler. Und ein Comeback f\u00fcr Hannelore Elsner<\/p>\n<p class=\"\">Es war eine gro\u00dfartige Entscheidung, den Film in spr\u00f6dem, grobk\u00f6rnigem, Distanz schaffenden Schwarzwei\u00df zu drehen. Wof\u00fcr Kameramann Hagen Bogdanksi bleibende Bilder schuf. Und wer spielt hier alles mit, auch in kleinen Rollen! \u00dcber allem aber thront Hannelore Elsner. Die Roehler damals gar nicht so sehr als Schauspielerin wahrgenommen hat denn als \u00f6ffentliche Person. Elsner wusste nat\u00fcrlich, dass sie hier ihre Namenspatronin, die Mutter des Regisseurs spielte. Und doch machte sie aus Hanna Flanders eine ganz eigene Kunstfigur. Womit ihre Karriere noch mal einen geh\u00f6rigen Schub erfuhr und die Elsner, die davor lange nur noch Fernsehen gemacht hatte, wieder zum gro\u00dfen Kinostar wurde. <\/p>\n<p>   Der Wochenend-Newsletter der Berliner Morgenpost<\/p>\n<p class=\"text-body2 mt-2\">Bestellen Sie hier den w\u00f6chentlichen Newsletter mit Tipps zum Wochenende in Berlin<\/p>\n<p class=\"text-caption text-copy-secondary\">\n          Mit meiner Anmeldung zum Newsletter stimme ich der<br \/>\n          <a href=\"https:\/\/www.morgenpost.de\/service\/newsletter-adconsent\" class=\"text-overline text-copy-accent-negative dark:underline\" rel=\"nofollow noopener\" target=\"_blank\">Werbevereinbarung<\/a><br \/>\n          zu.\n        <\/p>\n<p class=\"\">Aber auch f\u00fcr den Regisseur war der Film der Durchbruch. Und ein Beweis, dass er mehr war als das Enfant terrible mit seinen ersten, schrillen, w\u00fctenden Werken. Auch in sp\u00e4teren Filmen wie <a href=\"https:\/\/www.morgenpost.de\/printarchiv\/top-bmlive\/article113620434\/Hau-weg-die-Gartenzwerge.html\" data-category-full-path=\"\/printarchiv\/top-bmlive\/\" data-paid-status=\"free\" data-article-publish-date=\"1360825023\" target=\"_blank\" rel=\"nofollow noopener\">\u201eQuellen des Lebens\u201c<\/a> (2013) und<a href=\"https:\/\/www.morgenpost.de\/kultur\/article215432825\/Die-Lust-am-Aufbegehren-Oskar-Roehlers-Es-lebe-der-Punk.html\" data-category-full-path=\"https:\/\/www.morgenpost.de\/kultur\/\" data-paid-status=\"default\" data-article-publish-date=\"1538197200\" target=\"_blank\" rel=\"nofollow noopener\"> \u201eTod den Hippies \u2013 Es lebe der Punk!\u201c<\/a> (2015) und Romanen wie \u201eHerkunft\u201c (2011) und \u201eMein Leben als Affenarsch\u201c (2015) hat Roehler immer wieder seine eigene Geschichte und die Abweisung durch seine prominenten Eltern verarbeitet. Aber nie ist es ihm mit einer vergleichbar verst\u00e4ndnisvollen Distanz und z\u00e4rtlichen Poesie wie hier. \u201eDie Unber\u00fchrbare\u201c ist sein bester Film.<\/p>\n<p class=\"\">Zoo Palast, 2. September, 20 Uhr, in Anwesenheit des Regisseurs Oskar Roehler und der Produzentin K\u00e4te Caspar. Tickets gibt es <a href=\"https:\/\/zoopalast.premiumkino.de\/vorstellung\/die-unberuehrbare\/20250902\/2000\/K2-FEWUqPYhNHkT4ZtsuGTdK-JNGJiwbkTtBOxJdzB0~\" target=\"_blank\" rel=\"nofollow noopener\">hier<\/a>.<\/p>\n","protected":false},"excerpt":{"rendered":"Berlin. 25 Jahre \u201eDie Unber\u00fchrbare\u201c: Die Morgenpost-Filmreihe \u201eHauptrolle Berlin\u201c zeigt noch einmal Oskar Roehlers Meisterwerk mit Hannelore Elsner.&hellip;\n","protected":false},"author":2,"featured_media":363563,"comment_status":"","ping_status":"","sticky":false,"template":"","format":"standard","meta":{"footnotes":""},"categories":[1825],"tags":[296,29,30],"class_list":{"0":"post-363562","1":"post","2":"type-post","3":"status-publish","4":"format-standard","5":"has-post-thumbnail","7":"category-berlin","8":"tag-berlin","9":"tag-deutschland","10":"tag-germany"},"share_on_mastodon":{"url":"https:\/\/pubeurope.com\/@de\/115070640221658520","error":""},"_links":{"self":[{"href":"https:\/\/www.europesays.com\/de\/wp-json\/wp\/v2\/posts\/363562","targetHints":{"allow":["GET"]}}],"collection":[{"href":"https:\/\/www.europesays.com\/de\/wp-json\/wp\/v2\/posts"}],"about":[{"href":"https:\/\/www.europesays.com\/de\/wp-json\/wp\/v2\/types\/post"}],"author":[{"embeddable":true,"href":"https:\/\/www.europesays.com\/de\/wp-json\/wp\/v2\/users\/2"}],"replies":[{"embeddable":true,"href":"https:\/\/www.europesays.com\/de\/wp-json\/wp\/v2\/comments?post=363562"}],"version-history":[{"count":0,"href":"https:\/\/www.europesays.com\/de\/wp-json\/wp\/v2\/posts\/363562\/revisions"}],"wp:featuredmedia":[{"embeddable":true,"href":"https:\/\/www.europesays.com\/de\/wp-json\/wp\/v2\/media\/363563"}],"wp:attachment":[{"href":"https:\/\/www.europesays.com\/de\/wp-json\/wp\/v2\/media?parent=363562"}],"wp:term":[{"taxonomy":"category","embeddable":true,"href":"https:\/\/www.europesays.com\/de\/wp-json\/wp\/v2\/categories?post=363562"},{"taxonomy":"post_tag","embeddable":true,"href":"https:\/\/www.europesays.com\/de\/wp-json\/wp\/v2\/tags?post=363562"}],"curies":[{"name":"wp","href":"https:\/\/api.w.org\/{rel}","templated":true}]}}