{"id":363627,"date":"2025-08-22T05:30:14","date_gmt":"2025-08-22T05:30:14","guid":{"rendered":"https:\/\/www.europesays.com\/de\/363627\/"},"modified":"2025-08-22T05:30:14","modified_gmt":"2025-08-22T05:30:14","slug":"krieg-selenskyj-will-militaerischen-druck-auf-russland-erhoehen","status":"publish","type":"post","link":"https:\/\/www.europesays.com\/de\/363627\/","title":{"rendered":"Krieg &#8211; Selenskyj will milit\u00e4rischen Druck auf Russland erh\u00f6hen"},"content":{"rendered":"<p>                    <img decoding=\"async\" loading=\"lazy\" class=\"internal-image\" title=\"Ein Bild von Wolodymyr Selenskyj\" alt=\"Ein Bild von Wolodymyr Selenskyj\" src=\"https:\/\/www.europesays.com\/de\/wp-content\/uploads\/2025\/08\/selenskyj-172-1920x1080.jpg\" \/><\/p>\n<p>                  Der ukrainische Pr\u00e4sident Selenskyj will den milit\u00e4rischen Druck auf Russland erh\u00f6hen. (IMAGO \/ ZUMA Press Wire \/ IMAGO \/ Aaron Schwartz &#8211; Pool via CNP)<\/p>\n<p>Kremlchef Putin verstehe nichts au\u00dfer Macht und Druck, f\u00fcgte Selenskyj hinzu. Die ukrainische Armee werde Land und Volk weiter sch\u00fctzen.<\/p>\n<p>Vor der Videoansprache hatte sich US-Pr\u00e4sident Trump in seiner Internetplattform Truth Social f\u00fcr st\u00e4rkere Gegenangriffe der Ukraine ausgesprochen. Ohne eigene Attacken k\u00f6nne eine \u00fcberfallenes Land einen Krieg nicht gewinnen.<\/p>\n<p>Die Ukraine greift in ihrem Abwehrkampf immer wieder Ziele in von Russland besetzten Gebieten sowie in Russland an, teils auch tief im Hinterland.<\/p>\n<p>                Zwei Tote bei ukrainischem Angriff auf russisch besetzte Stadt Jenakijewe<\/p>\n<p>Bei einem ukrainischen Angriff auf die von Russland besetzte Stadt Jenakijewe sind nach \u00f6rtlichen Angaben zwei Menschen get\u00f6tet worden. Au\u00dferdem gab es 21 Verletzte, wie der von der Regierung in Moskau eingesetzte Gouverneur der Region Donezk auf Telegram mitteilte. Die Stadt sei mit Raketen und Drohnen angegiffen worden, erkl\u00e4rte er. Von ukrainischer Seite gab es zun\u00e4chst keine Angaben.<\/p>\n<p>Diese Nachricht wurde am 22.08.2025 im Programm Deutschlandfunk gesendet.<\/p>\n","protected":false},"excerpt":{"rendered":"Der ukrainische Pr\u00e4sident Selenskyj will den milit\u00e4rischen Druck auf Russland erh\u00f6hen. (IMAGO \/ ZUMA Press Wire \/ IMAGO&hellip;\n","protected":false},"author":2,"featured_media":363628,"comment_status":"","ping_status":"","sticky":false,"template":"","format":"standard","meta":{"footnotes":""},"categories":[4013],"tags":[331,332,13,14,15,4043,4044,850,307,12],"class_list":{"0":"post-363627","1":"post","2":"type-post","3":"status-publish","4":"format-standard","5":"has-post-thumbnail","7":"category-russland","8":"tag-aktuelle-nachrichten","9":"tag-aktuelle-news","10":"tag-headlines","11":"tag-nachrichten","12":"tag-news","13":"tag-russia","14":"tag-russian-federation","15":"tag-russische-foederation","16":"tag-russland","17":"tag-schlagzeilen"},"share_on_mastodon":{"url":"https:\/\/pubeurope.com\/@de\/115070778033605652","error":""},"_links":{"self":[{"href":"https:\/\/www.europesays.com\/de\/wp-json\/wp\/v2\/posts\/363627","targetHints":{"allow":["GET"]}}],"collection":[{"href":"https:\/\/www.europesays.com\/de\/wp-json\/wp\/v2\/posts"}],"about":[{"href":"https:\/\/www.europesays.com\/de\/wp-json\/wp\/v2\/types\/post"}],"author":[{"embeddable":true,"href":"https:\/\/www.europesays.com\/de\/wp-json\/wp\/v2\/users\/2"}],"replies":[{"embeddable":true,"href":"https:\/\/www.europesays.com\/de\/wp-json\/wp\/v2\/comments?post=363627"}],"version-history":[{"count":0,"href":"https:\/\/www.europesays.com\/de\/wp-json\/wp\/v2\/posts\/363627\/revisions"}],"wp:featuredmedia":[{"embeddable":true,"href":"https:\/\/www.europesays.com\/de\/wp-json\/wp\/v2\/media\/363628"}],"wp:attachment":[{"href":"https:\/\/www.europesays.com\/de\/wp-json\/wp\/v2\/media?parent=363627"}],"wp:term":[{"taxonomy":"category","embeddable":true,"href":"https:\/\/www.europesays.com\/de\/wp-json\/wp\/v2\/categories?post=363627"},{"taxonomy":"post_tag","embeddable":true,"href":"https:\/\/www.europesays.com\/de\/wp-json\/wp\/v2\/tags?post=363627"}],"curies":[{"name":"wp","href":"https:\/\/api.w.org\/{rel}","templated":true}]}}