{"id":363861,"date":"2025-08-22T07:42:12","date_gmt":"2025-08-22T07:42:12","guid":{"rendered":"https:\/\/www.europesays.com\/de\/363861\/"},"modified":"2025-08-22T07:42:12","modified_gmt":"2025-08-22T07:42:12","slug":"leonard-baro-aus-quakenbrueck-fuer-deutschen-radiopreis-nominiert","status":"publish","type":"post","link":"https:\/\/www.europesays.com\/de\/363861\/","title":{"rendered":"Leonard Baro aus Quakenbr\u00fcck f\u00fcr Deutschen Radiopreis nominiert"},"content":{"rendered":"<p class=\"\">\n                    Leonard Baro sagt von sich selbst, er sei \u201eradioverr\u00fcckt\u201c. Kein Wunder also, dass er nach dem Abitur am Artland-Gymnasium Quakenbr\u00fcck (AGQ) direkt beim Radio gelandet ist \u2013 wie es sein gr\u00f6\u00dfter Wunsch war. Seit einem Jahr macht er sein Volontariat bei Delta Radio in Kiel und f\u00fchlt sich vor dem Mikro pudelwohl. Das \u00fcberzeugt offenbar nicht nur die H\u00f6rer und seine Arbeitskollegen, sondern auch die Nominierungskommission des Deutschen Radiopreises. Leonard Baro ist in der Kategorie Newcomer nominiert \u2013 f\u00fcr ihn eine gro\u00dfe Ehre.\n            <\/p>\n<p class=\"\">Weiterlesen: <a href=\"https:\/\/www.noz.de\/lokales\/artland\/artikel\/artcast-30-folge-des-podcasts-des-artland-gymnasiums-online-47281081\" class=\"link underline-blue\" title=\"\" target=\"_self\" rel=\"nofollow noopener\">Von Schule bis Journalismus: Podcast des Artland-Gymnasiums blickt hinter die Kulissen<\/a><\/p>\n<p>            Schon als Kind fasziniert vom Radio<\/p>\n<p class=\"\">\n                    Der Quakenbr\u00fccker hat schon als Kind im Studio seines Vaters vor dem Mikrofon gesessen. Sp\u00e4ter war einer der Initiatoren der Podcast-AG am AGQ. Au\u00dferdem arbeitete er bereits bei Radio Osnabr\u00fcck, und schon damals stand f\u00fcr ihn fest, dass er zum Radio will.\n            <\/p>\n<p class=\"\">\n                    <a href=\"https:\/\/www.noz.de\/lokales\/artland\/artikel\/quakenbrueck-abiturienten-feiern-abschluss-am-artland-gymnasium-47290410\" class=\"link underline-blue\" title=\"\" target=\"_self\" rel=\"nofollow noopener\">Nach seinem Abitur 2024<\/a> gelang ihm dieser Schritt direkt und er startete im August vergangenen Jahres sein Volontariat, wie die journalistische Ausbildung genannt wird, bei Delta Radio in Kiel.\n            <\/p>\n<p>            Traumberuf beim Radio gefunden<\/p>\n<p class=\"\">\n                    \u201eIch bin da in einem richtig tollen Team angekommen\u201c, sagt er. Neben Delta Radio sitzen dort n\u00e4mlich auch noch weitere Sender, und mit den Kollegen verstehe er sich sehr gut.\n            <\/p>\n<p class=\"\">Auch interessant: <a href=\"https:\/\/www.noz.de\/lokales\/artland\/artikel\/leonard-baro-vom-agq-hat-einen-schuelerpreis-erhalten-22686829\" class=\"link underline-blue\" title=\"\" target=\"_self\" rel=\"nofollow noopener\">Rotarier-Sch\u00fclerpreis f\u00fcr Leonard Baro vom Artland-Gymnasium Quakenbr\u00fcck<\/a><\/p>\n<p class=\"\">\n                    \u201eUnd auch mit den H\u00f6rerinnen und H\u00f6rern hat man nat\u00fcrlich viel Kontakt, sei es \u00fcber das On-Air-Programm oder auch in den sozialen Medien\u201c, erz\u00e4hlt Leonard Baro. \u201eWir gehen zum Beispiel jeden Nachmittag auf Tiktok auch live und quatschen da eine Stunde mit den H\u00f6rerinnen und H\u00f6rern\u201c, f\u00fcgt er hinzu.\n            <\/p>\n<p>            Wiedersehen mit Tokio Hotel<\/p>\n<p class=\"\">\n                    Zu einem besonderen Wiedersehen ist es auch schon gekommen \u2013 und zwar mit Tokio Hotel. <a href=\"https:\/\/www.noz.de\/lokales\/artland\/artikel\/ard-show-klein-gegen-gross-quakenbruecker-junge-im-tv-duell-gegen-tokio-hotel-22616044\" class=\"link underline-blue\" title=\"\" target=\"_self\" rel=\"nofollow noopener\">Leonard Baro hat als Kind in der ARD-Show \u201eKlein gegen Gro\u00df\u201c mit Kai Pflaume mitgemacht.<\/a> 2017 ist er dort gegen Tokio Hotel angetreten. <a href=\"https:\/\/www.noz.de\/lokales\/artland\/artikel\/gegen-die-kaulitz-zwillinge-quakenbruecker-verliert-duell-bei-ard-show-klein-gegen-gross-22616735\" class=\"link underline-blue\" title=\"\" target=\"_self\" rel=\"nofollow noopener\">Damals ging es darum, U-Bahnnetze zu erkennen.<\/a> Acht Jahre sp\u00e4ter trafen sich die damaligen Kontrahenten nun beim Radio wieder.\n            <\/p>\n<p class=\"\">\n                    Leonard Baro liebt es beim Radio zu sein, er spricht begeistert von seinem Job. Dass er nun sogar als Newcomer beim Deutschen Radiopreis nominiert ist, macht ihn schon stolz. Mit der Programmdirektorin und seinem Team hatte er eine Sendung herausgesucht, alle Unterlagen gesammelt und \u201edann in einer Nachtschicht alles eingereicht\u201c.\n            <\/p>\n<p>            Einer von 15 Nominierten beim Deutschen Radiopreis<\/p>\n<p class=\"\">\n                    Dass er tats\u00e4chlich einer der 15 Nominierten ist, damit hatte er gar nicht unbedingt gerechnet. \u201eWir dachten einfach, mal gucken, was passiert.\u201c\n            <\/p>\n<p class=\"\">Weiterlesen: <a href=\"https:\/\/www.noz.de\/lokales\/artland\/artikel\/video-von-quakenbruecker-schuelern-nach-abi-panne-geht-viral-46838729\" class=\"link underline-blue\" title=\"\" target=\"_self\" rel=\"nofollow noopener\">Nach Abi-Panne: Politik-Kurs des Artland-Gymnasiums geht mit Video bei Tiktok viral<\/a><\/p>\n<p class=\"\">\n                    Passiert ist dann auch etwas, von dem Leonard Baro aber zun\u00e4chst gar nichts mitbekommen hat. \u201eMeine Chefin bekam die R\u00fcckmeldung, dass ich als bester Newcomer nominiert bin.\u201c Die hielt das aber erstmal geheim und plante mit seiner Kollegin eine \u00dcberraschung \u2013 denn mit einem \u00dcberraschungsvideo erfuhren alle von ihrer Nominierung.\n            <\/p>\n<p>            Per Video \u00fcberrascht<\/p>\n<p class=\"\">\n                    \u201eBei uns war das bei einem Social-Media-Dreh\u201c, erz\u00e4hlt Leonard Baro. \u201eWir wollten eigentlich nur ein Instagram-Reel aufnehmen, in dem auf einmal unsere Chefin zu sehen war. Da dachte ich mir, das ist komisch\u201c, f\u00fcgt er hinzu. Denn normalerweise w\u00fcrde sie nicht vor die Kamera gehen.\n            <\/p>\n<p class=\"\">\n                    Es sollte ein Wer-w\u00fcrde-Video gedreht werden, bei dem man auf denjenigen im Team zeigt, der zum Beispiel am ehesten den K\u00fchlschrank leer essen w\u00fcrde. \u201eUnd auf einmal kam dann die Frage, wer w\u00fcrde am ehesten nach Hamburg zum Radiopreis fahren. Alle haben auf mich gezeigt und ich war total \u00fcberrascht\u201c, erz\u00e4hlt er. Dass seine Kollegin auch noch als beste Moderatorin nominiert wurde, machte den Tag f\u00fcr ihn perfekt.\n            <\/p>\n<p class=\"\">\n                    \u201eIch bin mit f\u00fcnf Jahren mal in Hannover in einem Radiostudio gewesen. Das ist ja auch mittlerweile 14 Jahre her\u201c, erz\u00e4hlt der heute 19-J\u00e4hrige.  \u201eSchon damals gab es den Radiopreis und ich dachte mir, wie cool w\u00e4re das, da irgendwann mal auf der B\u00fchne stehen zu d\u00fcrfen. Und wenn ich jetzt denke, dass es nicht mal mehr einen Monat hin ist, bis das passieren wird, dann ist das f\u00fcr mich auch noch ein bisschen surreal und f\u00fchlt sich auch ein bisschen aufregend an.\u201c\n            <\/p>\n<p>            Verleihung des Deutschen Radiopreises am 11. September 2025<\/p>\n<p class=\"\">\n                    Nat\u00fcrlich hat er zahlreiche Gl\u00fcckw\u00fcnsche auch aus der Heimat bekommen \u2013 von Familie, Freunden und sogar von einem ehemaligen Lehrer.\n            <\/p>\n<p class=\"\">\n                    Auf die Verleihung in Hamburg am 11. September, bei der in vergangenen Jahren viele Stars aufgetreten sind, freut er sich sehr. Es sei sch\u00f6n, viele Kollegen treffen zu k\u00f6nnen. \u201eEs ist einfach eine sch\u00f6ne Auszeichnung, dass man \u00fcberhaupt schon nominiert ist, weil das zeigt, dass die Arbeit wertgesch\u00e4tzt wird. Aber nat\u00fcrlich w\u00e4re das gro\u00dfe Ziel am Ende der Gewinn. Aber wenn es nicht klappt, dann ist es trotzdem ein richtig cooler Abend, um einfach mal erleben zu k\u00f6nnen, wer alles noch so radiobegeistert ist wie man selbst.\u201c\n            <\/p>\n<p class=\"\">\n                    \u00dcbrigens, eine Frage hat Leonard Baro mittlerweile gekl\u00e4rt: \u201eAls das \u00dcberraschungsvideo zu Ende gedreht war, da habe ich als Erstes gefragt, oh Gott, was soll ich denn jetzt anziehen?\u201c Jetzt hat er eine Idee: \u201eEs wird vermutlich ein hellblauer Anzug mit wei\u00dfen Sneakern.\u201c\n            <\/p>\n","protected":false},"excerpt":{"rendered":"Leonard Baro sagt von sich selbst, er sei \u201eradioverr\u00fcckt\u201c. Kein Wunder also, dass er nach dem Abitur am&hellip;\n","protected":false},"author":2,"featured_media":363862,"comment_status":"","ping_status":"","sticky":false,"template":"","format":"standard","meta":{"footnotes":""},"categories":[1772],"tags":[99864,11883,29,214,30,692,46,10061,4949,3881,1779,810,30135,741,99284,215],"class_list":{"0":"post-363861","1":"post","2":"type-post","3":"status-publish","4":"format-standard","5":"has-post-thumbnail","7":"category-musik","8":"tag-baro","9":"tag-delta-radio","10":"tag-deutschland","11":"tag-entertainment","12":"tag-germany","13":"tag-hamburg","14":"tag-hannover","15":"tag-kai-pflaume","16":"tag-kiel","17":"tag-moderator","18":"tag-music","19":"tag-musik","20":"tag-newcomer","21":"tag-osnabrueck","22":"tag-showstar","23":"tag-unterhaltung"},"share_on_mastodon":{"url":"https:\/\/pubeurope.com\/@de\/115071297921559186","error":""},"_links":{"self":[{"href":"https:\/\/www.europesays.com\/de\/wp-json\/wp\/v2\/posts\/363861","targetHints":{"allow":["GET"]}}],"collection":[{"href":"https:\/\/www.europesays.com\/de\/wp-json\/wp\/v2\/posts"}],"about":[{"href":"https:\/\/www.europesays.com\/de\/wp-json\/wp\/v2\/types\/post"}],"author":[{"embeddable":true,"href":"https:\/\/www.europesays.com\/de\/wp-json\/wp\/v2\/users\/2"}],"replies":[{"embeddable":true,"href":"https:\/\/www.europesays.com\/de\/wp-json\/wp\/v2\/comments?post=363861"}],"version-history":[{"count":0,"href":"https:\/\/www.europesays.com\/de\/wp-json\/wp\/v2\/posts\/363861\/revisions"}],"wp:featuredmedia":[{"embeddable":true,"href":"https:\/\/www.europesays.com\/de\/wp-json\/wp\/v2\/media\/363862"}],"wp:attachment":[{"href":"https:\/\/www.europesays.com\/de\/wp-json\/wp\/v2\/media?parent=363861"}],"wp:term":[{"taxonomy":"category","embeddable":true,"href":"https:\/\/www.europesays.com\/de\/wp-json\/wp\/v2\/categories?post=363861"},{"taxonomy":"post_tag","embeddable":true,"href":"https:\/\/www.europesays.com\/de\/wp-json\/wp\/v2\/tags?post=363861"}],"curies":[{"name":"wp","href":"https:\/\/api.w.org\/{rel}","templated":true}]}}