{"id":363912,"date":"2025-08-22T08:10:12","date_gmt":"2025-08-22T08:10:12","guid":{"rendered":"https:\/\/www.europesays.com\/de\/363912\/"},"modified":"2025-08-22T08:10:12","modified_gmt":"2025-08-22T08:10:12","slug":"urteil-nach-fenstersturz-in-bochum-erwartet","status":"publish","type":"post","link":"https:\/\/www.europesays.com\/de\/363912\/","title":{"rendered":"Urteil nach Fenstersturz in Bochum erwartet"},"content":{"rendered":"<p class=\"small date article__date\">Ver\u00f6ffentlicht:\u00a0Freitag, 22.08.2025 09:57<\/p>\n<p>Ein Mann \u00fcberlebt nur knapp \u2013 heute will das Landgericht Bochum entscheiden, ob drei Angeklagte ihn aus dem Fenster gesto\u00dfen haben. Der Prozess war schwierig und zog sich \u00fcber Monate.<\/p>\n<p><img decoding=\"async\" alt=\"\" src=\"https:\/\/www.europesays.com\/de\/wp-content\/uploads\/2025\/08\/fotolia_92329578_s_copyright.jpg&#038;crop=0x0x822x514&#038;resize=822x514&#038;dt=201907091758050.jpeg\" data-size=\"822x514\"\/>\u00a9 Paul Hill &#8211; FotoliaDrei Versionen \u2013 aber kein klares Gest\u00e4ndnis<\/p>\n<p>Im Prozess um einen beinahe t\u00f6dlichen Fenstersturz in Bochum-Weitmar will das Landgericht heute das Urteil sprechen. Drei Angeklagte sollen im Oktober vergangenen Jahres einen Mann aus dem vierten Stock gesto\u00dfen haben \u2013 13 Meter tief. Nur durch zuf\u00e4llig abgestellte M\u00fclls\u00e4cke \u00fcberlebte das Opfer schwer verletzt. Das Verfahren dauerte fast ein halbes Jahr \u2013 auch, weil sich keiner der Angeklagten klar zur Tat bekannte. Jeder erz\u00e4hlte eine eigene Version der Geschehnisse. Einer behauptete sogar, das Opfer sei m\u00f6glicherweise selbst gesprungen. Hintergrund k\u00f6nnte ein Missverst\u00e4ndnis gewesen sein: Die Angeklagten glaubten offenbar, eine Freundin oder Schwester sei in Gefahr.<\/p>\n<p>Schwere Verletzungen und versuchte Manipulation<\/p>\n<p>Das Opfer erlitt einen Wirbels\u00e4ulenbruch und mehrere weitere Knochenbr\u00fcche. Zudem soll es im Umfeld des Prozesses zu Bedrohungen und versuchter Einflussnahme gekommen sein \u2013 Verwandte eines Angeklagten sollen das Opfer zur Falschaussage gedr\u00e4ngt haben.<\/p>\n","protected":false},"excerpt":{"rendered":"Ver\u00f6ffentlicht:\u00a0Freitag, 22.08.2025 09:57 Ein Mann \u00fcberlebt nur knapp \u2013 heute will das Landgericht Bochum entscheiden, ob drei Angeklagte&hellip;\n","protected":false},"author":2,"featured_media":363913,"comment_status":"","ping_status":"","sticky":false,"template":"","format":"standard","meta":{"footnotes":""},"categories":[1839],"tags":[99897,99896,99895,7507,3364,29,26684,1404,30,1209],"class_list":{"0":"post-363912","1":"post","2":"type-post","3":"status-publish","4":"format-standard","5":"has-post-thumbnail","7":"category-bochum","8":"tag-13-meter","9":"tag-4-stock","10":"tag-weitmar","11":"tag-bochum","12":"tag-de","13":"tag-deutschland","14":"tag-fenstersturz","15":"tag-gerichtsurteil","16":"tag-germany","17":"tag-nordrhein-westfalen"},"share_on_mastodon":{"url":"https:\/\/pubeurope.com\/@de\/115071406943352865","error":""},"_links":{"self":[{"href":"https:\/\/www.europesays.com\/de\/wp-json\/wp\/v2\/posts\/363912","targetHints":{"allow":["GET"]}}],"collection":[{"href":"https:\/\/www.europesays.com\/de\/wp-json\/wp\/v2\/posts"}],"about":[{"href":"https:\/\/www.europesays.com\/de\/wp-json\/wp\/v2\/types\/post"}],"author":[{"embeddable":true,"href":"https:\/\/www.europesays.com\/de\/wp-json\/wp\/v2\/users\/2"}],"replies":[{"embeddable":true,"href":"https:\/\/www.europesays.com\/de\/wp-json\/wp\/v2\/comments?post=363912"}],"version-history":[{"count":0,"href":"https:\/\/www.europesays.com\/de\/wp-json\/wp\/v2\/posts\/363912\/revisions"}],"wp:featuredmedia":[{"embeddable":true,"href":"https:\/\/www.europesays.com\/de\/wp-json\/wp\/v2\/media\/363913"}],"wp:attachment":[{"href":"https:\/\/www.europesays.com\/de\/wp-json\/wp\/v2\/media?parent=363912"}],"wp:term":[{"taxonomy":"category","embeddable":true,"href":"https:\/\/www.europesays.com\/de\/wp-json\/wp\/v2\/categories?post=363912"},{"taxonomy":"post_tag","embeddable":true,"href":"https:\/\/www.europesays.com\/de\/wp-json\/wp\/v2\/tags?post=363912"}],"curies":[{"name":"wp","href":"https:\/\/api.w.org\/{rel}","templated":true}]}}