{"id":363921,"date":"2025-08-22T08:15:38","date_gmt":"2025-08-22T08:15:38","guid":{"rendered":"https:\/\/www.europesays.com\/de\/363921\/"},"modified":"2025-08-22T08:15:38","modified_gmt":"2025-08-22T08:15:38","slug":"cottbuser-kinder-erlebten-ferien-abenteuer-an-der-ostsee","status":"publish","type":"post","link":"https:\/\/www.europesays.com\/de\/363921\/","title":{"rendered":"Cottbuser Kinder erlebten Ferien-Abenteuer an der Ostsee"},"content":{"rendered":"<p><strong>Eine Woche voller Sonne, Strand und spannender Ausfl\u00fcge erlebten 33 Kinder aus Cottbus bei ihrer Sommerferienfahrt ins Ostseebad Prerow. Gemeinsam mit ihren Schulsozialarbeiterinnen und -arbeitern tauchten die Sch\u00fclerinnen und Sch\u00fcler der UNESCO-Projektgrundschule, der Carl-Blechen-, Christoph-Kolumbus- sowie der Lutki-Grundschule Sielow in ein buntes Programm ein: Vom Baden im Meer \u00fcber Kinoabende am Strand bis hin zu Fahrradtouren, Disco und Lagerfeuer mit Stockbrot. Ein H\u00f6hepunkt war der Besuch des Dar\u00dfer Ortes mit Leuchtturm und Dar\u00dfbahn sowie eine Segeltour, die echtes Abenteuerfeeling brachte. M\u00f6glich wurde die Ferienfahrt durch die Unterst\u00fctzung der Stadt Cottbus sowie regionaler Partner wie der GWC, Hartiste Teamwear und i &amp; m Bauzentrum Szonn Kolkwitz.<\/strong><\/p>\n<p><strong>Abenteuer an der Ostsee<\/strong><\/p>\n<p>Eine erlebnisreiche Woche verbrachten 33 Kinder aus Cottbus in der Herberge an der Hertesburg im Ostseebad Prerow. Mit dabei waren Sch\u00fclerinnen und Sch\u00fcler der UNESCO-Projektgrundschule, der Carl-Blechen-Grundschule, der Christoph-Kolumbus-Grundschule Cottbus sowie der Lutki-Grundschule Sielow. Begleitet wurden sie von ihren Schulsozialarbeiterinnen und Schulsozialarbeitern der Stadt Cottbus. Das Wetter meinte es bestens mit uns \u2013 Sonne pur an allen Tagen. So konnten die Kinder zahlreiche spannende und erlebnisreiche Programmpunkte genie\u00dfen. Ein besonderer H\u00f6hepunkt war der Ausflug in das Naturschutzgebiet Dar\u00dfer Ort mit dem historischen Leuchtturm, den die Kinder teilweise zu Fu\u00df und teilweise mit der Dar\u00dfbahn erkundeten. Neben dem Leuchtturm war auch die Segeltour ein gro\u00dfes Highlight, bei der die Kinder das Segeln hautnah erleben konnten.<\/p>\n<p>Nat\u00fcrlich stand w\u00e4hrend der gesamten Ferienfahrt das Meer im Vordergrund: Die Kinder nutzten jeden Moment, um im Wasser zu schwimmen, am Strand zu spielen und die K\u00fcste zu erkunden. Sie besuchten das Strandkino, genossen Pizza direkt am Strand, verbrachten gem\u00fctliche Stunden am Lagerfeuer mit Stockbrot und freuten sich \u00fcber einen gemeinsamen Grillabend. Au\u00dferdem kam der Spa\u00df bei einem ausgelassenen Discoabend sowie bei kreativen Angeboten, Fahrradtouren und verschiedenen Spielen nicht zu kurz. Wir danken herzlich f\u00fcr die Unterst\u00fctzung des Projektes an GWC, Hartiste Teamwear, das i &amp; m Bauzentrum Szonn Kolkwitz und die Stadt Cottbus. Dank ihrer Hilfe war es m\u00f6glich, den Kindern unvergessliche Sommerferienerlebnisse zu schenken.<\/p>\n<p><strong>Heute in der Lausitz \u2013 Unser t\u00e4glicher News\u00fcberblick<\/strong><\/p>\n<p>Mehr Infos und\u00a0News\u00a0aus der Lausitzer und S\u00fcdbrandenburger\u00a0Region\u00a0sowie Videos und Social-Media-Content von heute findet ihr in unserer Tages\u00fcbersicht\u00a0<a href=\"https:\/\/www.niederlausitz-aktuell.de\/top-artikel\/230749\/heute-in-der-lausitz-unser-taeglicher-news-und-contentueberblick-56.html\" target=\"_blank\" rel=\"noopener\"><strong>-&gt;&gt; Hier zur \u00dcbersicht<\/strong><\/a><\/p>\n<p>Red. \/ Presseinformation<\/p>\n","protected":false},"excerpt":{"rendered":"Eine Woche voller Sonne, Strand und spannender Ausfl\u00fcge erlebten 33 Kinder aus Cottbus bei ihrer Sommerferienfahrt ins Ostseebad&hellip;\n","protected":false},"author":2,"featured_media":363922,"comment_status":"","ping_status":"","sticky":false,"template":"","format":"standard","meta":{"footnotes":""},"categories":[3976],"tags":[331,332,8432,4532,99898,13,14,15,2852,99899,12,11290,3992,3993,3994,3995,3996,3997],"class_list":{"0":"post-363921","1":"post","2":"type-post","3":"status-publish","4":"format-standard","5":"has-post-thumbnail","7":"category-vereinigtes-koenigreich","8":"tag-aktuelle-nachrichten","9":"tag-aktuelle-news","10":"tag-cottbus","11":"tag-ferien","12":"tag-ferienfahrt","13":"tag-headlines","14":"tag-nachrichten","15":"tag-news","16":"tag-ostsee","17":"tag-prerow","18":"tag-schlagzeilen","19":"tag-sommerferien","20":"tag-uk","21":"tag-united-kingdom","22":"tag-united-kingdom-of-great-britain-and-northern-ireland","23":"tag-vereinigtes-koenigreich","24":"tag-vereinigtes-koenigreich-grossbritannien-und-nordirland","25":"tag-vereinigtes-koenigreich-von-grossbritannien-und-nordirland"},"share_on_mastodon":{"url":"https:\/\/pubeurope.com\/@de\/115071426571946702","error":""},"_links":{"self":[{"href":"https:\/\/www.europesays.com\/de\/wp-json\/wp\/v2\/posts\/363921","targetHints":{"allow":["GET"]}}],"collection":[{"href":"https:\/\/www.europesays.com\/de\/wp-json\/wp\/v2\/posts"}],"about":[{"href":"https:\/\/www.europesays.com\/de\/wp-json\/wp\/v2\/types\/post"}],"author":[{"embeddable":true,"href":"https:\/\/www.europesays.com\/de\/wp-json\/wp\/v2\/users\/2"}],"replies":[{"embeddable":true,"href":"https:\/\/www.europesays.com\/de\/wp-json\/wp\/v2\/comments?post=363921"}],"version-history":[{"count":0,"href":"https:\/\/www.europesays.com\/de\/wp-json\/wp\/v2\/posts\/363921\/revisions"}],"wp:featuredmedia":[{"embeddable":true,"href":"https:\/\/www.europesays.com\/de\/wp-json\/wp\/v2\/media\/363922"}],"wp:attachment":[{"href":"https:\/\/www.europesays.com\/de\/wp-json\/wp\/v2\/media?parent=363921"}],"wp:term":[{"taxonomy":"category","embeddable":true,"href":"https:\/\/www.europesays.com\/de\/wp-json\/wp\/v2\/categories?post=363921"},{"taxonomy":"post_tag","embeddable":true,"href":"https:\/\/www.europesays.com\/de\/wp-json\/wp\/v2\/tags?post=363921"}],"curies":[{"name":"wp","href":"https:\/\/api.w.org\/{rel}","templated":true}]}}