{"id":363999,"date":"2025-08-22T08:58:18","date_gmt":"2025-08-22T08:58:18","guid":{"rendered":"https:\/\/www.europesays.com\/de\/363999\/"},"modified":"2025-08-22T08:58:18","modified_gmt":"2025-08-22T08:58:18","slug":"prinz-christian-von-hannover-urlaubsfoto-mit-seinen-kindern-aufgetaucht","status":"publish","type":"post","link":"https:\/\/www.europesays.com\/de\/363999\/","title":{"rendered":"Prinz Christian von Hannover: Urlaubsfoto mit seinen Kindern aufgetaucht"},"content":{"rendered":"<p>\nDie Royal-News aus aller Welt im GALA-Ticker: Prinz Christian von Hannover und seine Kinder genie\u00dfen &#8222;La Dolce Vita&#8220; in Italien +++ K\u00f6nig Charles begr\u00fc\u00dft in Balmoral einen seltenen Gast +++ Herzogin Meghans Vertraute erwartet &#8222;nach Fruchtbarkeitsproblemen und Fehlgeburten&#8220; ihr drittes Kind.\n<\/p>\n<p>Royal-News aus aller Welt im GALA-Ticker<\/p>\n<p>22. August 2025<\/p>\n<p>Prinz Christian von Hannover urlaubt mit seinen Kids<\/p>\n<p class=\"text-element u-richtext u-typo u-typo--article-text article__text-element text-element--context-article\"> Sie hegen und pflegen ihre Privatsph\u00e4re, doch bei diesem Anblick konnte <a class=\"link--person\" data-target-type=\"article\" href=\"https:\/\/www.gala.de\/stars\/starportraets\/alessandra-de-osma---model--mutter-und-prinzessin-22211214.html\" rel=\"nofollow noopener\" target=\"_blank\">Alessandra de Osma<\/a>, 37, offenbar nicht widerstehen: Die Frau von <a class=\"\" data-target-type=\"article\" href=\"https:\/\/www.gala.de\/royals\/allgemein\/themen\/prinz-christian-von-hannover-21480992.html\" target=\"_self\" rel=\"nofollow noopener\">Prinz Christian von Hannover<\/a>, 40, muss einfach ihr Handy z\u00fccken, als ihr Liebster mit zwei ihrer gemeinsamen Kinder das Tyrrhenischen Meer unsicher macht. W\u00e4hrend der sportliche Papa flei\u00dfig paddelt, l\u00e4sst sich T\u00f6chterlein Sofia, 5, b\u00e4uchlings zu einer kleinen Rast auf seinem blauen SUP Board nieder. Ihr Zwillingsbruder Nicolas indes ist auf Entdeckungskurs und erkundet mit untergetauchtem Gesicht die spannende Unterwasserwelt.<\/p>\n<p class=\"text-element u-richtext u-typo u-typo--article-text article__text-element text-element--context-article\"> Wie weitere Instagram-Storys verraten, verbringen Prinz Christian und Alessandra aktuell die letzten Sommerwochen mit den Twins und ihrer J\u00fcngsten Alexia, 1, auf Sardinien. Die Anw\u00e4ltin und Handtaschendesignerin teilt nur selten Einblicke ins Familienleben. Die buchst\u00e4blich erfrischende Aufnahme von ihrem Herzensmann mit den Kindern allerdings war f\u00fcr sie offenbar zu sch\u00f6n, um nicht mit der Welt geteilt zu werden.\u00a0<\/p>\n<p><img class=\"image image-element__image\"   src=\"https:\/\/www.europesays.com\/de\/wp-content\/uploads\/2025\/08\/sassadeo-insta.jpg\" alt=\"Prinz Christian von Hannover: Urlaubsfoto mit seinen Kindern aufgetaucht\" decoding=\"async\" fetchpriority=\"auto\" loading=\"lazy\"\/><br \/>\n<a href=\"https:\/\/image.gala.de\/24439306\/t\/pk\/v5\/w2048\/r0\/-\/sassadeo-insta.jpg#instagram.com%2Fsassadeo\" class=\"image__magnifier\" aria-label=\"Vergr\u00f6\u00dfern\" rel=\"nofollow noopener\" target=\"_blank\"><\/p>\n<p>\u00a9 instagram.com\/sassadeo<\/p>\n<p>21. August 2025<\/p>\n<p>K\u00f6nig Charles begr\u00fc\u00dft auf Schloss Balmoral einen besonderen Gast<\/p>\n<p class=\"text-element u-richtext u-typo u-typo--article-text article__text-element text-element--context-article\"> Bereits am vergangenen Montag bezog <a class=\"link--person\" data-target-type=\"article\" href=\"https:\/\/www.gala.de\/stars\/starportraets\/koenig-charles-20477256.html\" rel=\"nofollow noopener\" target=\"_blank\">K\u00f6nig Charles<\/a>, 76, seine Sommerresidenz auf dem schottischen Anwesen Balmoral in Aberdeenshire. Wie in jedem Sommer genie\u00dft der britische Monarch dort in Begleitung seiner Frau, K\u00f6nigin Camilla, 78 das Landleben. Der R\u00fcckzugsort dient traditionell auch anderen Mitgliedern der britischen K\u00f6nigsfamilie als Urlaubsort \u2013 in diesem Jahr wohl begleitet von einem seltenen Gast.\u00a0<\/p>\n<p class=\"text-element u-richtext u-typo u-typo--article-text article__text-element text-element--context-article\"> Prinzessin Beatrice, 37, bereitet sich mit ihrem Mann <a class=\"\" data-target-type=\"article\" href=\"https:\/\/www.gala.de\/royals\/briten\/themen\/edoardo-mapelli-mozzi-21956106.html\" target=\"_self\" rel=\"nofollow noopener\">Edoardo Mapelli Mozzi<\/a>, 41, und ihren gemeinsamen Kindern Sienna und Athena laut &#8222;Hello&#8220; aktuell auf ihren Sommeraufenthalt auf Balmoral vor. Nun scheint so, als w\u00fcrde auch der Stiefsohn der Prinzessin den Sommer gemeinsam mit der Familie auf dem Land verbringen. Christopher, der liebevoll &#8222;Wolfie&#8220; genannt wird, stammt aus der Beziehung von Edoardo und seiner Ex-Partnerin <a class=\"\" data-target-type=\"article\" href=\"https:\/\/www.gala.de\/royals\/briten\/themen\/dara-huang-21960064.html\" target=\"_self\" rel=\"nofollow noopener\">Dara Huang<\/a>. In der Vergangenheit hatte der Neunj\u00e4hrige nun schon einige \u00f6ffentliche Auftritte mit seiner royalen Verwandtschaft und soll bereits im letzten Jahr seinen Vater nach Balmoral begleitet haben. F\u00fcr seine Stiefschwester Athena, die erst in 2025 das Licht der Welt erblickte, ist es der erste Aufenthalt im traditionsreichen Urlaubsziel.\u00a0<\/p>\n<p> <img class=\"image image--video-poster\"   src=\"https:\/\/www.europesays.com\/de\/wp-content\/uploads\/2025\/08\/3-details.jpg\" alt=\"3 Details, die bei Prinzessin Beatrice und T\u00f6chterchen Athena ersten gemeinsamen \u00f6ffentlichen Auftritt auffallen.\" decoding=\"async\" fetchpriority=\"auto\" loading=\"lazy\"\/><\/p>\n<p>3 Details, die bei ihrem ersten Familienauftritt zu f\u00fcnft auffallen<\/p>\n<p>00:59 min<\/p>\n<p>20. August 2025<\/p>\n<p>Herzogin Meghans Vertraute erwartet &#8222;nach Fruchtbarkeitsproblemen und Fehlgeburten&#8220; ihr drittes Kind<\/p>\n<p class=\"text-element u-richtext u-typo u-typo--article-text article__text-element text-element--context-article\"> Im Fr\u00fchjahr dieses Jahres vertraute <a class=\"link--person\" data-target-type=\"article\" href=\"https:\/\/www.gala.de\/stars\/starportraets\/meghan-markle-aka-herzogin-meghan--alles-ueber-die-frau-an-prinz-harrys-seite-20586488.html\" rel=\"nofollow noopener\" target=\"_blank\">Herzogin Meghan<\/a>, 44, US-Unternehmerin <a class=\"\" data-target-type=\"article\" href=\"https:\/\/www.gala.de\/royals\/briten\/themen\/jamie-kern-lima-24147212.html\" target=\"_self\" rel=\"nofollow noopener\">Jamie Kern Lima<\/a>, 48, in ihrem ersten Podcastinterview f\u00fcr &#8222;The Jamie Kern Lima Show&#8220; <a data-target-type=\"article\" href=\"https:\/\/www.gala.de\/royals\/briten\/herzogin-meghan--neuer-aerger-nach-podcast-auftritt-24360268.html\" rel=\"nofollow noopener\" target=\"_blank\">intimste Dinge an<\/a>. Prinz Harrys, 40, Frau \u00f6ffnete sich laut Lima &#8222;wie nie zuvor und teilt echte, unverf\u00e4lschte und bewegende Geschichten, Erkenntnisse und Inspirationen&#8220;. Nun darf sich Meghan f\u00fcr ihre Vertraute freuen. Denn die einstige Mitbegr\u00fcnderin von IT Cosmetics ist nach \u00fcber zehn herausfordernden Jahren endlich schwanger. Sie und ihr Ehemann Paulo Lima erwarten ihr drittes Kind.<\/p>\n<p class=\"text-element u-richtext u-typo u-typo--article-text article__text-element text-element--context-article\"> Diese wunderbare Neuigkeit gibt das Paar mit ersten Ultraschallfotos auf Instagram bekannt und schreibt: &#8222;Wir freuen uns riesig, euch mitteilen zu k\u00f6nnen, dass wir unser drittes Baby erwarten!!!! Nach einer mehr als zehnj\u00e4hrigen Reise voller Fruchtbarkeitsprobleme und Fehlgeburten f\u00fchlen wir uns unglaublich gesegnet, dass wir sp\u00e4ter in diesem Jahr unser drittes Kind auf der Welt willkommen hei\u00dfen d\u00fcrfen.&#8220; Abschlie\u00dfend bedanken sich die beiden &#8222;f\u00fcr eure Gebete, eure Liebe und eure Unterst\u00fctzung.&#8220; Selbstverst\u00e4ndlich hinterl\u00e4sst Meghan unter dem Post ein Herz und freut sich \u00f6ffentlich f\u00fcr Jamie und ihren Mann.<\/p>\n<p>19. August 2025<\/p>\n<p>Prinzessin Elisabeth darf Masterstudium in Harvard fortsetzen<\/p>\n<p class=\"text-element u-richtext u-typo u-typo--article-text article__text-element text-element--context-article\"> Nach Monaten der Ungewissheit kann <a class=\"link--person\" data-target-type=\"article\" href=\"https:\/\/www.gala.de\/stars\/starportraets\/prinzessin-elisabeth-von-belgien--ein-steckbrief-22165138.html\" rel=\"nofollow noopener\" target=\"_blank\">Prinzessin Elisabeth von Belgien<\/a>, 23, erleichtert ihr Masterstudium an der Harvard University in Boston fortsetzen, wie die Tageszeitung &#8222;Le Soir&#8220; berichtet. Laut &#8222;Dana Press&#8220; hat der belgische Hof die Meldung auch gegen\u00fcber dem Adelsexperten Wim Dehandschutter best\u00e4tigt.<\/p>\n<p class=\"text-element u-richtext u-typo u-typo--article-text article__text-element text-element--context-article\"> Damit steht fest: Im September kann die Tochter von <a class=\"link--person\" data-target-type=\"article\" href=\"https:\/\/www.gala.de\/stars\/starportraets\/koenig-philippe-20476622.html\" rel=\"nofollow noopener\" target=\"_blank\">K\u00f6nig Philippe<\/a>, 65, ihr zweites und zugleich letztes Jahr im Masterstudium antreten \u2013 trotz strengerer US-Visaregeln. Tausenden anderen ausl\u00e4ndischen Studierenden hingegen sei das Visum entzogen worden, gr\u00f6\u00dftenteils wegen Gesetzesverst\u00f6\u00dfen.<\/p>\n<p><img class=\"image teaser__image\"   src=\"https:\/\/www.europesays.com\/de\/wp-content\/uploads\/2025\/08\/1755658457_855_prinzessin-elisabeth.jpg\" alt=\"Prinzessin Elisabeth von Belgien: Ihr unbeschwertes Leben in den USA\" decoding=\"async\" fetchpriority=\"auto\" loading=\"lazy\"\/><\/p>\n<p><a href=\"https:\/\/www.gala.de\/royals\/allgemein\/prinzessin-elisabeth-von-belgien--ihr-unbeschwertes-leben-in-den-usa-24298670.html\" class=\"teaser__link js-embedded-teaser teaser__link--overlay\" rel=\"nofollow noopener\" target=\"_blank\"><br \/>\nPrinzessin Elisabeth von Belgien<br \/>\nIhr unbeschwertes Leben in den USA<br \/>\n<\/a> <\/p>\n<p>Royale Auszeit: K\u00f6nigin Camilla beim Einkaufsbummel mit Tochter und Enkelin gesichtet<\/p>\n<p class=\"text-element u-richtext u-typo u-typo--article-text article__text-element text-element--context-article\"> <a class=\"link--person\" data-target-type=\"article\" href=\"https:\/\/www.gala.de\/stars\/starportraets\/koenigin-camilla-22992450.html\" rel=\"nofollow noopener\" target=\"_blank\">K\u00f6nigin Camilla<\/a> nutzte ihren Aufenthalt in Schottland f\u00fcr einen entspannten Einkaufsbummel im h\u00fcbschen Dorf Ballater. Das zeigen Fotos, <a class=\"link--external\" href=\"https:\/\/www.dailymail.co.uk\/femail\/article-15010813\/Queen-Camilla-day-shopping-family.html\" rel=\"nofollow noopener\" target=\"_blank\">die der &#8222;Daily Mail&#8220; vorliegen<\/a>. Der malerische Ort ist ganz in der N\u00e4he von Schloss Balmoral, der Sommerresidenz von Charles und Camilla.<\/p>\n<p class=\"text-element u-richtext u-typo u-typo--article-text article__text-element text-element--context-article\"> Zusammen mit ihrer Tochter Laura Lopes, 46, und ihrer Enkelin Eliza, 17, schaute sie kleine Antiquit\u00e4tengesch\u00e4fte an und genoss den Tag sichtlich. In einem gebl\u00fcmten Midikleid mit jadegr\u00fcner Strickjacke wirkte die Ehefrau von K\u00f6nig Charles sommerlich und gut gelaunt. Es ist sch\u00f6n zu sehen, wie vertraut die drei Generationen miteinander unterwegs waren \u2013 ein privater Moment voller N\u00e4he.<\/p>\n<p><img class=\"image teaser__image\"   src=\"https:\/\/www.europesays.com\/de\/wp-content\/uploads\/2025\/08\/koenigin-camilla-neu.jpg\" alt=\"K\u00f6nigin Camilla\" decoding=\"async\" fetchpriority=\"auto\" loading=\"lazy\"\/><\/p>\n<p><a href=\"https:\/\/www.gala.de\/royals\/briten\/koenigin-camilla--wie-ungewoehnlich--ferienplaene-mit-enkeln-gelueftet-24421586.html\" class=\"teaser__link js-embedded-teaser teaser__link--overlay\" rel=\"nofollow noopener\" target=\"_blank\"><br \/>\nK\u00f6nigin Camilla<br \/>\nWilde Experimente! Ferienpl\u00e4ne mit ihren Enkeln gel\u00fcftet<br \/>\n<\/a> <\/p>\n<p>18. August 2025<\/p>\n<p>Marie und Louis Ducruet gew\u00e4hren private Einblicke in ihren Japan-Urlaub mit ihren T\u00f6chtern<\/p>\n<p class=\"text-element u-richtext u-typo u-typo--article-text article__text-element text-element--context-article\"> Mit noch nicht einmal einem Jahr fliegt Mini-Monegassin Constanze mit ihren Eltern Marie Ducruet, 32, <a data-target-type=\"star-portrait\" href=\"https:\/\/www.gala.de\/stars\/starportraets\/louis-ducruet-21984552.html\" rel=\"nofollow noopener\" target=\"_blank\">Louis Ducruet<\/a>, 32, bereits um die halbe Welt. Die j\u00fcngste Enkeltochter von <a class=\"\" data-target-type=\"article\" href=\"https:\/\/www.gala.de\/royals\/themen\/st%C3%A9phanie-von-monaco-20966244.html\" target=\"_self\" rel=\"nofollow noopener\">St\u00e9phanie von Monaco<\/a>, 60, hat <a data-target-type=\"article\" href=\"https:\/\/www.gala.de\/royals\/monaco\/louis---marie-ducruet--royale-foto-premiere-mit-ihrem-baby-24168510.html\" rel=\"nofollow noopener\" target=\"_blank\">im Dezember 2024 das Licht der Welt erblickt<\/a>. Auch ihre Schwester Victoire darf sich mit ihren erst zwei Jahren als kleine Weltenbummlerin bezeichnen. Die Ducruets haben mit ihren M\u00e4dchen n\u00e4mlich k\u00fcrzlich Japan erkundet.<\/p>\n<p class=\"text-element u-richtext u-typo u-typo--article-text article__text-element text-element--context-article\"> Mit privaten Urlaubseinblicken verzaubert die Event-Marketing-Managerin, <a data-target-type=\"article\" href=\"https:\/\/www.gala.de\/royals\/monaco\/monaco-royals--marie-ducruet-macht-ueberraschende-ankuendigung-24428758.html\" rel=\"nofollow noopener\" target=\"_blank\">die sich k\u00fcrzlich selbstst\u00e4ndig gemacht hat<\/a>, nun Royal-Fans auf Instagram.<\/p>\n<p class=\"text-element u-richtext u-typo u-typo--article-text article__text-element text-element--context-article\"> Es ist eine &#8222;ziemlich versp\u00e4tete Fotoausgabe aus Japan&#8220;, schreibt Marie Ducruet zu der mehrteiligen Bildergalerie, die sie am Sonntag, 17. August, ver\u00f6ffentlicht. Der erste Schnappschuss zeigt ihre Familie in einer der bekanntesten Fotokulissen Kyotos: vor dem Kiyomizu-dera-Tempel, der auf einem kleinen Berg im Osten der einstigen japanischen Hauptstadt liegt.<\/p>\n<p><img class=\"image image-element__image\"   src=\"https:\/\/www.europesays.com\/de\/wp-content\/uploads\/2025\/08\/louis-ducruet-victoire-japan.jpg\" alt=\"Louis Ducruet mit seiner Tochter Victoire, die einen zuckers\u00fc\u00dfen Kimono tr\u00e4gt.\" decoding=\"async\" fetchpriority=\"auto\" loading=\"lazy\"\/><br \/>\n<a href=\"https:\/\/image.gala.de\/24436972\/t\/-j\/v3\/w2048\/r0\/-\/louis-ducruet-victoire-japan.jpg#instagram.com%2Fmarieducruet\" class=\"image__magnifier\" aria-label=\"Vergr\u00f6\u00dfern\" rel=\"nofollow noopener\" target=\"_blank\"><\/p>\n<p> <a href=\"https:\/\/www.gala.de\/stars\/starportraets\/louis-ducruet-21984552.html\" data-article-type=\"star-portrait\" rel=\"nofollow noopener\" target=\"_blank\">Louis Ducruet<\/a> mit seiner Tochter Victoire, die einen zuckers\u00fc\u00dfen Kimono tr\u00e4gt. <\/p>\n<p>\u00a9 instagram.com\/marieducruet<\/p>\n<p class=\"text-element u-richtext u-typo u-typo--article-text article__text-element text-element--context-article\"> Auf weiteren Aufnahmen sind die m\u00fcden Mini-Monegassinnen schlafend am Flughafen oder in ihrem Kinderwagen zu sehen, aber auch in wachen, aufregenden Momenten, wie sie das Disneyland in Tokio erkunden oder Tiere in einem Wildpark besuchen. Besonderes Highlight: Prinzessin <a class=\"\" data-target-type=\"article\" href=\"https:\/\/www.gala.de\/royals\/themen\/st%C3%A9phanie-von-monaco-20966244.html\" target=\"_self\" rel=\"nofollow noopener\">St\u00e9phanies<\/a> Enkeltochter Victorie in einem niedlichen Kimono, die an der Hand ihres Vaters \u00fcber einen der gro\u00dfen M\u00e4rkte schlendert.<\/p>\n<p>Sie haben Royal-News verpasst?<\/p>\n<p class=\"text-element u-richtext u-typo u-typo--article-text article__text-element text-element--context-article\"> Die spannendsten Nachrichten und Informationen rund um die Royal Family aus Gro\u00dfbritannien, das d\u00e4nische K\u00f6nigspaar und viele weitere Adelsfamilien k\u00f6nnen Sie in unserem royalen Ticker aus der vergangenen Woche nachlesen. Dort finden <a data-target-type=\"article\" href=\"https:\/\/www.gala.de\/royals\/allgemein\/prinzessin-maertha-louises--ist-tochter-leah-isadora-eine--verraeterin---24433316.html\" rel=\"nofollow noopener\" target=\"_blank\">Sie alle News auf einen Blick<\/a>.<\/p>\n<p class=\"text-element u-richtext u-typo u-typo--article-text article__text-element text-element--context-article\"> Verwendete Quellen: instagram.com, dailymail.co.uk, Dana Press, hellomagazine.com<\/p>\n<p>\njse \/ lmu \/ lgi \/ hbo \/ama<br \/>\nGala\n<\/p>\n<p>#Themen<\/p>\n<p><script async src=\"\/\/www.instagram.com\/embed.js\"><\/script><\/p>\n","protected":false},"excerpt":{"rendered":"Die Royal-News aus aller Welt im GALA-Ticker: Prinz Christian von Hannover und seine Kinder genie\u00dfen &#8222;La Dolce Vita&#8220;&hellip;\n","protected":false},"author":2,"featured_media":364000,"comment_status":"","ping_status":"","sticky":false,"template":"","format":"standard","meta":{"footnotes":""},"categories":[1776],"tags":[1801,29,214,30,1802,215],"class_list":{"0":"post-363999","1":"post","2":"type-post","3":"status-publish","4":"format-standard","5":"has-post-thumbnail","7":"category-prominente","8":"tag-celebrities","9":"tag-deutschland","10":"tag-entertainment","11":"tag-germany","12":"tag-prominente","13":"tag-unterhaltung"},"share_on_mastodon":{"url":"https:\/\/pubeurope.com\/@de\/115071595732051613","error":""},"_links":{"self":[{"href":"https:\/\/www.europesays.com\/de\/wp-json\/wp\/v2\/posts\/363999","targetHints":{"allow":["GET"]}}],"collection":[{"href":"https:\/\/www.europesays.com\/de\/wp-json\/wp\/v2\/posts"}],"about":[{"href":"https:\/\/www.europesays.com\/de\/wp-json\/wp\/v2\/types\/post"}],"author":[{"embeddable":true,"href":"https:\/\/www.europesays.com\/de\/wp-json\/wp\/v2\/users\/2"}],"replies":[{"embeddable":true,"href":"https:\/\/www.europesays.com\/de\/wp-json\/wp\/v2\/comments?post=363999"}],"version-history":[{"count":0,"href":"https:\/\/www.europesays.com\/de\/wp-json\/wp\/v2\/posts\/363999\/revisions"}],"wp:featuredmedia":[{"embeddable":true,"href":"https:\/\/www.europesays.com\/de\/wp-json\/wp\/v2\/media\/364000"}],"wp:attachment":[{"href":"https:\/\/www.europesays.com\/de\/wp-json\/wp\/v2\/media?parent=363999"}],"wp:term":[{"taxonomy":"category","embeddable":true,"href":"https:\/\/www.europesays.com\/de\/wp-json\/wp\/v2\/categories?post=363999"},{"taxonomy":"post_tag","embeddable":true,"href":"https:\/\/www.europesays.com\/de\/wp-json\/wp\/v2\/tags?post=363999"}],"curies":[{"name":"wp","href":"https:\/\/api.w.org\/{rel}","templated":true}]}}