{"id":364210,"date":"2025-08-22T10:48:11","date_gmt":"2025-08-22T10:48:11","guid":{"rendered":"https:\/\/www.europesays.com\/de\/364210\/"},"modified":"2025-08-22T10:48:11","modified_gmt":"2025-08-22T10:48:11","slug":"in-solingen-brennt-der-dachstuhl-eines-gebaeudes","status":"publish","type":"post","link":"https:\/\/www.europesays.com\/de\/364210\/","title":{"rendered":"In Solingen brennt der Dachstuhl eines Geb\u00e4udes"},"content":{"rendered":"<p>In Solingen kommt es aufgrund von einem Brandereignis zu einer m\u00f6glichen Geruchsbel\u00e4stigung. Nach derzeit vorliegenden Informationen kann eine Gesundheitsgef\u00e4hrdung ausgeschlossen werden. Besondere Schutzma\u00dfnahmen sind zurzeit nicht erforderlich. Am Weyersberg brennt der Dachstuhl eines Geb\u00e4udes. Die Feuerwehr und auch ein Hubschrauber ist im Einsatz. <\/p>\n","protected":false},"excerpt":{"rendered":"In Solingen kommt es aufgrund von einem Brandereignis zu einer m\u00f6glichen Geruchsbel\u00e4stigung. Nach derzeit vorliegenden Informationen kann eine&hellip;\n","protected":false},"author":2,"featured_media":364211,"comment_status":"","ping_status":"","sticky":false,"template":"","format":"standard","meta":{"footnotes":""},"categories":[1840],"tags":[99946,3364,29,987,30,1209,4418],"class_list":{"0":"post-364210","1":"post","2":"type-post","3":"status-publish","4":"format-standard","5":"has-post-thumbnail","7":"category-wuppertal","8":"tag-weyersberger-strae","9":"tag-de","10":"tag-deutschland","11":"tag-feuer","12":"tag-germany","13":"tag-nordrhein-westfalen","14":"tag-wuppertal"},"share_on_mastodon":{"url":"https:\/\/pubeurope.com\/@de\/115072028224447483","error":""},"_links":{"self":[{"href":"https:\/\/www.europesays.com\/de\/wp-json\/wp\/v2\/posts\/364210","targetHints":{"allow":["GET"]}}],"collection":[{"href":"https:\/\/www.europesays.com\/de\/wp-json\/wp\/v2\/posts"}],"about":[{"href":"https:\/\/www.europesays.com\/de\/wp-json\/wp\/v2\/types\/post"}],"author":[{"embeddable":true,"href":"https:\/\/www.europesays.com\/de\/wp-json\/wp\/v2\/users\/2"}],"replies":[{"embeddable":true,"href":"https:\/\/www.europesays.com\/de\/wp-json\/wp\/v2\/comments?post=364210"}],"version-history":[{"count":0,"href":"https:\/\/www.europesays.com\/de\/wp-json\/wp\/v2\/posts\/364210\/revisions"}],"wp:featuredmedia":[{"embeddable":true,"href":"https:\/\/www.europesays.com\/de\/wp-json\/wp\/v2\/media\/364211"}],"wp:attachment":[{"href":"https:\/\/www.europesays.com\/de\/wp-json\/wp\/v2\/media?parent=364210"}],"wp:term":[{"taxonomy":"category","embeddable":true,"href":"https:\/\/www.europesays.com\/de\/wp-json\/wp\/v2\/categories?post=364210"},{"taxonomy":"post_tag","embeddable":true,"href":"https:\/\/www.europesays.com\/de\/wp-json\/wp\/v2\/tags?post=364210"}],"curies":[{"name":"wp","href":"https:\/\/api.w.org\/{rel}","templated":true}]}}