{"id":364212,"date":"2025-08-22T10:49:19","date_gmt":"2025-08-22T10:49:19","guid":{"rendered":"https:\/\/www.europesays.com\/de\/364212\/"},"modified":"2025-08-22T10:49:19","modified_gmt":"2025-08-22T10:49:19","slug":"wsw-erneuern-leitungen-in-der-freiheitstrasse","status":"publish","type":"post","link":"https:\/\/www.europesays.com\/de\/364212\/","title":{"rendered":"WSW erneuern Leitungen in der Freiheitstra\u00dfe"},"content":{"rendered":"<p>            <a href=\"https:\/\/www.europesays.com\/de\/wp-content\/uploads\/2025\/05\/1_baustelle-e1607530181822.jpg\" data-caption=\"Die Wuppertaler Stadtwerke informieren \u00fcber eine Bauma\u00dfnahme. Foto: WSW\"><img loading=\"lazy\" decoding=\"async\" width=\"696\" height=\"503\" class=\"entry-thumb td-modal-image\" src=\"data:image\/svg+xml,%3Csvg%20xmlns=\" http:=\"\" alt=\"Die Wuppertaler Stadtwerke informieren \u00fcber eine Bauma\u00dfnahme. Foto: WSW\" title=\"Die Wuppertaler Stadtwerke informieren \u00fcber eine Bauma\u00dfnahme. Foto: WSW\" data-lazy-src=\"https:\/\/www.europesays.com\/de\/wp-content\/uploads\/2025\/05\/1_baustelle-e1607530181822.jpg\"\/><\/a>Die Wuppertaler Stadtwerke informieren \u00fcber eine Bauma\u00dfnahme. Foto: WSW<\/p>\n<p><strong>Wuppertal. Ab Mittwoch, 27. August, erneuern die WSW in der Freiheitstra\u00dfe\/Ecke G\u00f6rlitzer Stra\u00dfe Versorgungsleitungen. <\/strong><\/p>\n<p>Die Durchfahrt von der G\u00f6rlitzer Stra\u00dfe in die Freiheitstra\u00dfe Richtung Handelstra\u00dfe ist dann nicht mehr m\u00f6glich. Fu\u00dfg\u00e4nger k\u00f6nnen den Bereich passieren. Von der Handelstra\u00dfe ist die Freiheitstra\u00dfe als Sackgasse befahrbar. Die Arbeiten werden voraussichtlich zwei Monate dauern.<\/p>\n<p><a href=\"https:\/\/supertipp-online.de\/author\/avolkmann\" rel=\"nofollow noopener\" target=\"_blank\"><img loading=\"lazy\" decoding=\"async\" src=\"data:image\/svg+xml,%3Csvg%20xmlns=\" http:=\"\" width=\"200\" height=\"200\" alt=\"\" itemprop=\"image\" data-lazy-src=\"https:\/\/www.europesays.com\/de\/wp-content\/uploads\/2025\/04\/AndreVolkmann.jpg\"\/><\/a><\/p>\n<p>\u2026knipst oft Fotos in Schr\u00e4glage, um die Lokalnachrichten aus dem Kreis Mettmann zu bebildern und nennt das dann \u201cFotokunst\u201d. Spezialgebiete sind Rechtsthemen, Internet, Technik und Unterhaltung. Er ist mit der Kamera oft in Neviges unterwegs. Spielt Brettspiele und Videogames.<\/p>\n<p><strong>Motto<\/strong>: \u201cOnline ist f\u00fcr alles Platz\u201d<\/p>\n<p><strong>Mag<\/strong>: <a href=\"http:\/\/spielpunkt.net\" rel=\"noopener nofollow\" target=\"_blank\">Spiele<\/a>| <a href=\"https:\/\/supertipp-online.de\/tag\/oepnv\" rel=\"noopener nofollow\" target=\"_blank\">\u00d6PNV<\/a> | <a href=\"https:\/\/supertipp-online.de\/tag\/wetter\" rel=\"noopener nofollow\" target=\"_blank\">Wetter<\/a> | <a href=\"https:\/\/supertipp-online.de\/tag\/natur\" rel=\"nofollow noopener\" target=\"_blank\">Natur<\/a><\/p>\n<p>Sie m\u00f6chten w\u00f6chentlich den Gru\u00df aus der Redaktion erhalten? Abonnieren Sie unseren Newsletter: <a href=\"https:\/\/supertipp-online.de\/newsletter\" rel=\"noopener nofollow\" target=\"_blank\">Kostenlos dabei sein<\/a>.<\/p>\n","protected":false},"excerpt":{"rendered":"Die Wuppertaler Stadtwerke informieren \u00fcber eine Bauma\u00dfnahme. Foto: WSW Wuppertal. Ab Mittwoch, 27. August, erneuern die WSW in&hellip;\n","protected":false},"author":2,"featured_media":151083,"comment_status":"","ping_status":"","sticky":false,"template":"","format":"standard","meta":{"footnotes":""},"categories":[1840],"tags":[3364,29,30,1209,4418],"class_list":{"0":"post-364212","1":"post","2":"type-post","3":"status-publish","4":"format-standard","5":"has-post-thumbnail","7":"category-wuppertal","8":"tag-de","9":"tag-deutschland","10":"tag-germany","11":"tag-nordrhein-westfalen","12":"tag-wuppertal"},"share_on_mastodon":{"url":"https:\/\/pubeurope.com\/@de\/115072032034431855","error":""},"_links":{"self":[{"href":"https:\/\/www.europesays.com\/de\/wp-json\/wp\/v2\/posts\/364212","targetHints":{"allow":["GET"]}}],"collection":[{"href":"https:\/\/www.europesays.com\/de\/wp-json\/wp\/v2\/posts"}],"about":[{"href":"https:\/\/www.europesays.com\/de\/wp-json\/wp\/v2\/types\/post"}],"author":[{"embeddable":true,"href":"https:\/\/www.europesays.com\/de\/wp-json\/wp\/v2\/users\/2"}],"replies":[{"embeddable":true,"href":"https:\/\/www.europesays.com\/de\/wp-json\/wp\/v2\/comments?post=364212"}],"version-history":[{"count":0,"href":"https:\/\/www.europesays.com\/de\/wp-json\/wp\/v2\/posts\/364212\/revisions"}],"wp:featuredmedia":[{"embeddable":true,"href":"https:\/\/www.europesays.com\/de\/wp-json\/wp\/v2\/media\/151083"}],"wp:attachment":[{"href":"https:\/\/www.europesays.com\/de\/wp-json\/wp\/v2\/media?parent=364212"}],"wp:term":[{"taxonomy":"category","embeddable":true,"href":"https:\/\/www.europesays.com\/de\/wp-json\/wp\/v2\/categories?post=364212"},{"taxonomy":"post_tag","embeddable":true,"href":"https:\/\/www.europesays.com\/de\/wp-json\/wp\/v2\/tags?post=364212"}],"curies":[{"name":"wp","href":"https:\/\/api.w.org\/{rel}","templated":true}]}}