{"id":364238,"date":"2025-08-22T11:04:18","date_gmt":"2025-08-22T11:04:18","guid":{"rendered":"https:\/\/www.europesays.com\/de\/364238\/"},"modified":"2025-08-22T11:04:18","modified_gmt":"2025-08-22T11:04:18","slug":"steuermann-42-stirbt-in-duisburg","status":"publish","type":"post","link":"https:\/\/www.europesays.com\/de\/364238\/","title":{"rendered":"Steuermann (42) stirbt in Duisburg"},"content":{"rendered":"<p class=\"font-sans font-medium\">Duisburg. Schlimmer Arbeitsunfall im Hafen Schwelgern: Ein Steuermann ist bei n\u00e4chtlichen Man\u00f6vrierarbeiten t\u00f6dlich verletzt worden. Was bekannt ist. <\/p>\n<p class=\"\">Ein 42-j\u00e4hriger Mann ist in der Nacht zu Freitag bei einem schlimmen Arbeitsunfall auf einem G\u00fcterschiff ums Leben gekommen. Das Ungl\u00fcck ereignete sich nach Angaben der <a href=\"https:\/\/duisburg.polizei.nrw\/\" target=\"_blank\" rel=\"nofollow noopener\">Polizei<\/a> gegen 3.45 Uhr im <a href=\"https:\/\/www.waz.de\/lokales\/duisburg\/article406908055\/logistik-deal-zwischen-dem-duisburger-hafen-und-thyssenkrupp.html\" data-category-full-path=\"https:\/\/www.waz.de\/lokales\/duisburg\/\" data-paid-status=\"premium\" data-article-publish-date=\"1722346153\" rel=\"nofollow noopener\" target=\"_blank\">Werkshafen Schwelgern<\/a> von <a href=\"https:\/\/www.waz.de\/lokales\/duisburg\/article409786833\/thyssenkrupp-offene-fragen-zum-duisburger-gruenstahl-projekt.html\" data-category-full-path=\"https:\/\/www.waz.de\/lokales\/duisburg\/\" data-paid-status=\"premium\" data-article-publish-date=\"1755745200\" rel=\"nofollow noopener\" target=\"_blank\">Thyssenkrupp<\/a>.<\/p>\n<p class=\"\">Dort lag der niederl\u00e4ndische Koppelverband aus G\u00fctermotorschiff und G\u00fcterschubleichter, auf dem der Mann von den Philippinen als Steuermann arbeitete.<\/p>\n<p class=\"\">+++ Lassen Sie sich den Duisburg-Newsletter per E-Mail schicken: <a href=\"https:\/\/www.waz.de\/lokales\/duisburg\/article405419949\/13000-empfaenger-testen-auch-sie-den-duisburg-newsletter.html\" data-category-full-path=\"https:\/\/www.waz.de\/lokales\/duisburg\/\" data-paid-status=\"free\" data-article-publish-date=\"1733484783\" rel=\"nofollow noopener\" target=\"_blank\">hier anmelden<\/a> +++<\/p>\n<p>T\u00f6dlicher Arbeitsunfall im Werkshafen Schwelgern: Erhebliche Verletzungen bei 42-J\u00e4hrigem<\/p>\n<p class=\"\">Die t\u00f6dlichen Verletzungen zog er sich offenbar bei Man\u00f6vrierarbeiten zu, bei denen er das Schiff mit dem Schubleichter koppeln wollte. Sein Kapit\u00e4n entdeckte ihn leblos in einer Luke unter Deck. Wiederbelebungsversuche blieben erfolglos. \u201eDer alarmierte Notarzt konnte nur noch den Tod feststellen\u201c, teilte die Polizei mit.<\/p>\n<p>    <img decoding=\"async\" src=\"https:\/\/www.europesays.com\/de\/wp-content\/uploads\/2025\/08\/409809761_1755859128_v16_9_1200.jpeg\" class=\"block w-full object-cover relative z-10 aspect-[16\/9] \" alt=\"Die Wasserschutzpolizei ermittelt nun zu dem Arbeitsunfall im Hafen Schwelgern.\" title=\"Die Wasserschutzpolizei ermittelt nun zu dem Arbeitsunfall im Hafen Schwelgern.\" loading=\"lazy\"\/><\/p>\n<p>\n      Die Wasserschutzpolizei ermittelt nun zu dem Arbeitsunfall im Hafen Schwelgern.<br \/>\n      \u00a9 FUNKE Foto Services | Hans Blossey\n    <\/p>\n<p class=\"\">Wie genau der Mann starb, ist noch unklar. Das Zentrale Kommissariat der Wasserschutzpolizei ermittelt. Der K\u00f6rper des Mannes wies \u00e4u\u00dferlich erhebliche Verletzungen auf. \u201eEr wird jetzt obduziert\u201c, berichtete Polizeisprecherin Julia Schindler.<\/p>\n<p>  Auch interessant f\u00fcr Sie? 5 viel gelesene Duisburg-Artikel: <\/p>\n<p class=\"\">Die Familie des Mannes und die Berufsgenossenschaft wurden umgehend \u00fcber den Unfall informiert. <\/p>\n","protected":false},"excerpt":{"rendered":"Duisburg. Schlimmer Arbeitsunfall im Hafen Schwelgern: Ein Steuermann ist bei n\u00e4chtlichen Man\u00f6vrierarbeiten t\u00f6dlich verletzt worden. Was bekannt ist.&hellip;\n","protected":false},"author":2,"featured_media":364239,"comment_status":"","ping_status":"","sticky":false,"template":"","format":"standard","meta":{"footnotes":""},"categories":[1838],"tags":[3364,29,3715,30,1209],"class_list":{"0":"post-364238","1":"post","2":"type-post","3":"status-publish","4":"format-standard","5":"has-post-thumbnail","7":"category-duisburg","8":"tag-de","9":"tag-deutschland","10":"tag-duisburg","11":"tag-germany","12":"tag-nordrhein-westfalen"},"share_on_mastodon":{"url":"https:\/\/pubeurope.com\/@de\/115072091041903908","error":""},"_links":{"self":[{"href":"https:\/\/www.europesays.com\/de\/wp-json\/wp\/v2\/posts\/364238","targetHints":{"allow":["GET"]}}],"collection":[{"href":"https:\/\/www.europesays.com\/de\/wp-json\/wp\/v2\/posts"}],"about":[{"href":"https:\/\/www.europesays.com\/de\/wp-json\/wp\/v2\/types\/post"}],"author":[{"embeddable":true,"href":"https:\/\/www.europesays.com\/de\/wp-json\/wp\/v2\/users\/2"}],"replies":[{"embeddable":true,"href":"https:\/\/www.europesays.com\/de\/wp-json\/wp\/v2\/comments?post=364238"}],"version-history":[{"count":0,"href":"https:\/\/www.europesays.com\/de\/wp-json\/wp\/v2\/posts\/364238\/revisions"}],"wp:featuredmedia":[{"embeddable":true,"href":"https:\/\/www.europesays.com\/de\/wp-json\/wp\/v2\/media\/364239"}],"wp:attachment":[{"href":"https:\/\/www.europesays.com\/de\/wp-json\/wp\/v2\/media?parent=364238"}],"wp:term":[{"taxonomy":"category","embeddable":true,"href":"https:\/\/www.europesays.com\/de\/wp-json\/wp\/v2\/categories?post=364238"},{"taxonomy":"post_tag","embeddable":true,"href":"https:\/\/www.europesays.com\/de\/wp-json\/wp\/v2\/tags?post=364238"}],"curies":[{"name":"wp","href":"https:\/\/api.w.org\/{rel}","templated":true}]}}