{"id":364275,"date":"2025-08-22T11:23:14","date_gmt":"2025-08-22T11:23:14","guid":{"rendered":"https:\/\/www.europesays.com\/de\/364275\/"},"modified":"2025-08-22T11:23:14","modified_gmt":"2025-08-22T11:23:14","slug":"lifestyle-und-tradition-stuttgart-liebt-sein-weindorf","status":"publish","type":"post","link":"https:\/\/www.europesays.com\/de\/364275\/","title":{"rendered":"Lifestyle und Tradition: Stuttgart liebt sein Weindorf"},"content":{"rendered":"<p>Wer behauptet, Stuttgart sei ein Dorf, hat f\u00fcr 17 Tage recht. Schon in der ersten Nacht ist\u2019s brechend voll auf dem Weindorf. Ein Streifzug.<\/p>\n<p> Gegen 20 Uhr gibt\u2019s auf dem <a href=\"https:\/\/www.stuttgarter-nachrichten.de\/thema\/Marktplatz\" title=\"Marktplatz\" class=\"art_thema\" target=\"_blank\" rel=\"noopener\">Marktplatz<\/a> in den Lauben keinen freien Sitzplatz mehr. Dicht an dicht sitzen vergn\u00fcgte Menschen, stehen in Trauben an den St\u00e4nden, sto\u00dfen an, lachen laut. Die Rathaustreppe f\u00fcllt sich mit G\u00e4sten, die nicht reserviert haben und sich nun mit einem To-Go-Wein auf den Steinstufen niederlassen. Zwei Stra\u00dfenmusiker spielen und geben dem zentralen Platz der Stadt, der ohne Stra\u00dfencaf\u00e9s als trostlos galt und schon viel Kritik einstecken musste, eine mediterrane Note. <\/p>\n<p>Von Zur\u00fcckhaltung keine Spur <\/p>\n<p>Das <a href=\"https:\/\/www.stuttgarter-weindorf.de\/\" target=\"_blank\" rel=\"noopener\">Stuttgarter Weindorf <\/a>ist Treffpunkt, Gastlichkeit, Lifestyle, ein Wiedersehen alter Freunde und zugleich eine Liebeserkl\u00e4rung an <a href=\"https:\/\/www.stuttgarter-nachrichten.de\/thema\/Stuttgart\" title=\"Stuttgart\" class=\"art_thema\" target=\"_blank\" rel=\"noopener\">Stuttgart<\/a>. Von Zur\u00fcckhaltung keine Spur. Wer sich hier umschaut, glaubt kaum, dass Deutschland in einer wirtschaftlich angespannten Zeit steckt. Gefeiert wird, als g\u00e4be es keine Krisenmeldungen, keine Rezessions\u00e4ngste, keine steigenden Preise. Bisher hat das Fest immer mittwochs begonnen. Erstmals startet es an einem Donnerstag \u2013 und gibt gleich in der ersten Nacht Vollgas. Donnerstags ist erst um Mitternacht Schluss (wie auch freitags und samstags). <\/p>\n<p>  <img decoding=\"async\" loading=\"lazy\" src=\"https:\/\/www.europesays.com\/de\/wp-content\/uploads\/2025\/08\/media.media.f39e883d-6e94-48e5-a5d2-55c9b0aeb38e.original1024.media.jpeg\"\/>    <a href=\"https:\/\/www.stuttgarter-nachrichten.de\/thema\/Stuttgarter_Weindorf\" title=\"Weindorf\" class=\"art_thema\" target=\"_blank\" rel=\"noopener\">Weindorf<\/a>-G\u00e4ste sitzen auf der Rathaustreppe, Stra\u00dfenmusiker spielen dazu.    Foto: Uwe Bogne    <\/p>\n<p>Gleich zum Start werden die Erwartungen \u00fcbertroffen. Die hohen Preise? Noch scheinen sie kein Thema zu sein. Bei Michael Wilhelmer etwa gingen die hochwertige Weine besser als die g\u00fcnstigen. \u201eDie Leute haben Sinn f\u00fcr Qualit\u00e4t\u201c, sagt er \u2013 und wohl auch das Geld daf\u00fcr. <\/p>\n<p>Eine Halbliterflasche Wasser kostet in dieser Saison zwischen f\u00fcnf und 6,90 Euro. Ein stolzer Preis, der dennoch \u2013 zumindest in der ersten Nacht \u2013 ohne Murren gezahlt wird. Der Sprudel ist ausschlie\u00dflich vom Sponsor Teinacher. Andere Marken, die vielleicht billiger w\u00e4ren, sind nicht zugelassen. \u201eDie Standgeb\u00fchren und die Energiekosten sind enorm gestiegen\u201c, h\u00f6rt man von den Wirten unisono. Deshalb m\u00fcssten die Preiserh\u00f6hungen sein. <\/p>\n<p>\u201eBeim New Pop Festival hat das Wasser sieben Euro gekoset\u201c <\/p>\n<p>Mit einem L\u00e4cheln gibt ein Gast zu bedenken: \u201eW\u00fcrden die Wirte Hahnenwasser verkaufen, w\u00fcrde selbst das \u00fcber f\u00fcnf Euro kosten.\u201c Jens Zimmermann, der Vorsitzende des Vereins Pro Stuttgart, berichtet, dass er neulich beim New Pop Festival war: \u201eDa hat das Wasser sieben Euro gekostet.\u201c Der Sponsor Teinacher sei ganz wichtig, schon allein, weil er das Jahr \u00fcber die Lauben kostenlos lagert. \u201eM\u00fcssten wir daf\u00fcr Hallen anmieten\u201c, sagt Zimmermann, \u201ew\u00fcrde es kein Weindorf mehr geben.\u201c<\/p>\n<p>Dass die Laubenwirte am Donnerstagabend einen Traumstart hinlegen, verdanken sie nicht zuletzt dem Wetter, das sich seiner Verantwortung wohl bewusst ist. Um Schlag 18.30 Uhr h\u00f6rt der Regen auf, als habe jemand den Schalter umgelegt.<\/p>\n<p>  <img decoding=\"async\" loading=\"lazy\" src=\"https:\/\/www.europesays.com\/de\/wp-content\/uploads\/2025\/08\/media.media.573b760d-3e42-41a0-8c59-a9b5dd425f43.original1024.media.jpeg\"\/>     Freie Pl\u00e4tze sind in den Lauben rar (hierin Zullo-Laube).    Foto: Uwe Bogen    <\/p>\n<p> Im Hof des Alten Schlosses werden die nassen St\u00fchle rasch trocken gewischt. Veranstalter des Weindorfs ist kein st\u00e4dtisches Unternehmen, sondern ein privater Verein \u2013 ein Verein, dessen Namen Pro Stuttgart bereits zeigt, um was es geht. \u201eUnsere Mitglieder sind pro Stuttgart eingestellt\u201c, erkl\u00e4rt der Vorsitzende Zimmermann, \u201eunser Verein steht f\u00fcr eine offene Gesellschaft \u2013 wir lieben Stuttgart!\u201c <\/p>\n<p>Stuttgart-Love \u2013 quer durchs Weindorf zwischen Schillerplatz und Marktplatz sp\u00fcrt man sie diese Liebe n vielen Facetten und in voller St\u00e4rke. Auch bei Wirtin Birgit Grupp in der Stadtlaube, die mit 600 in der ersten Nacht ausgebuchten Pl\u00e4tzen zu den Hotspots des Festes geh\u00f6rt. Die Paulaner-Chefin steht die meiste Zeit in der K\u00fcche. \u201eDas ist Stress, ja\u201c, sagt sie, \u201eaber er macht gro\u00dfen Spa\u00df.\u201c Die n\u00e4chsten 17 Tage werden f\u00fcr sie so aussehen: Um 2 Uhr geht\u2019s ins Bett, Aufstehen um 7 Uhr, erst ins B\u00fcro, dann aufs Weindorf, wo sie den Kartoffelsalat selbst macht, wie sie sagt. Birgit Grupp stammt aus einer Gastro-Familie, die Spa\u00df an ihrer Arbeit hat, auch wenn der Stundenlohn umgerechnet ein Witz ist. Auch das ist Liebe f\u00fcr die Stadt und deren Menschen!<\/p>\n<p> F\u00fcr den Wirt Thomas Diehl ist das Weindorf \u201edas sch\u00f6nste Fest der Stadt\u201c <\/p>\n<p>Ihr Weinpartner Thomas Diehl schw\u00e4rmt: Das Weindorf sei das \u201esch\u00f6nste Fest der Stadt\u201c, der junge Weingutchef aus Rotenberg. Man treffe hier so viele Menschen, die man kennt und zum Teil schon lange nicht mehr gesehen habe. Wirtin Sonja Merz sagt, Weintrinker seien angenehme G\u00e4ste, da gehe es kultivierter zu, keine \u201eProst-ihr-S\u00e4cke\u201c-Rufe wie auf dem Wasen, auf dem sie sich mit den Biertrinkern freilich auch wohl f\u00fchlt. Ihr neuer Standort befindet sich auf dem Marktplatz. Ihre Vorg\u00e4nger an diesem Stand haben nach 16 Jahren schweren Herzens aufgeh\u00f6rt, weil es immer schwerer geworden sei, auf dem Weindorf gen\u00fcgend zu verdienen. <\/p>\n<p> Wo die Promis sind  <\/p>\n<p>Sonja Merz muss in diesem Jahr auf ihre Maultaschen in Herzform \u2013 der Renner im Vorjahr \u2013 verzichten. Die Metzgerei K\u00fcbler, die in Handarbeit die Herzen angefertigt hat, ist insolvent. Es fanden sich keine anderen Metzger, die diesen gro\u00dfen Aufwand \u00fcbernehmen wollten. Bei ihr treffen sich etliche Promis (die fr\u00fchere Ministerin Susanne Eisenmann, Palast-der-Republik-Chef Stefan Schneider, Clublegende Laura Halding-Hoppenheit, Petra Maria Huber, die Vorsitzende des Stuttgarter Ladys Clubs u.a.) in der ersten Nacht. Aber noch mehr Promis \u2013 von Innenminister Thomas Strobl bis zu OB Frank Nopper \u2013 sind in der Laube des Ratskellers, der die Feier f\u00fcr die Ehreng\u00e4ste der Er\u00f6ffnung ausrichtet. <\/p>\n<p> Lob f\u00fcr das neue Pfandsystem  <\/p>\n<p>Die erste Nacht zeigt: Das neue R\u00fcckgabe-System mit den einheitlichen Spielbank-Jetons als Pfand funktioniert sehr gut. Nun kann man von Stand zu Stand spazieren gehen, ohne die Ausgabe-Laube wieder aufsuchen zu m\u00fcssen. \u201eFr\u00fcher, als es noch Henkel-Gl\u00e4ser gab\u201c, erinnert sich Wirt Michael Schm\u00fccker, \u201egingen die Leute mit nur einem Glas \u00fcbers Weindorf und haben sich immer wieder anderen Wein einschenken lassen.\u201c Dies freilich ist heute nicht mehr erlaubt. F\u00fcr jeden neuen Wein an einem anderen Stand ist ein neues Glas vorgeschrieben, auch wenn man selbst der Konsument ist. <\/p>\n<p> In der Mitte der Tische befinden sich bei der J\u00e4gerlaube Eisf\u00e4cher  <\/p>\n<p>Was auff\u00e4llt: Es sind nicht nur Stammg\u00e4ste und \u00e4ltere Jahrg\u00e4nge, die die B\u00e4nke f\u00fcllen. Viele junge Leute sind da, Gruppen von Freunden, die Selfies machen und das Fest f\u00fcr sich entdecken. Eine Attraktion unweit des Rathauses sind die Tische der neuen J\u00e4gerlaube (dahinter steckt die Easy-Street-Bar aus dem Leonhardsviertel), in deren Mitte Vertiefungen eingelassen sind \u2013 und die sind mit Eisw\u00fcrfeln gef\u00fcllt. Das Weindorf ist also auch ein Lifestyle-Event. Das Miteinander der jungen Partyg\u00e4nger mit dem traditionsbewussten Publikum verleiht dem Fest seine besondere Lebendigkeit verleiht. Wenn das keine Stuttgart-Liebe ist!<\/p>\n","protected":false},"excerpt":{"rendered":"Wer behauptet, Stuttgart sei ein Dorf, hat f\u00fcr 17 Tage recht. Schon in der ersten Nacht ist\u2019s brechend&hellip;\n","protected":false},"author":2,"featured_media":364276,"comment_status":"","ping_status":"","sticky":false,"template":"","format":"standard","meta":{"footnotes":""},"categories":[1830],"tags":[7382,4657,1634,3364,29,30,1441,82655,99961],"class_list":{"0":"post-364275","1":"post","2":"type-post","3":"status-publish","4":"format-standard","5":"has-post-thumbnail","7":"category-stuttgart","8":"tag-marktplatz","9":"tag-stadtreporter","10":"tag-baden-wuerttemberg","11":"tag-de","12":"tag-deutschland","13":"tag-germany","14":"tag-stuttgart","15":"tag-stuttgarter-weindorf","16":"tag-verein-pro-stuttgart"},"share_on_mastodon":{"url":"https:\/\/pubeurope.com\/@de\/115072165944882903","error":""},"_links":{"self":[{"href":"https:\/\/www.europesays.com\/de\/wp-json\/wp\/v2\/posts\/364275","targetHints":{"allow":["GET"]}}],"collection":[{"href":"https:\/\/www.europesays.com\/de\/wp-json\/wp\/v2\/posts"}],"about":[{"href":"https:\/\/www.europesays.com\/de\/wp-json\/wp\/v2\/types\/post"}],"author":[{"embeddable":true,"href":"https:\/\/www.europesays.com\/de\/wp-json\/wp\/v2\/users\/2"}],"replies":[{"embeddable":true,"href":"https:\/\/www.europesays.com\/de\/wp-json\/wp\/v2\/comments?post=364275"}],"version-history":[{"count":0,"href":"https:\/\/www.europesays.com\/de\/wp-json\/wp\/v2\/posts\/364275\/revisions"}],"wp:featuredmedia":[{"embeddable":true,"href":"https:\/\/www.europesays.com\/de\/wp-json\/wp\/v2\/media\/364276"}],"wp:attachment":[{"href":"https:\/\/www.europesays.com\/de\/wp-json\/wp\/v2\/media?parent=364275"}],"wp:term":[{"taxonomy":"category","embeddable":true,"href":"https:\/\/www.europesays.com\/de\/wp-json\/wp\/v2\/categories?post=364275"},{"taxonomy":"post_tag","embeddable":true,"href":"https:\/\/www.europesays.com\/de\/wp-json\/wp\/v2\/tags?post=364275"}],"curies":[{"name":"wp","href":"https:\/\/api.w.org\/{rel}","templated":true}]}}