{"id":364297,"date":"2025-08-22T11:35:11","date_gmt":"2025-08-22T11:35:11","guid":{"rendered":"https:\/\/www.europesays.com\/de\/364297\/"},"modified":"2025-08-22T11:35:11","modified_gmt":"2025-08-22T11:35:11","slug":"berlin-gericht-stoppt-umbenennung-der-mohrenstrasse-vorerst","status":"publish","type":"post","link":"https:\/\/www.europesays.com\/de\/364297\/","title":{"rendered":"Berlin: Gericht stoppt Umbenennung der Mohrenstra\u00dfe vorerst"},"content":{"rendered":"<p class=\"p1 sm:p1-medium items-start pb-[20px]\" data-selector=\"body-paragraph\" data-external-selector=\"body-elements-paragraph\" data-v-f16c667d=\"\" data-v-439309db=\"\">Das Berliner Verwaltungsgericht hat die f\u00fcr Samstag geplante offizielle Umbenennung der Mohrenstra\u00dfe in Anton-Wilhelm-Amo-Stra\u00dfe vorerst gestoppt. Grund ist der Eilantrag eines Anwohners gegen die Umbenennung der Stra\u00dfe. In einem am Freitag ver\u00f6ffentlichten Beschluss des Gerichts hei\u00dft es, es fehle an einem besonderen \u00f6ffentlichen Interesse f\u00fcr die sofortige Vollziehung des Umbenennungsbeschlusses der Bezirksverordnetenversammlung. (AZ: VG 1 L 682\/25)<\/p>\n<p class=\"p1 sm:p1-medium items-start pb-[20px]\" data-selector=\"body-paragraph\" data-external-selector=\"body-elements-paragraph\" data-v-f16c667d=\"\" data-v-439309db=\"\">Dieses \u00f6ffentliche Interesse sei erforderlich, auch wenn die Rechtm\u00e4\u00dfigkeit der Umbenennung an sich gerichtlich gekl\u00e4rt sei. Gegen den Beschluss des Verwaltungsgerichts kann Beschwerde beim <a class=\"rtr-entity\" data-rtr-entity=\"OVG\" data-rtr-id=\"11f366ee64843de8145a57c3a3d11d31afd841aa\" data-rtr-score=\"20.29455081001473\" data-rtr-etype=\"organisation\" href=\"https:\/\/www.faz.net\/aktuell\/politik\/thema\/ovg\" title=\"OVG\" rel=\"nofollow noopener\" target=\"_blank\">Oberverwaltungsgericht<\/a> Berlin-Brandenburg eingelegt werden.<\/p>\n<p class=\"p1 sm:p1-medium items-start pb-[20px]\" data-selector=\"body-paragraph\" data-external-selector=\"body-elements-paragraph\" data-v-f16c667d=\"\" data-v-439309db=\"\">Hintergrund f\u00fcr die Entscheidung des Bezirksamtes, die Umbenennung zu vollziehen, war eine Entscheidung des Oberverwaltungsgerichts vom 8. Juli. Das Gericht wies damals einen Berufungsantrag gegen ein Urteil des Verwaltungsgerichts asus dem Juli 2023 zur\u00fcck. Darin war der bereits im Mai 2021 gefasste Beschluss zur Umbenennung durch die Bezirksverordnetenversammlung f\u00fcr rechtens erkl\u00e4rt worden. Mit der Entscheidung des Oberverwaltungsgericht vom Juli dieses Jahres war das Urteil der ersten Instanz rechtskr\u00e4ftig.<\/p>\n<p class=\"p1 sm:p1-medium items-start pb-[20px]\" data-selector=\"body-paragraph\" data-external-selector=\"body-elements-paragraph\" data-v-f16c667d=\"\" data-v-439309db=\"\">Das Bezirksamt Mitte k\u00fcndigte daraufhin die Umbenennung f\u00fcr den 23. August an, dem Internationalen Tag zur Erinnerung an den Sklavenhandel und seine Abschaffung. Die Stra\u00dfe werde umbenannt, weil der Begriff Mohr von vielen Menschen als rassistisch und diskriminierend wahrgenommen werde. Der neue Namensgeber Anton Wilhelm Amo (1703- nach 1753) war der erste bekannte Philosoph afrikanischer Herkunft in Deutschland und lehrte an den Universit\u00e4ten Wittenberg, Halle und Jena. In dem am Freitag ver\u00f6ffentlichten Beschluss des Gerichts hei\u00dft es nun, das Bezirksamt habe nicht dargelegt, warum die Umbenennung so dringlich sei, dass sie vor Abschluss des noch anh\u00e4ngigen Klageverfahrens vollzogen werden m\u00fcsse.<\/p>\n","protected":false},"excerpt":{"rendered":"Das Berliner Verwaltungsgericht hat die f\u00fcr Samstag geplante offizielle Umbenennung der Mohrenstra\u00dfe in Anton-Wilhelm-Amo-Stra\u00dfe vorerst gestoppt. Grund ist&hellip;\n","protected":false},"author":2,"featured_media":364298,"comment_status":"","ping_status":"","sticky":false,"template":"","format":"standard","meta":{"footnotes":""},"categories":[1825],"tags":[296,29,30],"class_list":{"0":"post-364297","1":"post","2":"type-post","3":"status-publish","4":"format-standard","5":"has-post-thumbnail","7":"category-berlin","8":"tag-berlin","9":"tag-deutschland","10":"tag-germany"},"share_on_mastodon":{"url":"https:\/\/pubeurope.com\/@de\/115072212983779385","error":""},"_links":{"self":[{"href":"https:\/\/www.europesays.com\/de\/wp-json\/wp\/v2\/posts\/364297","targetHints":{"allow":["GET"]}}],"collection":[{"href":"https:\/\/www.europesays.com\/de\/wp-json\/wp\/v2\/posts"}],"about":[{"href":"https:\/\/www.europesays.com\/de\/wp-json\/wp\/v2\/types\/post"}],"author":[{"embeddable":true,"href":"https:\/\/www.europesays.com\/de\/wp-json\/wp\/v2\/users\/2"}],"replies":[{"embeddable":true,"href":"https:\/\/www.europesays.com\/de\/wp-json\/wp\/v2\/comments?post=364297"}],"version-history":[{"count":0,"href":"https:\/\/www.europesays.com\/de\/wp-json\/wp\/v2\/posts\/364297\/revisions"}],"wp:featuredmedia":[{"embeddable":true,"href":"https:\/\/www.europesays.com\/de\/wp-json\/wp\/v2\/media\/364298"}],"wp:attachment":[{"href":"https:\/\/www.europesays.com\/de\/wp-json\/wp\/v2\/media?parent=364297"}],"wp:term":[{"taxonomy":"category","embeddable":true,"href":"https:\/\/www.europesays.com\/de\/wp-json\/wp\/v2\/categories?post=364297"},{"taxonomy":"post_tag","embeddable":true,"href":"https:\/\/www.europesays.com\/de\/wp-json\/wp\/v2\/tags?post=364297"}],"curies":[{"name":"wp","href":"https:\/\/api.w.org\/{rel}","templated":true}]}}