{"id":364312,"date":"2025-08-22T11:43:22","date_gmt":"2025-08-22T11:43:22","guid":{"rendered":"https:\/\/www.europesays.com\/de\/364312\/"},"modified":"2025-08-22T11:43:22","modified_gmt":"2025-08-22T11:43:22","slug":"turbine-medien-renfield-und-abigail-auf-ultra-hd-blu-ray-in-mediabook-editionen-vorbestellbar","status":"publish","type":"post","link":"https:\/\/www.europesays.com\/de\/364312\/","title":{"rendered":"Turbine Medien: &#8222;Renfield&#8220; und &#8222;Abigail&#8220; auf Ultra HD Blu-ray in Mediabook-Editionen vorbestellbar"},"content":{"rendered":"\n<p>Werbung \u2013 Durch K\u00e4ufe bei unseren Partnern <a href=\"https:\/\/bluray-disc.de\/out.php?tid=1644b3bcb92017d15394fccea0b7e57884cbad1e&amp;link=https%3A%2F%2Famazon.de&amp;cs=blu-ray-news\" target=\"_blank\" rel=\"nofollow noopener\">Amazon<\/a>, <a href=\"https:\/\/bluray-disc.de\/out.php?tid=1644b3bcb92017d15394fccea0b7e57884cbad1e&amp;link=https%3A%2F%2Fpartner.jpc.de%2Fgo.cgi%3Fpid%3D138%26wmid%3Dcc%26cpid%3D1%26subid%3Dnb1%26target%3Dhttps%253A%252F%252Fwww.jpc.de%252F&amp;cs=blu-ray-news\" target=\"_blank\" rel=\"nofollow noopener\">JPC<\/a>, <a href=\"https:\/\/bluray-disc.de\/out.php?tid=1644b3bcb92017d15394fccea0b7e57884cbad1e&amp;link=https%3A%2F%2Fpvn.saturn.de%2Ftrck%2Feclick%2F8ce52e9d3cbbfb1f0b20bd535761e435%3Fsubid%3Dnb1%26url%3Dhttps%253A%252F%252Fwww.saturn.de%252F&amp;cs=blu-ray-news\" target=\"_blank\" rel=\"nofollow noopener\">Saturn<\/a>, <a href=\"https:\/\/bluray-disc.de\/out.php?tid=1644b3bcb92017d15394fccea0b7e57884cbad1e&amp;link=https%3A%2F%2Fpvn.mediamarkt.de%2Ftrck%2Feclick%2F5cb0c4a58048b097ca0f607dea63fe8a%3Fsubid%3Dnb1%26url%3Dhttps%253A%252F%252Fwww.mediamarkt.de%252F&amp;cs=blu-ray-news\" target=\"_blank\" rel=\"nofollow noopener\">MediaMarkt<\/a>, <a href=\"https:\/\/bluray-disc.de\/out.php?tid=1644b3bcb92017d15394fccea0b7e57884cbad1e&amp;link=https%3A%2F%2Fwww.awin1.com%2Fcread.php%3Fawinmid%3D10547%26awinaffid%3D89931%26clickref%3Dnb1%26ued%3Dhttps%253A%252F%252Fwww.zavvi.de%252F&amp;cs=blu-ray-news\" target=\"_blank\" rel=\"nofollow noopener\">Zavvi<\/a>, <a href=\"https:\/\/bluray-disc.de\/out.php?tid=1644b3bcb92017d15394fccea0b7e57884cbad1e&amp;link=https%3A%2F%2Fluna.r.lafamo.com%2Fts%2Fi5533423%2Ftsc%3Famc%3Dcon.blbn.455796.513513.14176519%26smc%3Dpt2%26rmd%3D3%26trg%3Dhttps%253A%252F%252Fwww.media-dealer.de&amp;cs=blu-ray-news\" target=\"_blank\" rel=\"nofollow noopener\">Media-Dealer.de<\/a> uvm. erhalten wir Provisionen \u00fcber Affiliate-Links. Sie unterst\u00fctzen damit die Redaktion von bluray-disc.de. Preise und Verf\u00fcgbarkeit ohne Gew\u00e4hr.<br \/>\n\t\tTurbine Medien: &#8222;Renfield&#8220; und &#8222;Abigail&#8220; auf Ultra HD Blu-ray in Mediabook-Editionen vorbestellbar<\/p>\n<p>\n\t\t\t\t\t5 Bewertung(en) mit \u00f8 2,60 Punkte\n\t\t\t\t<\/p>\n<p>22.08.2025<\/p>\n<p>\t\t\t<img loading=\"lazy\" decoding=\"async\" src=\"https:\/\/www.europesays.com\/de\/wp-content\/uploads\/2025\/07\/Turbine-Medien-Newslogo-NEU.jpg\" alt=\"Turbine-Medien-Newslogo-NEU.jpg\" title=\"Turbine-Medien-Newslogo-NEU.jpg\" width=\"360\" height=\"272\"\/><\/p>\n<p>\t\t\t\t<img loading=\"lazy\" decoding=\"async\" src=\"https:\/\/www.europesays.com\/de\/wp-content\/uploads\/2025\/08\/Renfield_01.jpg\" width=\"800\" height=\"600\" title=\"Renfield_01.jpg\" alt=\"Renfield_01.jpg\"\/>Die mit Nicholas Hoult, Awkwafina, Ben Schwartz und Nicolas Cage besetzte Vampir-Kom\u00f6die &#8222;<a href=\"https:\/\/bluray-disc.de\/blu-ray-filme\/176591-renfield_2023_4k_limited_steelbook_edition_4k_uhd_bluray\" rel=\"nofollow noopener\" target=\"_blank\"><b>Renfield<\/b><\/a>&#8220; (USA 2023) von Chris McKay und der unter der Regie von Matt Bettinelli-Olpin und Tyler Gillett entstandene Horrorstreifen &#8222;<a href=\"https:\/\/bluray-disc.de\/blu-ray-filme\/186247-abigail_2024_4k_special_edition_4k_uhd_bluray\" rel=\"nofollow noopener\" target=\"_blank\"><b>Abigail<\/b><\/a>&#8220; (USA 2024) mit Melissa Barrera, Dan Stevens, Alisha Weir, Kathryn Newton und Giancarlo Esposito sind von Turbine Medien bereits jeweils inklusive <b>HDR10<\/b> und <b>Dolby Vision<\/b> sowie mit deutschem und englischem Ton in <b>Dolby Atmos<\/b> auf UHD Blu-ray ausgewertet worden. Schon ab 28. August 2025 werden weitere 4K-Produkte im hauseigenen Onlineshop zum Kauf angeboten. &#8222;Renfield&#8220; kommt in zweifacher Ausf\u00fchrung auf <a href=\"https:\/\/bluray-disc.de\/blu-ray-filme\/176590-renfield_2023_4k_limited_mediabook_edition_cover_a_4k_uhd_bluray\" rel=\"nofollow noopener\" target=\"_blank\"><b>Ultra HD Blu-ray<\/b><\/a> als <a href=\"https:\/\/bluray-disc.de\/blu-ray-filme\/176590-renfield_2023_4k_limited_mediabook_edition_cover_a_4k_uhd_bluray\" rel=\"nofollow noopener\" target=\"_blank\"><b>Mediabook-Edition<\/b><\/a> mit 32-seitigem Booklet und Blu-ray heraus. Das Bonusmaterial umfasst einen Audiokommentar, entfernte und verl\u00e4ngerte Szenen, mehrere Featurettes, alternative Takes, Trailer und Spots. &#8222;Abigail&#8220; erscheint auf <a href=\"https:\/\/bluray-disc.de\/blu-ray-filme\/200263-abigail_2024_4k_limited_mediabook_edition_cover_a_4k_uhd_bluray\" rel=\"nofollow noopener\" target=\"_blank\"><b>4K UHD<\/b><\/a> im limitierten <a href=\"https:\/\/bluray-disc.de\/blu-ray-filme\/200263-abigail_2024_4k_limited_mediabook_edition_cover_a_4k_uhd_bluray\" rel=\"nofollow noopener\" target=\"_blank\"><b>Mediabook<\/b><\/a> einschlie\u00dflich Buchteil und Blu-ray Disc mit vier Cover-Motiven. Zur Sonderausstattung geh\u00f6ren Outtakes, diverse Featurettes, unver\u00f6ffentlichte und erweiterte Szenen, ein Filmkommentar und Trailer. Die Sondereditionen sind ab sofort exklusiv im Onlineshop von Turbine Medien vorbestellbar.&#13;<br \/>\n&#13;<br \/>\n<b>Inhalt (&#8222;Renfield&#8220;):<\/b> Der junge Renfield (N. Hoult) lebt in New Orleans und versucht sein Leben mit dem Besuch von Selbsthilfegruppen f\u00fcr Menschen in zerr\u00fctteten Beziehungen auf die Bahn zu bekommen. Was unterdessen niemand ahnt: Er nutzt diese Meetings, um an die Namen wirklich b\u00f6ser Menschen zu gelangen, sie mithilfe seiner \u00fcbermenschlichen Kr\u00e4fte aus dem Weg zu r\u00e4umen und anschlie\u00dfend an seinen Herrn und Meister zu verf\u00fcttern, dem Vater aller Vampire Dracula (N. Cage). Doch bei seiner letzten Aktion, beseitigt er nicht nur nebenbei einen Auftragsm\u00f6rder, sondern nimmt auch einen Koffer voller Drogen an sich. Das ruft aber die Mafiapatin Ella Lobo (S. Aghdashloo) auf den Plan, die Anspruch auf die Drogen erhebt und alles daran setzt, Renfield ausfindig zu machen. Unterdessen wird der Mord an dem Killer zum Fall der leitenden Polizistin Rebecca Quincy (Awkwafina), die nicht nur ein gro\u00dfes Aggressionsproblem hat, sondern einen noch besseren Sp\u00fcrsinn besitzt und dem Diener des dunklen Grafen schnell auf die Spur kommt. In der Hoffnung, mit seiner Hilfe Lobos Imperium zu Fall zu bringen, l\u00e4sst sie sich auf Renfields krude Geschichte ein und bringt ihn vor der Polizei in Sicherheit. Allerdings ist es Ella gelungen, das geheime Versteck Draculas aufzusp\u00fcren und mit dem blutgierigen Vampirf\u00fcrst ein B\u00fcndnis auszuhandeln, das die gesamte Stadt in Gefahr bringen w\u00fcrde \u2026&#13;<br \/>\n&#13;<br \/>\n<img loading=\"lazy\" decoding=\"async\" src=\"https:\/\/www.europesays.com\/de\/wp-content\/uploads\/2025\/08\/Abigail_2024_02.jpg\" width=\"800\" height=\"600\" title=\"Abigail_2024_02.jpg\" alt=\"Abigail_2024_02.jpg\"\/><b>Inhalt (&#8222;Abigail&#8220;):<\/b> Im Auftrag eines M\u00e4dchenh\u00e4ndlers (G. Esposito) entf\u00fchrt eine Gruppe namenloser Krimineller (D. Stevens, K. Newton, K. Durand, M. Barrera, A. Cloud, W. Catlett) die kleine Abigail (A. Weir), um das M\u00e4dchen an einen millionenschweren Unbekannten f\u00fcr eine schwindelerregende Summe zu verkaufen. Lediglich 24 Stunden trennen die Kidnapper noch vom Geldsegen, da offenbart Abigail der Bande ein schreckliches Geheimnis: Sie ist kein kleines, unschuldiges Kind, sondern entstammt der Blutlinie einer Jahrhunderte alten Familie von Vampiren. Schnell befreit sie sich aus ihrem Zimmer und beginnt ihren Blutdurst an ihren Entf\u00fchrern zu stillen. Ohne Chance auf Hilfe von au\u00dfen, versuchen die Kriminellen am Leben zu bleiben, bis ihr Boss eintrifft oder zumindest das Tageslicht anbricht. Doch angesichts der F\u00e4higkeiten des M\u00e4dchens schwindet diese Hoffnung immer schneller \u2026 (sw)&#13;<br \/>\n&#13;<\/p>\n<ul class=\"clear\">\n<li>\t\t\t\t                    <a href=\"https:\/\/www.europesays.com\/de\/wp-content\/uploads\/2025\/08\/Renfield_Galerie_4K_Mediabook_Cover_A.jpg\" target=\"_blank\" title=\"Cover A (666 Exemplare)\" data-lightbox=\"parse-content-slider\" rel=\"lightbox\">                        <img decoding=\"async\" src=\"https:\/\/www.europesays.com\/de\/wp-content\/uploads\/2025\/08\/Renfield_Galerie_4K_Mediabook_Cover_A.jpg\" alt=\"Renfield_Galerie_4K_Mediabook_Cover_A.jpg\" style=\"vertical-align:middle;width: 149.6px; height: 220px;\"\/>                    <\/a>\n<p>Cover A (666 Exemplare)\t\t\t\t<\/p>\n<\/li>\n<li>\t\t\t\t                    <a href=\"https:\/\/www.europesays.com\/de\/wp-content\/uploads\/2025\/08\/Renfield_Galerie_4K_Mediabook_Cover_B.jpg\" target=\"_blank\" title=\"Cover B (666 Exemplare)\" data-lightbox=\"parse-content-slider\" rel=\"lightbox\">                        <img decoding=\"async\" src=\"https:\/\/www.europesays.com\/de\/wp-content\/uploads\/2025\/08\/Renfield_Galerie_4K_Mediabook_Cover_B.jpg\" alt=\"Renfield_Galerie_4K_Mediabook_Cover_B.jpg\" style=\"vertical-align:middle;width: 149.6px; height: 220px;\"\/>                    <\/a>\n<p>Cover B (666 Exemplare)\t\t\t\t<\/p>\n<\/li>\n<li>\t\t\t\t                    <a href=\"https:\/\/www.europesays.com\/de\/wp-content\/uploads\/2025\/08\/Abigail_Galerie_4K_Mediabook_Cover_A.jpg\" target=\"_blank\" title=\"Cover A (369 Exemplare)\" data-lightbox=\"parse-content-slider\" rel=\"lightbox\">                        <img decoding=\"async\" src=\"https:\/\/www.europesays.com\/de\/wp-content\/uploads\/2025\/08\/Abigail_Galerie_4K_Mediabook_Cover_A.jpg\" alt=\"Abigail_Galerie_4K_Mediabook_Cover_A.jpg\" style=\"vertical-align:middle;width: 149.6px; height: 220px;\"\/>                    <\/a>\n<p>Cover A (369 Exemplare)\t\t\t\t<\/p>\n<\/li>\n<li>\t\t\t\t                    <a href=\"https:\/\/www.europesays.com\/de\/wp-content\/uploads\/2025\/08\/Abigail_Galerie_4K_Mediabook_Cover_B.jpg\" target=\"_blank\" title=\"Cover B (369 Exemplare)\" data-lightbox=\"parse-content-slider\" rel=\"lightbox\">                        <img decoding=\"async\" src=\"https:\/\/www.europesays.com\/de\/wp-content\/uploads\/2025\/08\/Abigail_Galerie_4K_Mediabook_Cover_B.jpg\" alt=\"Abigail_Galerie_4K_Mediabook_Cover_B.jpg\" style=\"vertical-align:middle;width: 149.6px; height: 220px;\"\/>                    <\/a>\n<p>Cover B (369 Exemplare)\t\t\t\t<\/p>\n<\/li>\n<li>\t\t\t\t                    <a href=\"https:\/\/www.europesays.com\/de\/wp-content\/uploads\/2025\/08\/Abigail_Galerie_4K_Mediabook_Cover_C.jpg\" target=\"_blank\" title=\"Cover C (369 Exemplare)\" data-lightbox=\"parse-content-slider\" rel=\"lightbox\">                        <img decoding=\"async\" src=\"https:\/\/www.europesays.com\/de\/wp-content\/uploads\/2025\/08\/Abigail_Galerie_4K_Mediabook_Cover_C.jpg\" alt=\"Abigail_Galerie_4K_Mediabook_Cover_C.jpg\" style=\"vertical-align:middle;width: 149.6px; height: 220px;\"\/>                    <\/a>\n<p>Cover C (369 Exemplare)\t\t\t\t<\/p>\n<\/li>\n<li>\t\t\t\t                    <a href=\"https:\/\/www.europesays.com\/de\/wp-content\/uploads\/2025\/08\/Abigail_Galerie_4K_Mediabook_Cover_D.jpg\" target=\"_blank\" title=\"Cover D (369 Exemplare)\" data-lightbox=\"parse-content-slider\" rel=\"lightbox\">                        <img decoding=\"async\" src=\"https:\/\/www.europesays.com\/de\/wp-content\/uploads\/2025\/08\/Abigail_Galerie_4K_Mediabook_Cover_D.jpg\" alt=\"Abigail_Galerie_4K_Mediabook_Cover_D.jpg\" style=\"vertical-align:middle;width: 149.6px; height: 220px;\"\/>                    <\/a>\n<p>Cover D (369 Exemplare)\t\t\t\t<\/p>\n<\/li>\n<\/ul>\n<p>\t&#13;<br \/>\n&#13;<br \/>\n<b>Ab 28. August 2025 im Turbine Medien Shop erh\u00e4ltlich:<\/b>&#13;<br \/>\n&#13;<br \/>\n<b>Bereits im Kaufhandel verf\u00fcgbar:<\/b><\/p>\n<p><a href=\"https:\/\/bluray-disc.de\/forum\/topic\/224187-turbine-medien-renfield-und-abigail-auf-ultra\/\" rel=\"nofollow noopener\" target=\"_blank\">zum Forum<\/a>\t\t\t<\/p>\n<p>Der Beitrag wurde gemeldet!<\/p>\n<p>\n        5 Bewertung(en) mit \u00f8 2,60 Punkte\n    <\/p>\n<p><a href=\"https:\/\/bluray-disc.de\/out.php?link=https%3A%2F%2Fwww.amazon.de%2Fgp%2Fproduct%2FB0FHK5G9GW%3Fie%3DUTF8%26tag%3Dbluray26-21%26linkCode%3Dxm2%26camp%3D1638%26creative%3D6742%26creativeASIN%3DB0FHK5G9GW&amp;cs=blu-ray-news\" target=\"_blank\" rel=\"nofollow noopener noreferrer\"><img decoding=\"async\" src=\"https:\/\/www.europesays.com\/de\/wp-content\/uploads\/2025\/07\/Night-of-the-Living-Dead-4K-Steelbook-Banner-rechts.jpg\" height=\"395\" width=\"656\" loading=\"lazy\" title=\"NotLD 4K SB\" alt=\"NotLD 4K SB\"\/><\/a><\/p>\n","protected":false},"excerpt":{"rendered":"Werbung \u2013 Durch K\u00e4ufe bei unseren Partnern Amazon, JPC, Saturn, MediaMarkt, Zavvi, Media-Dealer.de uvm. erhalten wir Provisionen \u00fcber&hellip;\n","protected":false},"author":2,"featured_media":290162,"comment_status":"","ping_status":"","sticky":false,"template":"","format":"standard","meta":{"footnotes":""},"categories":[1771],"tags":[1778,29,214,30,95,1777,215],"class_list":{"0":"post-364312","1":"post","2":"type-post","3":"status-publish","4":"format-standard","5":"has-post-thumbnail","7":"category-kino","8":"tag-cinema","9":"tag-deutschland","10":"tag-entertainment","11":"tag-germany","12":"tag-kino","13":"tag-movie","14":"tag-unterhaltung"},"share_on_mastodon":{"url":"https:\/\/pubeurope.com\/@de\/115072245254496635","error":""},"_links":{"self":[{"href":"https:\/\/www.europesays.com\/de\/wp-json\/wp\/v2\/posts\/364312","targetHints":{"allow":["GET"]}}],"collection":[{"href":"https:\/\/www.europesays.com\/de\/wp-json\/wp\/v2\/posts"}],"about":[{"href":"https:\/\/www.europesays.com\/de\/wp-json\/wp\/v2\/types\/post"}],"author":[{"embeddable":true,"href":"https:\/\/www.europesays.com\/de\/wp-json\/wp\/v2\/users\/2"}],"replies":[{"embeddable":true,"href":"https:\/\/www.europesays.com\/de\/wp-json\/wp\/v2\/comments?post=364312"}],"version-history":[{"count":0,"href":"https:\/\/www.europesays.com\/de\/wp-json\/wp\/v2\/posts\/364312\/revisions"}],"wp:featuredmedia":[{"embeddable":true,"href":"https:\/\/www.europesays.com\/de\/wp-json\/wp\/v2\/media\/290162"}],"wp:attachment":[{"href":"https:\/\/www.europesays.com\/de\/wp-json\/wp\/v2\/media?parent=364312"}],"wp:term":[{"taxonomy":"category","embeddable":true,"href":"https:\/\/www.europesays.com\/de\/wp-json\/wp\/v2\/categories?post=364312"},{"taxonomy":"post_tag","embeddable":true,"href":"https:\/\/www.europesays.com\/de\/wp-json\/wp\/v2\/tags?post=364312"}],"curies":[{"name":"wp","href":"https:\/\/api.w.org\/{rel}","templated":true}]}}