{"id":364317,"date":"2025-08-22T11:46:11","date_gmt":"2025-08-22T11:46:11","guid":{"rendered":"https:\/\/www.europesays.com\/de\/364317\/"},"modified":"2025-08-22T11:46:11","modified_gmt":"2025-08-22T11:46:11","slug":"ex-frau-springt-fuer-ihn-ein-stefan-mross-kann-wegen-trauer-um-die-mutter-nicht-moderieren","status":"publish","type":"post","link":"https:\/\/www.europesays.com\/de\/364317\/","title":{"rendered":"Ex-Frau springt f\u00fcr ihn ein: Stefan Mross kann wegen Trauer um die Mutter nicht moderieren"},"content":{"rendered":"<p>                    Ex-Frau springt f\u00fcr ihn ein<br \/>\n                Stefan Mross kann wegen Trauer um die Mutter nicht moderieren<\/p>\n<p>\t\t\t\t              22.08.2025, 12:26 Uhr<\/p>\n<p>\t\t\t\t\t       Artikel anh\u00f6ren<\/p>\n<p>\t\t\t\t\t\t\tDiese Audioversion wurde k\u00fcnstlich generiert. <a href=\"https:\/\/www.n-tv.de\/23249898\" target=\"_blank\" rel=\"noopener\">Mehr Infos<\/a><\/p>\n<p><strong>Stefan Mross muss einen schweren pers\u00f6nlichen Verlust verkraften: Die Mutter des Musikers ist mit 85 Jahren gestorben. Das hat auch Auswirkungen auf die sonnt\u00e4gliche TV-Show, die Mross \u00fcblicherweise moderiert.<\/strong><\/p>\n<p>Schlagerstar Stefan Mross ist wegen des Todes seiner Mutter in Trauer und hat die Moderation der ARD-Sendung &#8222;Immer wieder sonntags&#8220; an diesem Wochenende abgesagt. Das best\u00e4tigte der f\u00fcr die Sendung verantwortliche SWR in Stuttgart.<\/p>\n<p>Stefanie Mross war nach Angaben des Senders am Mittwoch im Alter von 85 Jahren in ihrer Heimat in Oberbayern gestorben. Stefan Mross m\u00f6chte dem SWR zufolge nun &#8222;in schweren Stunden im Kreis seiner Liebsten sein&#8220;.<\/p>\n<p>  <a href=\"https:\/\/www.europesays.com\/de\/wp-content\/uploads\/2025\/08\/imago825632050.jpg\">     <img decoding=\"async\" alt=\"Stefanie Hertel springt f\u00fcr ihren Ex-Mann Stefan Mross ein.\" src=\"https:\/\/www.europesays.com\/de\/wp-content\/uploads\/2025\/08\/imago825632050.jpg\" class=\"lazyload\"\/>  <\/a>  <\/p>\n<p class=\"article__aside__caption\">Stefanie Hertel springt f\u00fcr ihren Ex-Mann Stefan Mross ein.<\/p>\n<p class=\"article__aside__copy\">(Foto: IMAGO\/Bildagentur Monn)<\/p>\n<p>Die Sendung am Sonntag wird Stefanie Hertel, die Ex-Frau von Mross, moderieren, wie der SWR bekanntgab. Hertel war die erste Ehefrau von Stefan Mross. Die beiden waren 17 Jahre ein Paar, f\u00fcnf Jahre davon verheiratet. Im Dezember 2012 lie\u00df sich das Paar scheiden. Ein SWR-Sprecher best\u00e4tigte auf Nachfrage, dass Stefanie Hertel auf ausdr\u00fccklichen Wunsch von Mross die Moderation \u00fcbernehme. Dies sei ein Zeichen des Zusammenhalts gerade in schweren Zeiten. <\/p>\n<p>Unterst\u00fctzt wird Hertel in der Sendung von Schlagers\u00e4ngerin Uta Bresan. Sie moderierte bereits verschiedene TV-Sendungen und war als S\u00e4ngerin in diversen Schlagersendungen zu Gast.<\/p>\n<p>Vorletzte Show vor Staffelende<\/p>\n<p>Stefan Mross moderiert &#8222;Immer wieder sonntags&#8220; im Ersten seit dem Jahr 2005. Die Live-Sendung am Sonntag ist die vorletzte der aktuellen Staffel. Als G\u00e4ste werden unter anderem Hansi Hinterseer, Eloy de Jong und Francine Jordi erwartet.<\/p>\n<p>Das Format versammelt regelm\u00e4\u00dfig ein Millionenpublikum vor den Empfangsger\u00e4ten. In diesem Jahr werden zw\u00f6lf Live-Sendungen von einer Freiluftb\u00fchne im Europa-Park in Rust produziert.<\/p>\n","protected":false},"excerpt":{"rendered":"Ex-Frau springt f\u00fcr ihn ein Stefan Mross kann wegen Trauer um die Mutter nicht moderieren 22.08.2025, 12:26 Uhr&hellip;\n","protected":false},"author":2,"featured_media":364318,"comment_status":"","ping_status":"","sticky":false,"template":"","format":"standard","meta":{"footnotes":""},"categories":[155],"tags":[223,29,214,30,810,811,6630,3259,4448,684,215,14557],"class_list":{"0":"post-364317","1":"post","2":"type-post","3":"status-publish","4":"format-standard","5":"has-post-thumbnail","7":"category-unterhaltung","8":"tag-ard","9":"tag-deutschland","10":"tag-entertainment","11":"tag-germany","12":"tag-musik","13":"tag-promi-paare","14":"tag-schlagermusik","15":"tag-tod","16":"tag-trauer","17":"tag-tv","18":"tag-unterhaltung","19":"tag-volksmusik"},"share_on_mastodon":{"url":"https:\/\/pubeurope.com\/@de\/115072256308657342","error":""},"_links":{"self":[{"href":"https:\/\/www.europesays.com\/de\/wp-json\/wp\/v2\/posts\/364317","targetHints":{"allow":["GET"]}}],"collection":[{"href":"https:\/\/www.europesays.com\/de\/wp-json\/wp\/v2\/posts"}],"about":[{"href":"https:\/\/www.europesays.com\/de\/wp-json\/wp\/v2\/types\/post"}],"author":[{"embeddable":true,"href":"https:\/\/www.europesays.com\/de\/wp-json\/wp\/v2\/users\/2"}],"replies":[{"embeddable":true,"href":"https:\/\/www.europesays.com\/de\/wp-json\/wp\/v2\/comments?post=364317"}],"version-history":[{"count":0,"href":"https:\/\/www.europesays.com\/de\/wp-json\/wp\/v2\/posts\/364317\/revisions"}],"wp:featuredmedia":[{"embeddable":true,"href":"https:\/\/www.europesays.com\/de\/wp-json\/wp\/v2\/media\/364318"}],"wp:attachment":[{"href":"https:\/\/www.europesays.com\/de\/wp-json\/wp\/v2\/media?parent=364317"}],"wp:term":[{"taxonomy":"category","embeddable":true,"href":"https:\/\/www.europesays.com\/de\/wp-json\/wp\/v2\/categories?post=364317"},{"taxonomy":"post_tag","embeddable":true,"href":"https:\/\/www.europesays.com\/de\/wp-json\/wp\/v2\/tags?post=364317"}],"curies":[{"name":"wp","href":"https:\/\/api.w.org\/{rel}","templated":true}]}}