{"id":364346,"date":"2025-08-22T12:01:26","date_gmt":"2025-08-22T12:01:26","guid":{"rendered":"https:\/\/www.europesays.com\/de\/364346\/"},"modified":"2025-08-22T12:01:26","modified_gmt":"2025-08-22T12:01:26","slug":"mannheim-mann-versucht-mit-gefaelschtem-ausweis-drei-haftbefehlen-zu-entgehen-polizeiberichte-aus-rhein-neckar-odenwald","status":"publish","type":"post","link":"https:\/\/www.europesays.com\/de\/364346\/","title":{"rendered":"Mannheim: Mann versucht mit gef\u00e4lschtem Ausweis drei Haftbefehlen zu entgehen &#8211; Polizeiberichte aus Rhein-Neckar-Odenwald"},"content":{"rendered":"<p>Mannheim. (pol\/msc) Ein 37-J\u00e4hriger wurde am Donnerstagabend am Mannheimer Hauptbahnhof von den Beamten der Bundespolizei dabei \u00fcberf\u00fchrt, wie er sich mit einem gef\u00e4lschten Dokument ausweisen wollte. Wie die Polizei mitteilte, sitzt der Mann nun im Gef\u00e4ngnis.<\/p>\n<p>Der Mann versuchte, zwei P\u00e4sse aus dem europ\u00e4ischen Ausland vorzulegen, doch die Beamten erkannten diese als F\u00e4lschung und brachten ihn zur Wache. Dort kl\u00e4rten sie die wahre Identit\u00e4t und stellten fest, dass drei Haftbefehle gegen den 37-J\u00e4hrigen liefen, unter anderem wegen Verst\u00f6\u00dfen gegen das Bet\u00e4ubungsmittelgesetz und wegen Diebstahl.<\/p>\n<p>Mit einer Zahlung von knapp \u00fcber 6000 Euro h\u00e4tte er die Haftstrafe verhindern k\u00f6nnen, diesen Betrag konnte der Mann aber nicht aufbringen. Nun erweitert unter anderem eine Strafanzeige wegen Urkundenf\u00e4lschung sein Strafregister.<\/p>\n","protected":false},"excerpt":{"rendered":"Mannheim. (pol\/msc) Ein 37-J\u00e4hriger wurde am Donnerstagabend am Mannheimer Hauptbahnhof von den Beamten der Bundespolizei dabei \u00fcberf\u00fchrt, wie&hellip;\n","protected":false},"author":2,"featured_media":364347,"comment_status":"","ping_status":"","sticky":false,"template":"","format":"standard","meta":{"footnotes":""},"categories":[1845],"tags":[1634,3364,29,548,663,3934,30,13,2096,14,15,17343,12],"class_list":{"0":"post-364346","1":"post","2":"type-post","3":"status-publish","4":"format-standard","5":"has-post-thumbnail","7":"category-mannheim","8":"tag-baden-wuerttemberg","9":"tag-de","10":"tag-deutschland","11":"tag-eu","12":"tag-europa","13":"tag-europe","14":"tag-germany","15":"tag-headlines","16":"tag-mannheim","17":"tag-nachrichten","18":"tag-news","19":"tag-polizei-blaulicht-heidelberg-mannheim-rhein-neckar-metropolregion-sinsheim-kraichgau-neckarodenwald-odenwald-bauland-heilbronn","20":"tag-schlagzeilen"},"share_on_mastodon":{"url":"https:\/\/pubeurope.com\/@de\/115072315277319665","error":""},"_links":{"self":[{"href":"https:\/\/www.europesays.com\/de\/wp-json\/wp\/v2\/posts\/364346","targetHints":{"allow":["GET"]}}],"collection":[{"href":"https:\/\/www.europesays.com\/de\/wp-json\/wp\/v2\/posts"}],"about":[{"href":"https:\/\/www.europesays.com\/de\/wp-json\/wp\/v2\/types\/post"}],"author":[{"embeddable":true,"href":"https:\/\/www.europesays.com\/de\/wp-json\/wp\/v2\/users\/2"}],"replies":[{"embeddable":true,"href":"https:\/\/www.europesays.com\/de\/wp-json\/wp\/v2\/comments?post=364346"}],"version-history":[{"count":0,"href":"https:\/\/www.europesays.com\/de\/wp-json\/wp\/v2\/posts\/364346\/revisions"}],"wp:featuredmedia":[{"embeddable":true,"href":"https:\/\/www.europesays.com\/de\/wp-json\/wp\/v2\/media\/364347"}],"wp:attachment":[{"href":"https:\/\/www.europesays.com\/de\/wp-json\/wp\/v2\/media?parent=364346"}],"wp:term":[{"taxonomy":"category","embeddable":true,"href":"https:\/\/www.europesays.com\/de\/wp-json\/wp\/v2\/categories?post=364346"},{"taxonomy":"post_tag","embeddable":true,"href":"https:\/\/www.europesays.com\/de\/wp-json\/wp\/v2\/tags?post=364346"}],"curies":[{"name":"wp","href":"https:\/\/api.w.org\/{rel}","templated":true}]}}