{"id":364395,"date":"2025-08-22T12:29:14","date_gmt":"2025-08-22T12:29:14","guid":{"rendered":"https:\/\/www.europesays.com\/de\/364395\/"},"modified":"2025-08-22T12:29:14","modified_gmt":"2025-08-22T12:29:14","slug":"das-waere-ueberraschend-zieht-magdeburg-in-hannover-diesen-joker-sport","status":"publish","type":"post","link":"https:\/\/www.europesays.com\/de\/364395\/","title":{"rendered":"Das w\u00e4re \u00fcberraschend: Zieht Magdeburg in Hannover diesen Joker? | Sport"},"content":{"rendered":"<p><b>Dieses Zweitliga-Duell wird mit Spannung erwartet: Aufstiegskandidat Hannover 96 empf\u00e4ngt am Samstag (13 Uhr, Sky) den <\/b><a href=\"https:\/\/www.bild.de\/sport\/fussball\/1-fc-magdeburg\/startseite-magdeburg-55900784.bild.html\" class=\"text-link\" target=\"_blank\" rel=\"noopener\"><b>1. FC Magdeburg<\/b><\/a><b>. Es ist auch das Duell Ex-Trainer gegen Ex-Team, Christian Titz (54) trifft auf seine ehemaligen Spieler.<\/b><\/p>\n<p>Genau deshalb erwartet <a href=\"https:\/\/www.transfermarkt.de\/markus-fiedler\/profil\/trainer\/20482\" target=\"_blank\" rel=\"noopener\" class=\"text-link--external text-link\">Magdeburgs Neu-Trainer Markus Fiedler (39)<\/a> eine enorm schwierige Aufgabe: \u201eMein Vorg\u00e4nger kennt genau unsere St\u00e4rken und Schw\u00e4chen. Wir m\u00fcssen uns etwas einfallen lassen, um ihn zu \u00fcberraschen.\u201c<\/p>\n<p><img decoding=\"async\" width=\"992\" height=\"1178\" alt=\"Luka Hyryl\u00e4inen trainiert seit Mittwoch beim 1. FC Magdeburg.\" src=\"https:\/\/www.europesays.com\/de\/wp-content\/uploads\/2025\/08\/c3ea20ea6dbcd28ed738f9b7e34897a6,31c44a69\"   class=\"portrait\" loading=\"lazy\"\/><\/p>\n<p class=\"fig__caption__text\">Luka Hyryl\u00e4inen trainiert seit Mittwoch beim 1. FC Magdeburg.<\/p>\n<p>Foto: Ronny Hartmann<\/p>\n<p><b>Eine Spur k\u00f6nnte deshalb zu einem Neuzugang f\u00fchren. Der Hoffenheimer <\/b><a href=\"https:\/\/www.bild.de\/sport\/fussball\/7-zugang-fuer-zweitligist-finnen-star-will-in-magdeburg-durchstarten-68a4b0879886663123aa2ca1\" class=\"text-link\" target=\"_blank\" rel=\"noopener\"><b>Luka Hyryl\u00e4inen<\/b><\/a><b> (20) spielt ab sofort f\u00fcr die Blau-Wei\u00dfen, wechselte in dieser Woche f\u00fcr ein Leihjahr an die Elbe. Er soll das defensive Mittelfeld des FCM verst\u00e4rken.<\/b><\/p>\n<p>Auch schon in Hannover?<\/p>\n<p>Zumindest ist Fiedler voll des Lobes: \u201eIch bin froh, dass wir ihn haben. Er ist ein intelligenter Fu\u00dfballer mit einer enormen Pr\u00e4senz auf dem Platz. Er verf\u00fcgt \u00fcber Allrounder-Qualit\u00e4ten mit und gegen den Ball. Ich beobachte ihn, seitdem er in der U17 in Hoffenheim gespielt hat.\u201c<\/p>\n<p>Mehr zum Thema<\/p>\n<p><b>Nicht ausgeschlossen ist, dass Fiedler seinen j\u00fcngsten Zugang \u00fcberraschend als Joker zieht. <\/b>Daf\u00fcr spricht, dass der Finne, der zuletzt an Zweitliga-Absteiger Ulm ausgeliehen war, am trainingsfreien Tag Sonderschichten in Magdeburg schob.<\/p>\n<p>Fiedler beklagt zudem auch Ausf\u00e4lle. So befinden sich Philipp Hercher und Samuel Loric noch im Aufbautraining. Offen ist auch, ob der zuletzt angeschlagene Alexander Nollenberger wieder in den Kader zur\u00fcckkehrt.<\/p>\n<p>Im normalen Stra\u00dfenverkehr: Formel-1-Flitzer rast \u00fcber die Autobahn!<a href=\"https:\/\/www.bild.de\/sport\/mehr-sport\/im-normalen-strassenverkehr-formel-1-flitzer-rast-ueber-die-autobahn-68a59aeb7e2e0843ffaa4dcf\" class=\"anchor\" target=\"_blank\" rel=\"noopener\"><img decoding=\"async\" width=\"992\" height=\"558\" alt=\"Formel-1-Rennwagen rast \u00fcber die Autobahn\" src=\"https:\/\/www.europesays.com\/de\/wp-content\/uploads\/2025\/08\/620c41e3fcd429fb0f74df2c2d876095,4d52f679\"   class=\"landscape teaser__image\" loading=\"lazy\"\/><\/a><\/p>\n<p>Quelle: YouTube @TrackZone21.08.2025<\/p>\n","protected":false},"excerpt":{"rendered":"Dieses Zweitliga-Duell wird mit Spannung erwartet: Aufstiegskandidat Hannover 96 empf\u00e4ngt am Samstag (13 Uhr, Sky) den 1. FC&hellip;\n","protected":false},"author":2,"featured_media":364396,"comment_status":"","ping_status":"","sticky":false,"template":"","format":"standard","meta":{"footnotes":""},"categories":[1836],"tags":[7973,27367,3364,29,347,30,46,32073,1411,3460,4581,45,784],"class_list":{"0":"post-364395","1":"post","2":"type-post","3":"status-publish","4":"format-standard","5":"has-post-thumbnail","7":"category-hannover","8":"tag-1-fc-magdeburg","9":"tag-christian-titz","10":"tag-de","11":"tag-deutschland","12":"tag-fussball","13":"tag-germany","14":"tag-hannover","15":"tag-magdeburg-regional","16":"tag-niedersachsen","17":"tag-sport-leuchtturm-leipzig","18":"tag-sport-tag-im-ticker","19":"tag-texttospeech","20":"tag-zweite-bundesliga"},"share_on_mastodon":{"url":"https:\/\/pubeurope.com\/@de\/115072425261581285","error":""},"_links":{"self":[{"href":"https:\/\/www.europesays.com\/de\/wp-json\/wp\/v2\/posts\/364395","targetHints":{"allow":["GET"]}}],"collection":[{"href":"https:\/\/www.europesays.com\/de\/wp-json\/wp\/v2\/posts"}],"about":[{"href":"https:\/\/www.europesays.com\/de\/wp-json\/wp\/v2\/types\/post"}],"author":[{"embeddable":true,"href":"https:\/\/www.europesays.com\/de\/wp-json\/wp\/v2\/users\/2"}],"replies":[{"embeddable":true,"href":"https:\/\/www.europesays.com\/de\/wp-json\/wp\/v2\/comments?post=364395"}],"version-history":[{"count":0,"href":"https:\/\/www.europesays.com\/de\/wp-json\/wp\/v2\/posts\/364395\/revisions"}],"wp:featuredmedia":[{"embeddable":true,"href":"https:\/\/www.europesays.com\/de\/wp-json\/wp\/v2\/media\/364396"}],"wp:attachment":[{"href":"https:\/\/www.europesays.com\/de\/wp-json\/wp\/v2\/media?parent=364395"}],"wp:term":[{"taxonomy":"category","embeddable":true,"href":"https:\/\/www.europesays.com\/de\/wp-json\/wp\/v2\/categories?post=364395"},{"taxonomy":"post_tag","embeddable":true,"href":"https:\/\/www.europesays.com\/de\/wp-json\/wp\/v2\/tags?post=364395"}],"curies":[{"name":"wp","href":"https:\/\/api.w.org\/{rel}","templated":true}]}}