{"id":364399,"date":"2025-08-22T12:31:13","date_gmt":"2025-08-22T12:31:13","guid":{"rendered":"https:\/\/www.europesays.com\/de\/364399\/"},"modified":"2025-08-22T12:31:13","modified_gmt":"2025-08-22T12:31:13","slug":"ersatzbusse-wegen-bauarbeiten-auf-gompitzer-hoehe","status":"publish","type":"post","link":"https:\/\/www.europesays.com\/de\/364399\/","title":{"rendered":"Ersatzbusse wegen Bauarbeiten auf Gompitzer H\u00f6he"},"content":{"rendered":"<p>Gompitzer H\u00f6he <\/p>\n<p>Gleisreparatur: Stra\u00dfenbahn-Sperrung ab Montag<\/p>\n<p>Aktualisiert am 22.08.2025 &#8211; 14:23 UhrLesedauer: 2 Min.<\/p>\n<p><a href=\"#focus-0\" class=\"transition-colors duration-200 focus-within:text-magenta block text-current relative\" data-sctrack=\"FocusGalleryImage.Reference\"><img fetchpriority=\"high\" data-testid=\"Opener.Image\" style=\"--lqipURL:url('https:\/\/images.t-online.de\/2024\/05\/fSdoMhNdwvV5\/0x69:4000x2250\/fit-in\/150x0\/filters:blur(25)\/18-122023-deutschland-sachsen-dresden-auf-dem-foto-eine-strassenbahn-der-linie-7-der-dresdner-verkehrsbetriebe-auf-dem-weg-nach-weixdorf-hier-auf-der-koenigsbruecker-strasse-in-der-hoehe-meschwitzstrasse-fotografiert-18-12-2023-germany-saxony-dresden-on-the-photo-a-streetcar-of-line-7-of-the-dresdner-verkehrsbetriebe-on-the-way-to-weixdorf-photographed-here-on-koenigsbruecker-strasse-near-meschwitzstrasse.jpg')\"   loading=\"eager\" src=\"https:\/\/www.europesays.com\/de\/wp-content\/uploads\/2025\/08\/18-122023-deutschland-sachsen-dresden-auf-dem-foto-eine-strassenbahn-der-linie-7-der-dresdner-verkeh.jpeg\" alt=\"Stra\u00dfenbahn der Linie 7 in Dresden (Symbolfoto): In der Nacht zu Sonntag ist in L\u00f6btau eine junge Frau vergewaltigt worden.\" title=\"Stra\u00dfenbahn der Linie 7 in Dresden (Symbolfoto): In der Nacht zu Sonntag ist in L\u00f6btau eine junge Frau vergewaltigt worden.\" width=\"4000\" height=\"2250\" class=\"bg-[url:var(--lqipURL)] bg-cover bg-center flex h-full w-full max-w-full\" decoding=\"async\"\/><img style=\"--width:32;--height:32\" loading=\"lazy\" src=\"https:\/\/www.t-online.de\/s\/paper\/_next\/static\/media\/zoom-in.f7dae02f.svg\" alt=\"Vergr\u00f6\u00dfern des Bildes\" title=\"Vergr\u00f6\u00dfern des Bildes\" class=\"block h-[calc(var(--height)_\/_16_*_1rem)] w-[calc(var(--width)_\/_16_*_1rem)] max-w-none absolute bottom-8 right-8 rounded-4 bg-snow p-8\" decoding=\"async\"\/><\/a><\/p>\n<p>Eine Stra\u00dfenbahn der Linie 7 in Dresden: Wegen Bauarbeiten wird die Tramlinie verk\u00fcrzt. (Quelle: IMAGO\/imago)<\/p>\n<p class=\"font-bold text-18 leading-17\">Ab Montag m\u00fcssen Fahrg\u00e4ste zwischen Gorbitz und Pennrich auf Ersatzbusse umsteigen. Die DVB reparieren besch\u00e4digte Gleise.<\/p>\n<p class=\"text-18 leading-17\">Die Dresdner Verkehrsbetriebe (DVB) f\u00fchren vom 25. bis 29. August 2025 Gleisreparaturen auf der Gompitzer H\u00f6he durch. Wie die DVB mitteilten, wurden an der \u00dcberfahrt kurz vor der Stra\u00dfenbahnhaltestelle Sch\u00e4den festgestellt, die sofort behoben werden m\u00fcssen.<\/p>\n<p class=\"text-18 leading-17\">Die stark beanspruchte Stelle leide unter dem Bremsen der Stra\u00dfenbahnen vor der Haltestelleneinfahrt sowie durch das regelm\u00e4\u00dfige Befahren mit Bussen und Lkw, hie\u00df es. W\u00e4hrend der f\u00fcnft\u00e4gigen Bauarbeiten werden laut den DVB etwa 30 Meter Schienen samt Schwellen, D\u00e4mpfungslagen und Befestigungen ausgetauscht. Anschlie\u00dfend erh\u00e4lt der Bereich eine neue Asphaltdecke.<\/p>\n<p class=\"text-18 leading-17\">F\u00fcr Fahrg\u00e4ste bedeutet dies eine Streckensperrung zwischen Gorbitz und Pennrich. Die Stra\u00dfenbahnlinie 7 f\u00e4hrt in dieser Zeit nur zwischen Weixdorf und dem Betriebshof Gorbitz. Zwischen dem Betriebshof und Pennrich fahren Ersatzbusse (EV 7). Die Abfahrt erfolgt an der Ersatzverkehr-Haltestelle Schlehenstra\u00dfe.<\/p>\n<p class=\"text-18 leading-17\">Zus\u00e4tzlich nutzen die DVB die Bauarbeiten f\u00fcr eine Weichenreparatur in der Gleisschleife Gorbitz am Dienstag, 26. August, von 9 bis 15 Uhr. In diesem Zeitraum wird die Linie 7 weiter verk\u00fcrzt und endet bereits in W\u00f6lfnitz. Auf der Gleistrasse Gorbitz f\u00e4hrt dann nur die Linie 2. In Gorbitz f\u00e4hrt die Bahn nach Kleinzschachwitz vom Bahnsteig Richtung Pennrich ab.<\/p>\n<p class=\"text-18 leading-17\">Auch die Buslinien 70 und 90 sind von den Bauarbeiten betroffen. Sie bedienen w\u00e4hrend der Bauzeit die Haltestelle Gompitzer H\u00f6he an ver\u00e4nderten Positionen: Die Linie 70 h\u00e4lt an der Zufahrt Kesselsdorfer Stra\u00dfe (Steig 6), die Linie 90 an einer Ersatzhaltestelle am Kohlsdorfer Weg gegen\u00fcber dem Einrichtungshaus Jysk.<\/p>\n<p class=\"text-18 leading-17\">Fahrg\u00e4ste zwischen W\u00f6lfnitz und Gompitz k\u00f6nnen alternativ die Buslinien 70 und 333 entlang der Kesselsdorfer Stra\u00dfe nutzen.<\/p>\n","protected":false},"excerpt":{"rendered":"Gompitzer H\u00f6he Gleisreparatur: Stra\u00dfenbahn-Sperrung ab Montag Aktualisiert am 22.08.2025 &#8211; 14:23 UhrLesedauer: 2 Min. Eine Stra\u00dfenbahn der Linie&hellip;\n","protected":false},"author":2,"featured_media":364400,"comment_status":"","ping_status":"","sticky":false,"template":"","format":"standard","meta":{"footnotes":""},"categories":[1835],"tags":[722,17161,3364,29,2386,6600,30,99988,99989,34890,859,4900,56994,99990],"class_list":{"0":"post-364399","1":"post","2":"type-post","3":"status-publish","4":"format-standard","5":"has-post-thumbnail","7":"category-dresden","8":"tag-722","9":"tag-17161","10":"tag-de","11":"tag-deutschland","12":"tag-dresden","13":"tag-ersatzbus","14":"tag-germany","15":"tag-gleisreparatur","16":"tag-gompitzer","17":"tag-gorbitz","18":"tag-sachsen","19":"tag-strassenbahn","20":"tag-tramlinie","21":"tag-woelfnitz"},"share_on_mastodon":{"url":"https:\/\/pubeurope.com\/@de\/115072433201055829","error":""},"_links":{"self":[{"href":"https:\/\/www.europesays.com\/de\/wp-json\/wp\/v2\/posts\/364399","targetHints":{"allow":["GET"]}}],"collection":[{"href":"https:\/\/www.europesays.com\/de\/wp-json\/wp\/v2\/posts"}],"about":[{"href":"https:\/\/www.europesays.com\/de\/wp-json\/wp\/v2\/types\/post"}],"author":[{"embeddable":true,"href":"https:\/\/www.europesays.com\/de\/wp-json\/wp\/v2\/users\/2"}],"replies":[{"embeddable":true,"href":"https:\/\/www.europesays.com\/de\/wp-json\/wp\/v2\/comments?post=364399"}],"version-history":[{"count":0,"href":"https:\/\/www.europesays.com\/de\/wp-json\/wp\/v2\/posts\/364399\/revisions"}],"wp:featuredmedia":[{"embeddable":true,"href":"https:\/\/www.europesays.com\/de\/wp-json\/wp\/v2\/media\/364400"}],"wp:attachment":[{"href":"https:\/\/www.europesays.com\/de\/wp-json\/wp\/v2\/media?parent=364399"}],"wp:term":[{"taxonomy":"category","embeddable":true,"href":"https:\/\/www.europesays.com\/de\/wp-json\/wp\/v2\/categories?post=364399"},{"taxonomy":"post_tag","embeddable":true,"href":"https:\/\/www.europesays.com\/de\/wp-json\/wp\/v2\/tags?post=364399"}],"curies":[{"name":"wp","href":"https:\/\/api.w.org\/{rel}","templated":true}]}}