{"id":364411,"date":"2025-08-22T12:37:12","date_gmt":"2025-08-22T12:37:12","guid":{"rendered":"https:\/\/www.europesays.com\/de\/364411\/"},"modified":"2025-08-22T12:37:12","modified_gmt":"2025-08-22T12:37:12","slug":"fc-st-pauli-startelf-raetsel-wer-macht-den-nemeth-gegen-dortmund-sport","status":"publish","type":"post","link":"https:\/\/www.europesays.com\/de\/364411\/","title":{"rendered":"FC St. Pauli: Startelf-R\u00e4tsel! Wer macht den Nemeth gegen Dortmund? | Sport"},"content":{"rendered":"<p>Erstes Spiel und gleich ein Start-R\u00e4tsel bei St. Pauli.<\/p>\n<p><b>Unter der Woche deutete sich an, dass Innenverteidiger David Nemeth (24), der in der Vorbereitung stark abgeliefert hatte, am Samstag (18.30 Uhr, Sky) beim <\/b><a href=\"https:\/\/www.bild.de\/sport\/fussball\/bundesliga\/bundesliga-startseite-52368768.bild.html\" class=\"text-link\" target=\"_blank\" rel=\"noopener\"><b>Bundesliga<\/b><\/a><b>-Start gegen Dortmund fehlen w\u00fcrde.<\/b><\/p>\n<p>Intern gehen alle davon aus: Welcher Star 2026 zu den Bayern kommen soll<a href=\"https:\/\/www.bild.de\/sport\/fussball\/intern-gehen-alle-davon-aus-welcher-star-2026-zu-den-bayern-kommen-soll-68a752775d3e123a945a6c0e\" class=\"anchor\" target=\"_blank\" rel=\"noopener\"><img decoding=\"async\" width=\"992\" height=\"558\" alt=\"Welcher Star 2026 zu den Bayern kommen soll\" src=\"https:\/\/www.europesays.com\/de\/wp-content\/uploads\/2025\/08\/02df3bc90ae5f314b6fd283106891a8b-landscape,2e6311fb\"   class=\"landscape teaser__image\" loading=\"lazy\"\/><\/a><\/p>\n<p>Quelle: BILD\/DFL21.08.2025<\/p>\n<p>Die Adduktorenprobleme des \u00d6sterreichers sind doch gr\u00f6\u00dfer geworden, ein Einsatz kommt nicht infrage. Jetzt muss Trainer Alexander Blessin (52) eine Alternative finden.<\/p>\n<p>FC St.\u00a0Pauli: Wer macht den Nemeth gegen Dortmund?<\/p>\n<p>Der Coach hat sich bislang nicht final festgelegt, sagt aber: \u201eEs gibt eine klare Tendenz. Es gibt da drei M\u00f6glichkeiten.\u201c Die sind auch offensichtlich. <\/p>\n<p>Zum einen <b>Adam Dzwigala<\/b> (29), der als Defensiv-Allrounder gilt und schon jede Position als Innenverteidiger bekleidete. Zum anderen <b>Lars Ritzka<\/b> (27), der zwar gelernter Linksverteidiger ist, in der letzten Saison aber schon mehrfach erfolgreich als linker Innenverteidiger einsprang.<\/p>\n<p>Auch interessant<\/p>\n<p>Anzeige<\/p>\n<p>Auch interessant<\/p>\n<p>Anzeige<\/p>\n<p>Als dritte M\u00f6glichkeit steht der junge Neuzugang <b>Jannik Robatsch<\/b> (20) bereit. Sein Einsatz gilt aber als am unwahrscheinlichsten, gerade in einem solchen Top-Spiel zum Saisonstart.<\/p>\n<p><b>Blessin zur Qual der Wahl: \u201eOb es jetzt Adam ist, der es, wie ich finde, gerade zum Ende der Vorbereitung richtig gut gemacht hat, auch im Spiel gegen Hellas Verona. Oder eben Lars, der es letztes Jahr in den Situationen immer hervorragend gemacht hat.\u201c<\/b><\/p>\n<p>Und zu Au\u00dfenseiter-Situation von Robatsch: \u201eOder eben Jannik.\u201c Aber: \u201eEr war vor Kurzem krank, kam jetzt wieder dazu.\u201c<\/p>\n<p>Mehr zum Thema<\/p>\n<p><b>Was klar f\u00fcr Ritzka sprechen w\u00fcrde: In den vier Partien, in denen er als Innenverteidiger bei <\/b><a href=\"https:\/\/www.bild.de\/sport\/fussball\/st-pauli\/startseite-pauli-31148670.bild.html\" class=\"text-link\" target=\"_blank\" rel=\"noopener\"><b>St. Pauli<\/b><\/a><b> in der Startelf stand, gab es keine einzige Niederlage. Die Ergebnisse: Siege in Stuttgart (1:0) und gegen Union Berlin (3:0), zwei Remis gegen Gladbach (1:1) und in Frankfurt (2:2).<\/b><\/p>\n<p>Und: Als er in M\u00fcnchen sp\u00e4t als Innenverteidiger eingewechselt wurde, erzielte Ritzka sogar ein Traumtor zum 2:3-Endstand.<\/p>\n<p>Erfolgszahlen, die f\u00fcr Blessin letztlich entscheidend bei der L\u00f6sung seines Start-R\u00e4tsels sein k\u00f6nnten.<\/p>\n","protected":false},"excerpt":{"rendered":"Erstes Spiel und gleich ein Start-R\u00e4tsel bei St. Pauli. Unter der Woche deutete sich an, dass Innenverteidiger David&hellip;\n","protected":false},"author":2,"featured_media":364412,"comment_status":"","ping_status":"","sticky":false,"template":"","format":"standard","meta":{"footnotes":""},"categories":[1833],"tags":[34459,34458,3364,29,217,99994,538,459,30,1209,99993,99995,542],"class_list":{"0":"post-364411","1":"post","2":"type-post","3":"status-publish","4":"format-standard","5":"has-post-thumbnail","7":"category-dortmund","8":"tag-blessin-alexander","9":"tag-bornemann-andreas","10":"tag-de","11":"tag-deutschland","12":"tag-dortmund","13":"tag-dzwigala-adam","14":"tag-erste-bundesliga","15":"tag-fc-st-pauli","16":"tag-germany","17":"tag-nordrhein-westfalen","18":"tag-ritzka-lars","19":"tag-robatsch-jannik","20":"tag-sport-leuchtturm-hamburg"},"share_on_mastodon":{"url":"https:\/\/pubeurope.com\/@de\/115072456823947621","error":""},"_links":{"self":[{"href":"https:\/\/www.europesays.com\/de\/wp-json\/wp\/v2\/posts\/364411","targetHints":{"allow":["GET"]}}],"collection":[{"href":"https:\/\/www.europesays.com\/de\/wp-json\/wp\/v2\/posts"}],"about":[{"href":"https:\/\/www.europesays.com\/de\/wp-json\/wp\/v2\/types\/post"}],"author":[{"embeddable":true,"href":"https:\/\/www.europesays.com\/de\/wp-json\/wp\/v2\/users\/2"}],"replies":[{"embeddable":true,"href":"https:\/\/www.europesays.com\/de\/wp-json\/wp\/v2\/comments?post=364411"}],"version-history":[{"count":0,"href":"https:\/\/www.europesays.com\/de\/wp-json\/wp\/v2\/posts\/364411\/revisions"}],"wp:featuredmedia":[{"embeddable":true,"href":"https:\/\/www.europesays.com\/de\/wp-json\/wp\/v2\/media\/364412"}],"wp:attachment":[{"href":"https:\/\/www.europesays.com\/de\/wp-json\/wp\/v2\/media?parent=364411"}],"wp:term":[{"taxonomy":"category","embeddable":true,"href":"https:\/\/www.europesays.com\/de\/wp-json\/wp\/v2\/categories?post=364411"},{"taxonomy":"post_tag","embeddable":true,"href":"https:\/\/www.europesays.com\/de\/wp-json\/wp\/v2\/tags?post=364411"}],"curies":[{"name":"wp","href":"https:\/\/api.w.org\/{rel}","templated":true}]}}