{"id":364427,"date":"2025-08-22T12:45:18","date_gmt":"2025-08-22T12:45:18","guid":{"rendered":"https:\/\/www.europesays.com\/de\/364427\/"},"modified":"2025-08-22T12:45:18","modified_gmt":"2025-08-22T12:45:18","slug":"wetter-in-frankfurt-dreht-nach-abkuehlung-erneut-2","status":"publish","type":"post","link":"https:\/\/www.europesays.com\/de\/364427\/","title":{"rendered":"Wetter in Frankfurt dreht nach Abk\u00fchlung erneut"},"content":{"rendered":"<ol class=\"id-DonaldBreadcrumb lp_west_breadcrumb id-DonaldBreadcrumb--default\" data-k5a-pos=\"west_breadcrumb\">\n<li class=\"id-Breadcrumb-item\"><a href=\"https:\/\/www.fnp.de\/\" class=\"id-Breadcrumb-link\" data-id-ec=\"{\" shn=\"\" textlink=\"\" data-k5a-pos=\"1_startseite\" rel=\"nofollow noopener\" target=\"_blank\">Startseite<\/a><\/li>\n<li class=\"id-Breadcrumb-item\"><a href=\"https:\/\/www.fnp.de\/frankfurt\/\" class=\"id-Breadcrumb-link\" data-id-ec=\"{\" shn=\"\" textlink=\"\" data-k5a-pos=\"2_frankfurt\" rel=\"nofollow noopener\" target=\"_blank\">Frankfurt<\/a><\/li>\n<\/ol>\n<p class=\"id-Story-timestamp id-Story-timestamp--default\">Stand: 22.08.2025, 12:02 Uhr<\/p>\n<p class=\"id-Story-authors id-Story-authors--default\">Von: <a class=\"id-Story-authors-link lp_west_author\" href=\"https:\/\/www.fnp.de\/autor\/florian-doerr-96motkbb0.html\" title=\"Zur Autorenseite von Florian D&#xF6;rr\" data-id-ec=\"{\" shn=\"\" author-link=\"\" d=\"\" data-k5a-pos=\"west_author\" rel=\"nofollow noopener\" target=\"_blank\">Florian D\u00f6rr<\/a><\/p>\n<p class=\"id-Story-interactionBar id-Story-interactionBar--default\">DruckenTeilen<\/p>\n<p class=\"id-StoryElement-leadText\">Das Wetter in Frankfurt zeigt sich wechselhaft. Nach k\u00fchleren Tagen k\u00f6nnten bald wieder 30 Grad erreicht werden. Regen bleibt jedoch unsicher.<\/p>\n<p class=\"id-StoryElement-paragraph\">Frankfurt \u2013 Das <a href=\"https:\/\/www.merkur.de\/wetter\/\" class=\"id-import-Link id-pageApi-Link--externalDomain\" title=\"Wetter\" data-id-ec=\"{&quot;sht&quot;:&quot;Container&quot;,&quot;shn&quot;:&quot;Story&quot;,&quot;p&quot;:{&quot;containerType&quot;:&quot;Paragraph&quot;,&quot;displayType&quot;:&quot;Paragraph InlineLink&quot;,&quot;type&quot;:&quot;INLINE_LINK&quot;,&quot;value&quot;:&quot;Wetter&quot;,&quot;variant&quot;:&quot;standardLink&quot;,&quot;sponsored&quot;:false,&quot;linkHref&quot;:&quot;https:\/\/www.merkur.de\/wetter\/&quot;,&quot;storyElementPosition&quot;:8,&quot;storyElementCount&quot;:20}}\" rel=\"nofollow noopener\" target=\"_blank\">Wetter<\/a> in <a href=\"https:\/\/www.fr.de\/frankfurt\/\" class=\"id-import-Link id-pageApi-Link--externalDomain\" title=\"Frankfurt\" data-id-ec=\"{&quot;sht&quot;:&quot;Container&quot;,&quot;shn&quot;:&quot;Story&quot;,&quot;p&quot;:{&quot;containerType&quot;:&quot;Paragraph&quot;,&quot;displayType&quot;:&quot;Paragraph InlineLink&quot;,&quot;type&quot;:&quot;INLINE_LINK&quot;,&quot;value&quot;:&quot;Frankfurt&quot;,&quot;variant&quot;:&quot;standardLink&quot;,&quot;sponsored&quot;:false,&quot;linkHref&quot;:&quot;https:\/\/www.fr.de\/frankfurt\/&quot;,&quot;storyElementPosition&quot;:8,&quot;storyElementCount&quot;:20}}\" rel=\"nofollow noopener\" target=\"_blank\">Frankfurt<\/a> und der Region hat nach wochenlangen hohen Temperaturen und endlosem Sonnenschein eine Kehrtwende vollzogen: Die Messwerte klettern in gro\u00dfen Bereichen Hessens mittlerweile nur noch knapp \u00fcber die 20-Grad-Marke. Zudem bestimmen Wolken das Himmelsbild.<\/p>\n<p>Wochenende in Frankfurt deutlich frischer als zuletzt<\/p>\n<p class=\"id-StoryElement-paragraph\">F\u00fcr Freitag (22. August) gibt der Deutsche Wetterdienst (DWD) mit Blick auf <a href=\"https:\/\/www.fr.de\/hessen\/\" class=\"id-import-Link id-pageApi-Link--externalDomain\" title=\"Hessen\" data-id-ec=\"{&quot;sht&quot;:&quot;Container&quot;,&quot;shn&quot;:&quot;Story&quot;,&quot;p&quot;:{&quot;containerType&quot;:&quot;Paragraph&quot;,&quot;displayType&quot;:&quot;Paragraph InlineLink&quot;,&quot;type&quot;:&quot;INLINE_LINK&quot;,&quot;value&quot;:&quot;Hessen&quot;,&quot;variant&quot;:&quot;standardLink&quot;,&quot;sponsored&quot;:false,&quot;linkHref&quot;:&quot;https:\/\/www.fr.de\/hessen\/&quot;,&quot;storyElementPosition&quot;:11,&quot;storyElementCount&quot;:20}}\" rel=\"nofollow noopener\" target=\"_blank\">Hessen<\/a> bekannt: \u201eH\u00f6chsttemperaturen zwischen 19 und 23 Grad, auf der Wasserkuppe um 15 Grad. Schwacher bis m\u00e4\u00dfiger Wind aus Nordwest. In der Nacht zum Samstag stark bew\u00f6lkt bis bedeckt, in der zweiten Nachth\u00e4lfte teils leichter Regen oder Spr\u00fchregen.\u201c Ob auch in Frankfurt die seit langem andauernde Trockenheit beendet wird, ist derzeit noch offen.<\/p>\n<p class=\"id-StoryElement-paragraph\">In weiteren Gebieten Deutschlands sah die Situation k\u00fcrzlich bereits anders aus: \u201eW\u00e4hrend im \u00e4u\u00dfersten S\u00fcden von <a href=\"https:\/\/www.bw24.de\/baden-wuerttemberg\/\" class=\"id-import-Link id-pageApi-Link--externalDomain\" title=\"Baden-W&#xFC;rttemberg\" data-id-ec=\"{&quot;sht&quot;:&quot;Container&quot;,&quot;shn&quot;:&quot;Story&quot;,&quot;p&quot;:{&quot;containerType&quot;:&quot;Paragraph&quot;,&quot;displayType&quot;:&quot;Paragraph InlineLink&quot;,&quot;type&quot;:&quot;INLINE_LINK&quot;,&quot;value&quot;:&quot;Baden-W&#xFC;rttemberg&quot;,&quot;variant&quot;:&quot;standardLink&quot;,&quot;sponsored&quot;:false,&quot;linkHref&quot;:&quot;https:\/\/www.bw24.de\/baden-wuerttemberg\/&quot;,&quot;storyElementPosition&quot;:13,&quot;storyElementCount&quot;:20}}\" rel=\"nofollow noopener\" target=\"_blank\">Baden-W\u00fcrttemberg<\/a> und <a href=\"https:\/\/www.merkur.de\/bayern\/\" class=\"id-import-Link id-pageApi-Link--externalDomain\" title=\"Bayern\" data-id-ec=\"{&quot;sht&quot;:&quot;Container&quot;,&quot;shn&quot;:&quot;Story&quot;,&quot;p&quot;:{&quot;containerType&quot;:&quot;Paragraph&quot;,&quot;displayType&quot;:&quot;Paragraph InlineLink&quot;,&quot;type&quot;:&quot;INLINE_LINK&quot;,&quot;value&quot;:&quot;Bayern&quot;,&quot;variant&quot;:&quot;standardLink&quot;,&quot;sponsored&quot;:false,&quot;linkHref&quot;:&quot;https:\/\/www.merkur.de\/bayern\/&quot;,&quot;storyElementPosition&quot;:13,&quot;storyElementCount&quot;:20}}\" rel=\"nofollow noopener\" target=\"_blank\">Bayern<\/a> die Wolken wahre Wassermassen aussch\u00fctteten, blieb der Rest Deutschlands praktisch trocken\u201c, erkl\u00e4rt Meteorologe Dominik Jung.<\/p>\n<p><img decoding=\"async\" class=\"id-RatioPlaceholder-element wv_story_el_image\" src=\"https:\/\/www.europesays.com\/de\/wp-content\/uploads\/2025\/05\/1747766890_629_38292056-div-18-05-2025-hessen-frankfurt-main-die-sonne-geht-ueber-der-mainmetropole-auf-foto-andrea.jpeg\" loading=\"lazy\"   height=\"619\" width=\"1100\" alt=\"18.05.2025, Hessen, Frankfurt\/Main: Die Sonne geht &#xFC;ber der Mainmetropole auf. Foto: Andreas Arnold\/dpa +++ dpa-Bildfunk +++\"\/>In Frankfurt hat sich das Wetter nach vielen hei\u00dfen Sonnentagen gedreht. (Archiv) \u00a9\u00a0Andreas Arnold\/dpa<\/p>\n<p class=\"id-StoryElement-paragraph\">Verst\u00e4rkt bew\u00f6lkt und frischer als in den vergangenen Tagen pr\u00e4sentiert sich die Witterung in Frankfurt und der Rhein-Main-Region auch am Wochenende. Nach Angaben des DWD klettern die Werte am Samstag (23. August) lediglich auf h\u00f6chstens 22 Grad in Hessen. Vergleichbar stellt sich die Lage am Sonntag (24. August) dar. Jedoch: Mit ergiebigen Niederschl\u00e4gen ist vermutlich noch nicht zu rechnen.<\/p>\n<p>R\u00fcckkehr des Regens in Frankfurt m\u00f6glich \u2013 Temperaturen steigen wieder<\/p>\n<p class=\"id-StoryElement-paragraph\">Zur Wochenmitte k\u00f6nnte sich die Witterungslage allerdings erheblich wandeln: Der 10-Tages-Ausblick f\u00fcr Hessen beim DWD weist von Mittwoch (27. August) bis mindestens Samstag (30. August) erneut einen merklichen Temperaturanstieg auf. Selbst die 30-Grad-Schwelle k\u00f6nnte wieder \u00fcberschritten werden.<\/p>\n<p class=\"id-StoryElement-paragraph\">Experte Jung spricht sogar davon, dass ein \u201emarkanter Umschwung\u201c beim Wetter bevorsteht. Etwas ungewisser erscheinen die Prognosen noch bez\u00fcglich der Niederschl\u00e4ge. Trotzdem weist die Vorhersage des DWD, die allerdings noch mit verschiedenen Unw\u00e4gbarkeiten behaftet ist, ab der Wochenmitte einen deutlichen Anstieg bei den erwarteten Niederschlagsmengen auf. Denkbar ist somit, dass die Trockenperiode in Frankfurt binnen weniger Tage ihr Ende findet.<\/p>\n","protected":false},"excerpt":{"rendered":"Startseite Frankfurt Stand: 22.08.2025, 12:02 Uhr Von: Florian D\u00f6rr DruckenTeilen Das Wetter in Frankfurt zeigt sich wechselhaft. Nach&hellip;\n","protected":false},"author":2,"featured_media":364428,"comment_status":"","ping_status":"","sticky":false,"template":"","format":"standard","meta":{"footnotes":""},"categories":[1829],"tags":[29,2050,2051,30,2052],"class_list":{"0":"post-364427","1":"post","2":"type-post","3":"status-publish","4":"format-standard","5":"has-post-thumbnail","7":"category-frankfurt-am-main","8":"tag-deutschland","9":"tag-frankfurt","10":"tag-frankfurt-am-main","11":"tag-germany","12":"tag-hessen"},"share_on_mastodon":{"url":"https:\/\/pubeurope.com\/@de\/115072488292100245","error":""},"_links":{"self":[{"href":"https:\/\/www.europesays.com\/de\/wp-json\/wp\/v2\/posts\/364427","targetHints":{"allow":["GET"]}}],"collection":[{"href":"https:\/\/www.europesays.com\/de\/wp-json\/wp\/v2\/posts"}],"about":[{"href":"https:\/\/www.europesays.com\/de\/wp-json\/wp\/v2\/types\/post"}],"author":[{"embeddable":true,"href":"https:\/\/www.europesays.com\/de\/wp-json\/wp\/v2\/users\/2"}],"replies":[{"embeddable":true,"href":"https:\/\/www.europesays.com\/de\/wp-json\/wp\/v2\/comments?post=364427"}],"version-history":[{"count":0,"href":"https:\/\/www.europesays.com\/de\/wp-json\/wp\/v2\/posts\/364427\/revisions"}],"wp:featuredmedia":[{"embeddable":true,"href":"https:\/\/www.europesays.com\/de\/wp-json\/wp\/v2\/media\/364428"}],"wp:attachment":[{"href":"https:\/\/www.europesays.com\/de\/wp-json\/wp\/v2\/media?parent=364427"}],"wp:term":[{"taxonomy":"category","embeddable":true,"href":"https:\/\/www.europesays.com\/de\/wp-json\/wp\/v2\/categories?post=364427"},{"taxonomy":"post_tag","embeddable":true,"href":"https:\/\/www.europesays.com\/de\/wp-json\/wp\/v2\/tags?post=364427"}],"curies":[{"name":"wp","href":"https:\/\/api.w.org\/{rel}","templated":true}]}}