{"id":364465,"date":"2025-08-22T13:05:10","date_gmt":"2025-08-22T13:05:10","guid":{"rendered":"https:\/\/www.europesays.com\/de\/364465\/"},"modified":"2025-08-22T13:05:10","modified_gmt":"2025-08-22T13:05:10","slug":"balaton-fp1-marc-marquez-1-aprilia-mit-problemen-motogp","status":"publish","type":"post","link":"https:\/\/www.europesays.com\/de\/364465\/","title":{"rendered":"Balaton, FP1: Marc Marquez 1. \u2013 Aprilia mit Problemen \/ MotoGP"},"content":{"rendered":"<p>\n        Im FP1 der MotoGP-Klasse in Ungarn fuhr Marc Marquez die \u00fcberlegene Bestzeit. Pol Espargaro wurde Zweiter. Die Aprilia-Piloten Jorge Martin und Raul Fernandez hatten Motorsch\u00e4den, Morbidelli st\u00fcrzte zweimal.\n    <\/p>\n<p>Am Freitagmittag fand auf dem Balaton Park Circuit das 45-min\u00fctige FP1 der MotoGP-Klasse statt. Es war die Premiere der K\u00f6nigsklasse auf der neuen Strecke am Plattensee.<\/p>\n<p>LCR-Honda ist in Ungarn nur mit Johann Zarco am Start. Aufgrund eines Fahrradunfalls kann Testfahrer Aleix Espargaro, der als Ersatz f\u00fcr den verletzten Somkiat Chantra einspringen h\u00e4tte sollen, nicht auf die RC213V steigen \u2013 das teilte das Team am Donnerstag vor dem Rennwochenende mit.<\/p>\n<p>Bei KTM fehlt Maverick Vinales. Er kuriert weiterhin seine Schulterverletzung, die er sich bei einem Crash auf dem Sachsenring zugezogen hatte, aus. F\u00fcr ihn greift in Ungarn Testfahrer Pol Espargaro an die Stummel der RC16.<\/p>\n<p>Beim FP1 betrug die Lufttemperatur \u00fcber der 4,075 km langen Strecke 21 Grad Celsius, der Himmel war bew\u00f6lkt. Da die MotoGP 2025 ihr Deb\u00fct auf dem Balaton Park Circuit hat, gibt es noch keine Referenzzeiten. Ende Juli gastierte die Superbike-WM auf der neuen Piste \u2013 damals erzielte Toprak Razgatlioglu im Qualifying mit seiner BMW den Rundenrekord. Die Uhr blieb bei 1:38,357 min stehen.<\/p>\n<p>Als die Ampel um 10.45 Uhr auf gr\u00fcn schaltete, gingen die Fahrer sofort auf die Strecke. F\u00fcr die erste Bestzeit sorgte Honda-Werksfahrer Luca Marini mit 1:42,641 min.<\/p>\n<p>Eine Runde sp\u00e4ter hatten die MotoGP-Piloten mehr Vertrauen gefunden, Fabio Di Giannantonio (VR46 Ducati) umrundete die enge Piste in 1:41,142 min.<\/p>\n<p>Nach sieben Minuten setzte sich \u00abDiggia\u00bb mit 1:40,125 min erneut an die Spitze. Im n\u00e4chsten Umlauf steigerte sich der Italiener auf 1:39,724 min.<\/p>\n<p>Die Top-5 nach zehn Minuten: Fabio Di Giannantonio (1:39,724 min), Fermin Aldeguer, Marc Marquez, Pedro Acosta und Fabio Quartararo.<\/p>\n<p>Kurz danach fuhr WM-Leader Marc Marquez mit 1:39,238 min eine neue Bestzeit. Jorge Martin musste seine Aprilia im Kiesbett abstellen \u2013 in der letzten Kurve ging der Motor der RS-GP in Rauch auf. Es war somit f\u00fcr Martin kein guter Start in das Rennwochenende in Ungarn.<\/p>\n<p>Danach setzte sich Di Giannantonio (1:39,156 min) wieder an die Spitze. Er hatte, wie alle anderen Ducati-Piloten, in der Sommerpause eine Trainingseinheit auf der Piste am Plattensee mit der Panigale V4 S absolviert.<\/p>\n<p>Nach 15 Minuten ging dann auch die Trackhouse-Aprilia von Raul Fernandez vor Kurve 5 in Rauch auf. Der Hersteller aus Noale muss sich zu Beginn des Ungarn-GP mit gr\u00f6\u00dferen technischen Problemen auseinandersetzen. Danach wurde die rote Flagge geschwenkt, die Session unterbrochen, da sich auf der Strecke \u00d6l befand.<\/p>\n<p>Die Top-5 nach 15 Minuten: Di Giannantonio, Marc Marquez, Aldeguer, Morbidelli und Bastianini. Pecco Bagnaia war zu diesem Zeitpunkt an der 14. Position zu finden.<\/p>\n<p>15 Minuten sp\u00e4ter wurde die Session fortgesetzt.<\/p>\n<p>24 Minuten vor dem Ende hatte Morbidelli einen Crash in Kurve 1 \u2013 er blieb unverletzt. Kurz danach setzte sich Marc Marquez mit 1:38,908 min an die Spitze.<\/p>\n<p>Die Reihenfolge zur H\u00e4lfte der Session: Marc Marquez, Di Giannantonio, Marini, Miller und Acosta.<\/p>\n<p>20 Minuten vor Schluss fuhr Pedro Acosta mit 1:38,802 min eine neue Bestzeit. Zwei Minuten sp\u00e4ter konterte MM93 \u2013 1:38,239 min war nun die neue Richtmarke. Danach schraubte der achtfache Weltmeister seine Bestzeit auf 1:38,122 min hinunter. KTM-Testfahrer Pol Espargaro preschte auf Platz 2 vor, Marco Bezzecchi fuhr die drittschnellste Zeit.<\/p>\n<p>15 Minuten vor dem Ende der Session hatte Morbidelli seinen zweiten Crash.<\/p>\n<p>Die Top-5 f\u00fcnf Minuten vor Schluss: Marc Marquez (1:38,122 min), Luca Marini, Pol Espargaro, Bezzecchi und Acosta.<\/p>\n<p>Kurz danach fuhr Acosta die zweitschnellste Zeit, Marc Marquez verbesserte seine Bestzeit auf 1:37,956 min. Alex Marquez setzte sich an die vierte Stelle.<\/p>\n<p>Im letzten Moment fuhr Pol Espargaro mit 1:38,233 min die zweitschnellste Zeit. Jack Miller st\u00fcrzte in Kurve 12 \u00fcber das Vorderrad.<\/p>\n<p>An die Bestzeit von Marc Marquez kam niemand mehr heran. Teamkollege Pecco Bagnaia war mit 1,383 sec R\u00fcckstand auf Platz 15 zu finden.<\/p>\n<p>Pol Espargaro und Pedro Acosta sorgten mit den R\u00e4ngen 2 und 3 f\u00fcr ein gutes KTM-Ergebnis.<\/p>\n<p>Bester Honda-Pilot war Luca Marini auf Rang 4. Marco Bezzecchi (Aprilia) wurde Sechster. Jorge Martin beendete das FP1 auf Rang 10, bester Yamaha-Fahrer war Fabio Quartararo \u2013 er wurde Elfter.<\/p>\n<p>  Ergebnisse MotoGP Balaton Park, FP1 (22. August):  <\/p>\n<p>1. Marc Marquez (E), Ducati, 1:37,956 min<br \/>2. Pol Espargaro (E), KTM, +0,277 sec <br \/>3. Pedro Acosta (E), KTM, +0,681<br \/>4. Luca Marini (I), Honda, +0,704<br \/>5. Alex Marquez (E), Ducati, +0,727<br \/>6. Marco Bezzecchi (I), Aprilia, +0,775<br \/>7. Franco Morbidelli (I), Ducati, +0,838<br \/>8. Enea Bastianini (I), KTM, +0,892<br \/>9. Fermin Aldeguer (E), Ducati, +0,892<br \/>10. Jorge Martin (E), Aprilia, +1,039<br \/>11. Fabio Quartararo (F), Yamaha, +1,057<br \/>12. Fabio Di Giannantonio (I), Ducati, +1,136<br \/>13. Jack Miller (AUS), Yamaha, +1,292<br \/>14. Johann Zarco (F), Honda, +1,350<br \/>15. Francesco Bagnaia (I), Ducati, +1,383<br \/>16. Raul Fernandez (E), Aprilia, +1,453<br \/>17. Ai Ogura (J), Aprilia, + 1,625<br \/>18. Miguel Oliveira (P), Yamaha, +1,668<br \/>19. Joan Mir (E), Honda, +1,714<br \/>20. Alex Rins (E), Yamaha, +1,931<br \/>21. Brad Binder (ZA), KTM, +2,210<\/p>\n","protected":false},"excerpt":{"rendered":"Im FP1 der MotoGP-Klasse in Ungarn fuhr Marc Marquez die \u00fcberlegene Bestzeit. Pol Espargaro wurde Zweiter. Die Aprilia-Piloten&hellip;\n","protected":false},"author":2,"featured_media":364466,"comment_status":"","ping_status":"","sticky":false,"template":"","format":"standard","meta":{"footnotes":""},"categories":[136],"tags":[268,29,274,30,272,269,271,266,270,267,265,275,273],"class_list":{"0":"post-364465","1":"post","2":"type-post","3":"status-publish","4":"format-standard","5":"has-post-thumbnail","7":"category-sport","8":"tag-bradl","9":"tag-deutschland","10":"tag-ducati","11":"tag-germany","12":"tag-honda","13":"tag-lorenzo","14":"tag-marquez","15":"tag-motogp","16":"tag-pedrosa","17":"tag-rossi","18":"tag-sport","19":"tag-suzuki","20":"tag-yamaha"},"share_on_mastodon":{"url":"https:\/\/pubeurope.com\/@de\/115072566892025088","error":""},"_links":{"self":[{"href":"https:\/\/www.europesays.com\/de\/wp-json\/wp\/v2\/posts\/364465","targetHints":{"allow":["GET"]}}],"collection":[{"href":"https:\/\/www.europesays.com\/de\/wp-json\/wp\/v2\/posts"}],"about":[{"href":"https:\/\/www.europesays.com\/de\/wp-json\/wp\/v2\/types\/post"}],"author":[{"embeddable":true,"href":"https:\/\/www.europesays.com\/de\/wp-json\/wp\/v2\/users\/2"}],"replies":[{"embeddable":true,"href":"https:\/\/www.europesays.com\/de\/wp-json\/wp\/v2\/comments?post=364465"}],"version-history":[{"count":0,"href":"https:\/\/www.europesays.com\/de\/wp-json\/wp\/v2\/posts\/364465\/revisions"}],"wp:featuredmedia":[{"embeddable":true,"href":"https:\/\/www.europesays.com\/de\/wp-json\/wp\/v2\/media\/364466"}],"wp:attachment":[{"href":"https:\/\/www.europesays.com\/de\/wp-json\/wp\/v2\/media?parent=364465"}],"wp:term":[{"taxonomy":"category","embeddable":true,"href":"https:\/\/www.europesays.com\/de\/wp-json\/wp\/v2\/categories?post=364465"},{"taxonomy":"post_tag","embeddable":true,"href":"https:\/\/www.europesays.com\/de\/wp-json\/wp\/v2\/tags?post=364465"}],"curies":[{"name":"wp","href":"https:\/\/api.w.org\/{rel}","templated":true}]}}